{"id":761,"date":"2023-05-17T09:38:21","date_gmt":"2023-05-17T08:38:21","guid":{"rendered":"https:\/\/blogsaverroes.juntadeandalucia.es\/sep-montoro\/?p=761"},"modified":"2023-05-17T09:38:21","modified_gmt":"2023-05-17T08:38:21","slug":"excursion-a-canete-de-las-torres","status":"publish","type":"post","link":"https:\/\/blogsaverroes.juntadeandalucia.es\/sep-montoro\/excursion-a-canete-de-las-torres\/","title":{"rendered":"EXCURSI\u00d3N A CA\u00d1ETE DE LAS TORRES"},"content":{"rendered":"<p>El pasado 4 de mayo nos fuimos de excursi\u00f3n a Ca\u00f1ete de las Torres. Una localidad con mucho encanto en la que pudimos disfrutar de sus coloridas calles llenas de flores y la amabilidad de sus habitantes que nos recibieron con los brazos abiertos.&nbsp;<\/p>\n<p>Adem\u00e1s del centro de adultos de Montoro, tambi\u00e9n compartimos este d\u00eda con el resto de centros pertenecientes al CEPER Fuensanta, por lo que tuvimos un d\u00eda de convivencia extraordinario que comenz\u00f3 con un desayuno. Tras el desayuno, una gu\u00eda tur\u00edstica nos hizo una ruta por el pueblo y despu\u00e9s almorzamos. Finalmente, hicimos un concurso de carteles y escuchamos m\u00fasica para bailar e incluso cantar karaoke.<\/p>\n<p>\u00a1Lo pasamos genial!&nbsp;<\/p>\n<p>&nbsp;<\/p>\n<p><img loading=\"lazy\" decoding=\"async\" class=\"alignnone size-medium wp-image-762\" src=\"https:\/\/blogsaverroes.juntadeandalucia.es\/sep-montoro\/files\/2023\/05\/1684311791114-225x300.jpg\" alt=\"\" width=\"225\" height=\"300\" srcset=\"https:\/\/blogsaverroes.juntadeandalucia.es\/sep-montoro\/files\/2023\/05\/1684311791114-225x300.jpg 225w, https:\/\/blogsaverroes.juntadeandalucia.es\/sep-montoro\/files\/2023\/05\/1684311791114-768x1024.jpg 768w, https:\/\/blogsaverroes.juntadeandalucia.es\/sep-montoro\/files\/2023\/05\/1684311791114-1152x1536.jpg 1152w, https:\/\/blogsaverroes.juntadeandalucia.es\/sep-montoro\/files\/2023\/05\/1684311791114-1536x2048.jpg 1536w, https:\/\/blogsaverroes.juntadeandalucia.es\/sep-montoro\/files\/2023\/05\/1684311791114-scaled.jpg 1920w\" sizes=\"(max-width: 225px) 100vw, 225px\" \/> <img loading=\"lazy\" decoding=\"async\" class=\"alignnone size-medium wp-image-763\" src=\"https:\/\/blogsaverroes.juntadeandalucia.es\/sep-montoro\/files\/2023\/05\/1684311791123-225x300.jpg\" alt=\"\" width=\"225\" height=\"300\" srcset=\"https:\/\/blogsaverroes.juntadeandalucia.es\/sep-montoro\/files\/2023\/05\/1684311791123-225x300.jpg 225w, https:\/\/blogsaverroes.juntadeandalucia.es\/sep-montoro\/files\/2023\/05\/1684311791123-768x1024.jpg 768w, https:\/\/blogsaverroes.juntadeandalucia.es\/sep-montoro\/files\/2023\/05\/1684311791123-1152x1536.jpg 1152w, https:\/\/blogsaverroes.juntadeandalucia.es\/sep-montoro\/files\/2023\/05\/1684311791123-1536x2048.jpg 1536w, https:\/\/blogsaverroes.juntadeandalucia.es\/sep-montoro\/files\/2023\/05\/1684311791123-scaled.jpg 1920w\" sizes=\"(max-width: 225px) 100vw, 225px\" \/><\/p>\n","protected":false},"excerpt":{"rendered":"<p>El pasado 4 de mayo nos fuimos de excursi\u00f3n a Ca\u00f1ete de las Torres. Una localidad con mucho encanto en la que pudimos disfrutar de sus coloridas calles llenas de flores y la amabilidad&#46;&#46;&#46;<\/p>\n","protected":false},"author":17234,"featured_media":0,"comment_status":"closed","ping_status":"open","sticky":false,"template":"","format":"standard","meta":{"ngg_post_thumbnail":0,"footnotes":""},"categories":[1],"tags":[9],"aioseo_notices":[],"_links":{"self":[{"href":"https:\/\/blogsaverroes.juntadeandalucia.es\/sep-montoro\/wp-json\/wp\/v2\/posts\/761"}],"collection":[{"href":"https:\/\/blogsaverroes.juntadeandalucia.es\/sep-montoro\/wp-json\/wp\/v2\/posts"}],"about":[{"href":"https:\/\/blogsaverroes.juntadeandalucia.es\/sep-montoro\/wp-json\/wp\/v2\/types\/post"}],"author":[{"embeddable":true,"href":"https:\/\/blogsaverroes.juntadeandalucia.es\/sep-montoro\/wp-json\/wp\/v2\/users\/17234"}],"replies":[{"embeddable":true,"href":"https:\/\/blogsaverroes.juntadeandalucia.es\/sep-montoro\/wp-json\/wp\/v2\/comments?post=761"}],"version-history":[{"count":1,"href":"https:\/\/blogsaverroes.juntadeandalucia.es\/sep-montoro\/wp-json\/wp\/v2\/posts\/761\/revisions"}],"predecessor-version":[{"id":764,"href":"https:\/\/blogsaverroes.juntadeandalucia.es\/sep-montoro\/wp-json\/wp\/v2\/posts\/761\/revisions\/764"}],"wp:attachment":[{"href":"https:\/\/blogsaverroes.juntadeandalucia.es\/sep-montoro\/wp-json\/wp\/v2\/media?parent=761"}],"wp:term":[{"taxonomy":"category","embeddable":true,"href":"https:\/\/blogsaverroes.juntadeandalucia.es\/sep-montoro\/wp-json\/wp\/v2\/categories?post=761"},{"taxonomy":"post_tag","embeddable":true,"href":"https:\/\/blogsaverroes.juntadeandalucia.es\/sep-montoro\/wp-json\/wp\/v2\/tags?post=761"}],"curies":[{"name":"wp","href":"https:\/\/api.w.org\/{rel}","templated":true}]}}