{"id":811,"date":"2023-05-17T09:22:36","date_gmt":"2023-05-17T08:22:36","guid":{"rendered":"https:\/\/blogsaverroes.juntadeandalucia.es\/seplacandelaria\/?p=811"},"modified":"2023-06-28T10:29:20","modified_gmt":"2023-06-28T09:29:20","slug":"encuentro-ceper-fuensanta","status":"publish","type":"post","link":"https:\/\/blogsaverroes.juntadeandalucia.es\/seplacandelaria\/encuentro-ceper-fuensanta\/","title":{"rendered":"Encuentro CEPER Fuensanta"},"content":{"rendered":"<p>El pasado 4 de Mayo nuestro centro particip\u00f3 en el encuentro que el CEPER Fuensanta celebr\u00f3 en Ca\u00f1ete de la Torres. Los alumnos de Adamuz y Algallar\u00edn lo pasaron genial en un d\u00eda de convivencia con alumnado de&nbsp; centros de los alrededores.<\/p>\n<p>Despu\u00e9s de un fabuloso desayuno (invitaci\u00f3n del ayuntamiento), pudimos visitar distintos lugares de la localidad y admirar muchos trabajos florales llenos de encanto.<\/p>\n<p>La jornada termin\u00f3 con una estupenda comida y hasta con baile. Estamos deseando que llegue el a\u00f1o que viene para poder vernos de nuevo.<\/p>\n<p><img loading=\"lazy\" decoding=\"async\" class=\"alignnone size-medium wp-image-793\" src=\"https:\/\/blogsaverroes.juntadeandalucia.es\/seplacandelaria\/files\/2023\/05\/Ca\u00f1ete-300x253.jpg\" alt=\"\" width=\"300\" height=\"253\" srcset=\"https:\/\/blogsaverroes.juntadeandalucia.es\/seplacandelaria\/files\/2023\/05\/Ca\u00f1ete-300x253.jpg 300w, https:\/\/blogsaverroes.juntadeandalucia.es\/seplacandelaria\/files\/2023\/05\/Ca\u00f1ete-1024x863.jpg 1024w, https:\/\/blogsaverroes.juntadeandalucia.es\/seplacandelaria\/files\/2023\/05\/Ca\u00f1ete-768x647.jpg 768w, https:\/\/blogsaverroes.juntadeandalucia.es\/seplacandelaria\/files\/2023\/05\/Ca\u00f1ete.jpg 1125w\" sizes=\"(max-width: 300px) 100vw, 300px\" \/><img loading=\"lazy\" decoding=\"async\" class=\"alignnone size-medium wp-image-792\" src=\"https:\/\/blogsaverroes.juntadeandalucia.es\/seplacandelaria\/files\/2023\/05\/Ca\u00f1ete-3-300x225.jpg\" alt=\"\" width=\"300\" height=\"225\" srcset=\"https:\/\/blogsaverroes.juntadeandalucia.es\/seplacandelaria\/files\/2023\/05\/Ca\u00f1ete-3-300x225.jpg 300w, https:\/\/blogsaverroes.juntadeandalucia.es\/seplacandelaria\/files\/2023\/05\/Ca\u00f1ete-3-1024x768.jpg 1024w, https:\/\/blogsaverroes.juntadeandalucia.es\/seplacandelaria\/files\/2023\/05\/Ca\u00f1ete-3-768x576.jpg 768w, https:\/\/blogsaverroes.juntadeandalucia.es\/seplacandelaria\/files\/2023\/05\/Ca\u00f1ete-3-1536x1152.jpg 1536w, https:\/\/blogsaverroes.juntadeandalucia.es\/seplacandelaria\/files\/2023\/05\/Ca\u00f1ete-3-2048x1536.jpg 2048w\" sizes=\"(max-width: 300px) 100vw, 300px\" \/><img loading=\"lazy\" decoding=\"async\" class=\"alignnone size-medium wp-image-791\" src=\"https:\/\/blogsaverroes.juntadeandalucia.es\/seplacandelaria\/files\/2023\/05\/Ca\u00f1ete-2-300x225.jpg\" alt=\"\" width=\"300\" height=\"225\" srcset=\"https:\/\/blogsaverroes.juntadeandalucia.es\/seplacandelaria\/files\/2023\/05\/Ca\u00f1ete-2-300x225.jpg 300w, https:\/\/blogsaverroes.juntadeandalucia.es\/seplacandelaria\/files\/2023\/05\/Ca\u00f1ete-2-1024x768.jpg 1024w, https:\/\/blogsaverroes.juntadeandalucia.es\/seplacandelaria\/files\/2023\/05\/Ca\u00f1ete-2-768x576.jpg 768w, https:\/\/blogsaverroes.juntadeandalucia.es\/seplacandelaria\/files\/2023\/05\/Ca\u00f1ete-2-1536x1152.jpg 1536w, https:\/\/blogsaverroes.juntadeandalucia.es\/seplacandelaria\/files\/2023\/05\/Ca\u00f1ete-2-2048x1536.jpg 2048w\" sizes=\"(max-width: 300px) 100vw, 300px\" \/><img loading=\"lazy\" decoding=\"async\" class=\"alignnone size-medium wp-image-790\" src=\"https:\/\/blogsaverroes.juntadeandalucia.es\/seplacandelaria\/files\/2023\/05\/Ca\u00f1ete-1-300x200.jpg\" alt=\"\" width=\"300\" height=\"200\" srcset=\"https:\/\/blogsaverroes.juntadeandalucia.es\/seplacandelaria\/files\/2023\/05\/Ca\u00f1ete-1-300x200.jpg 300w, https:\/\/blogsaverroes.juntadeandalucia.es\/seplacandelaria\/files\/2023\/05\/Ca\u00f1ete-1-1024x682.jpg 1024w, https:\/\/blogsaverroes.juntadeandalucia.es\/seplacandelaria\/files\/2023\/05\/Ca\u00f1ete-1-768x512.jpg 768w, https:\/\/blogsaverroes.juntadeandalucia.es\/seplacandelaria\/files\/2023\/05\/Ca\u00f1ete-1-1536x1023.jpg 1536w, https:\/\/blogsaverroes.juntadeandalucia.es\/seplacandelaria\/files\/2023\/05\/Ca\u00f1ete-1.jpg 1600w\" sizes=\"(max-width: 300px) 100vw, 300px\" \/><img loading=\"lazy\" decoding=\"async\" class=\"alignnone size-medium wp-image-796\" src=\"https:\/\/blogsaverroes.juntadeandalucia.es\/seplacandelaria\/files\/2023\/05\/Ca\u00f1ete-4-e1683915937445-225x300.jpg\" alt=\"\" width=\"225\" height=\"300\" srcset=\"https:\/\/blogsaverroes.juntadeandalucia.es\/seplacandelaria\/files\/2023\/05\/Ca\u00f1ete-4-e1683915937445-225x300.jpg 225w, https:\/\/blogsaverroes.juntadeandalucia.es\/seplacandelaria\/files\/2023\/05\/Ca\u00f1ete-4-e1683915937445-768x1024.jpg 768w, https:\/\/blogsaverroes.juntadeandalucia.es\/seplacandelaria\/files\/2023\/05\/Ca\u00f1ete-4-e1683915937445-1152x1536.jpg 1152w, https:\/\/blogsaverroes.juntadeandalucia.es\/seplacandelaria\/files\/2023\/05\/Ca\u00f1ete-4-e1683915937445.jpg 1500w\" sizes=\"(max-width: 225px) 100vw, 225px\" \/><\/p>\n","protected":false},"excerpt":{"rendered":"<p>El pasado 4 de Mayo nuestro centro particip\u00f3 en el encuentro que el CEPER Fuensanta celebr\u00f3 en Ca\u00f1ete de la Torres. Los alumnos de Adamuz y Algallar\u00edn lo pasaron genial en un d\u00eda de&#46;&#46;&#46;<\/p>\n","protected":false},"author":17235,"featured_media":793,"comment_status":"closed","ping_status":"open","sticky":false,"template":"","format":"standard","meta":{"ngg_post_thumbnail":0,"footnotes":""},"categories":[8,1],"tags":[],"aioseo_notices":[],"_links":{"self":[{"href":"https:\/\/blogsaverroes.juntadeandalucia.es\/seplacandelaria\/wp-json\/wp\/v2\/posts\/811"}],"collection":[{"href":"https:\/\/blogsaverroes.juntadeandalucia.es\/seplacandelaria\/wp-json\/wp\/v2\/posts"}],"about":[{"href":"https:\/\/blogsaverroes.juntadeandalucia.es\/seplacandelaria\/wp-json\/wp\/v2\/types\/post"}],"author":[{"embeddable":true,"href":"https:\/\/blogsaverroes.juntadeandalucia.es\/seplacandelaria\/wp-json\/wp\/v2\/users\/17235"}],"replies":[{"embeddable":true,"href":"https:\/\/blogsaverroes.juntadeandalucia.es\/seplacandelaria\/wp-json\/wp\/v2\/comments?post=811"}],"version-history":[{"count":4,"href":"https:\/\/blogsaverroes.juntadeandalucia.es\/seplacandelaria\/wp-json\/wp\/v2\/posts\/811\/revisions"}],"predecessor-version":[{"id":831,"href":"https:\/\/blogsaverroes.juntadeandalucia.es\/seplacandelaria\/wp-json\/wp\/v2\/posts\/811\/revisions\/831"}],"wp:featuredmedia":[{"embeddable":true,"href":"https:\/\/blogsaverroes.juntadeandalucia.es\/seplacandelaria\/wp-json\/wp\/v2\/media\/793"}],"wp:attachment":[{"href":"https:\/\/blogsaverroes.juntadeandalucia.es\/seplacandelaria\/wp-json\/wp\/v2\/media?parent=811"}],"wp:term":[{"taxonomy":"category","embeddable":true,"href":"https:\/\/blogsaverroes.juntadeandalucia.es\/seplacandelaria\/wp-json\/wp\/v2\/categories?post=811"},{"taxonomy":"post_tag","embeddable":true,"href":"https:\/\/blogsaverroes.juntadeandalucia.es\/seplacandelaria\/wp-json\/wp\/v2\/tags?post=811"}],"curies":[{"name":"wp","href":"https:\/\/api.w.org\/{rel}","templated":true}]}}