{"id":3017,"date":"2023-02-15T11:20:40","date_gmt":"2023-02-15T11:20:40","guid":{"rendered":"https:\/\/blogsaverroes.juntadeandalucia.es\/sepmoclin\/?p=3017"},"modified":"2023-02-15T11:26:32","modified_gmt":"2023-02-15T11:26:32","slug":"carnaval","status":"publish","type":"post","link":"https:\/\/blogsaverroes.juntadeandalucia.es\/sepmoclin\/2023\/02\/15\/carnaval\/","title":{"rendered":"Carnaval"},"content":{"rendered":"<p>El carnaval se celebra entre los meses de febrero y marzo, ya que las fechas var\u00edan dependiendo del a\u00f1o. Durante la celebraci\u00f3n de esta fiesta el humor, las parodias y los disfraces invaden las calles de las ciudades y pueblos de Espa\u00f1a, cada uno con sus propias tradiciones. A continuaci\u00f3n, te proponemos varios ejemplos de carnavales que destacan por su originalidad, belleza y espectacularidad.<\/p>\n<p>&nbsp;<\/p>\n<p><a href=\"https:\/\/blogsaverroes.juntadeandalucia.es\/sepmoclin\/files\/2023\/02\/Foto-de-Javier-Pe\u00f1a2.jpg\"><img loading=\"lazy\" decoding=\"async\" class=\"alignnone size-medium wp-image-3019\" src=\"https:\/\/blogsaverroes.juntadeandalucia.es\/sepmoclin\/files\/2023\/02\/Foto-de-Javier-Pe\u00f1a2-300x225.jpg\" alt=\"\" width=\"300\" height=\"225\" srcset=\"https:\/\/blogsaverroes.juntadeandalucia.es\/sepmoclin\/files\/2023\/02\/Foto-de-Javier-Pe\u00f1a2-300x225.jpg 300w, https:\/\/blogsaverroes.juntadeandalucia.es\/sepmoclin\/files\/2023\/02\/Foto-de-Javier-Pe\u00f1a2-1024x768.jpg 1024w, https:\/\/blogsaverroes.juntadeandalucia.es\/sepmoclin\/files\/2023\/02\/Foto-de-Javier-Pe\u00f1a2-768x576.jpg 768w, https:\/\/blogsaverroes.juntadeandalucia.es\/sepmoclin\/files\/2023\/02\/Foto-de-Javier-Pe\u00f1a2-1536x1152.jpg 1536w, https:\/\/blogsaverroes.juntadeandalucia.es\/sepmoclin\/files\/2023\/02\/Foto-de-Javier-Pe\u00f1a2.jpg 1600w\" sizes=\"(max-width: 300px) 100vw, 300px\" \/><\/a> <a href=\"https:\/\/blogsaverroes.juntadeandalucia.es\/sepmoclin\/files\/2023\/02\/Foto-de-Javier-Pe\u00f1a3.jpg\"><img loading=\"lazy\" decoding=\"async\" class=\"alignnone size-medium wp-image-3020\" src=\"https:\/\/blogsaverroes.juntadeandalucia.es\/sepmoclin\/files\/2023\/02\/Foto-de-Javier-Pe\u00f1a3-225x300.jpg\" alt=\"\" width=\"225\" height=\"300\" srcset=\"https:\/\/blogsaverroes.juntadeandalucia.es\/sepmoclin\/files\/2023\/02\/Foto-de-Javier-Pe\u00f1a3-225x300.jpg 225w, https:\/\/blogsaverroes.juntadeandalucia.es\/sepmoclin\/files\/2023\/02\/Foto-de-Javier-Pe\u00f1a3-768x1024.jpg 768w, https:\/\/blogsaverroes.juntadeandalucia.es\/sepmoclin\/files\/2023\/02\/Foto-de-Javier-Pe\u00f1a3-1152x1536.jpg 1152w, https:\/\/blogsaverroes.juntadeandalucia.es\/sepmoclin\/files\/2023\/02\/Foto-de-Javier-Pe\u00f1a3.jpg 1200w\" sizes=\"(max-width: 225px) 100vw, 225px\" \/><\/a> <a href=\"https:\/\/blogsaverroes.juntadeandalucia.es\/sepmoclin\/files\/2023\/02\/Foto-de-Javier-Pe\u00f1a4.jpg\"><img loading=\"lazy\" decoding=\"async\" class=\"alignnone size-medium wp-image-3021\" src=\"https:\/\/blogsaverroes.juntadeandalucia.es\/sepmoclin\/files\/2023\/02\/Foto-de-Javier-Pe\u00f1a4-300x226.jpg\" alt=\"\" width=\"300\" height=\"226\" srcset=\"https:\/\/blogsaverroes.juntadeandalucia.es\/sepmoclin\/files\/2023\/02\/Foto-de-Javier-Pe\u00f1a4-300x226.jpg 300w, https:\/\/blogsaverroes.juntadeandalucia.es\/sepmoclin\/files\/2023\/02\/Foto-de-Javier-Pe\u00f1a4-1024x771.jpg 1024w, https:\/\/blogsaverroes.juntadeandalucia.es\/sepmoclin\/files\/2023\/02\/Foto-de-Javier-Pe\u00f1a4-768x578.jpg 768w, https:\/\/blogsaverroes.juntadeandalucia.es\/sepmoclin\/files\/2023\/02\/Foto-de-Javier-Pe\u00f1a4-1536x1156.jpg 1536w, https:\/\/blogsaverroes.juntadeandalucia.es\/sepmoclin\/files\/2023\/02\/Foto-de-Javier-Pe\u00f1a4.jpg 1600w\" sizes=\"(max-width: 300px) 100vw, 300px\" \/><\/a><\/p>\n","protected":false},"excerpt":{"rendered":"<p>El carnaval se celebra entre los meses de febrero y marzo, ya que las fechas var\u00edan dependiendo del a\u00f1o. Durante la celebraci\u00f3n de esta fiesta el humor, las parodias y los disfraces invaden las&#46;&#46;&#46;<\/p>\n","protected":false},"author":8621,"featured_media":3018,"comment_status":"open","ping_status":"open","sticky":false,"template":"","format":"image","meta":{"ngg_post_thumbnail":0,"footnotes":""},"categories":[11909],"tags":[],"aioseo_notices":[],"_links":{"self":[{"href":"https:\/\/blogsaverroes.juntadeandalucia.es\/sepmoclin\/wp-json\/wp\/v2\/posts\/3017"}],"collection":[{"href":"https:\/\/blogsaverroes.juntadeandalucia.es\/sepmoclin\/wp-json\/wp\/v2\/posts"}],"about":[{"href":"https:\/\/blogsaverroes.juntadeandalucia.es\/sepmoclin\/wp-json\/wp\/v2\/types\/post"}],"author":[{"embeddable":true,"href":"https:\/\/blogsaverroes.juntadeandalucia.es\/sepmoclin\/wp-json\/wp\/v2\/users\/8621"}],"replies":[{"embeddable":true,"href":"https:\/\/blogsaverroes.juntadeandalucia.es\/sepmoclin\/wp-json\/wp\/v2\/comments?post=3017"}],"version-history":[{"count":2,"href":"https:\/\/blogsaverroes.juntadeandalucia.es\/sepmoclin\/wp-json\/wp\/v2\/posts\/3017\/revisions"}],"predecessor-version":[{"id":3036,"href":"https:\/\/blogsaverroes.juntadeandalucia.es\/sepmoclin\/wp-json\/wp\/v2\/posts\/3017\/revisions\/3036"}],"wp:featuredmedia":[{"embeddable":true,"href":"https:\/\/blogsaverroes.juntadeandalucia.es\/sepmoclin\/wp-json\/wp\/v2\/media\/3018"}],"wp:attachment":[{"href":"https:\/\/blogsaverroes.juntadeandalucia.es\/sepmoclin\/wp-json\/wp\/v2\/media?parent=3017"}],"wp:term":[{"taxonomy":"category","embeddable":true,"href":"https:\/\/blogsaverroes.juntadeandalucia.es\/sepmoclin\/wp-json\/wp\/v2\/categories?post=3017"},{"taxonomy":"post_tag","embeddable":true,"href":"https:\/\/blogsaverroes.juntadeandalucia.es\/sepmoclin\/wp-json\/wp\/v2\/tags?post=3017"}],"curies":[{"name":"wp","href":"https:\/\/api.w.org\/{rel}","templated":true}]}}