{"id":1261,"date":"2025-02-06T19:47:53","date_gmt":"2025-02-06T18:47:53","guid":{"rendered":"https:\/\/blogsaverroes.juntadeandalucia.es\/sepsansebastian\/?p=1261"},"modified":"2025-02-06T19:47:53","modified_gmt":"2025-02-06T18:47:53","slug":"dia-de-la-paz","status":"publish","type":"post","link":"https:\/\/blogsaverroes.juntadeandalucia.es\/sepsansebastian\/dia-de-la-paz\/","title":{"rendered":"D\u00eda de la Paz"},"content":{"rendered":"<div class=\"xdj266r x11i5rnm xat24cr x1mh8g0r x1vvkbs x126k92a\">\n<div dir=\"auto\">El d\u00eda 30 de enero celebramos el D\u00eda de la Paz en nuestra escuela.<\/div>\n<div dir=\"auto\">&nbsp;<\/div>\n<\/div>\n<div class=\"x11i5rnm xat24cr x1mh8g0r x1vvkbs xtlvy1s x126k92a\">\n<div dir=\"auto\">\u00bfPor qu\u00e9 es importante celebrar este d\u00eda?<\/div>\n<div dir=\"auto\">&nbsp;<\/div>\n<\/div>\n<div class=\"x11i5rnm xat24cr x1mh8g0r x1vvkbs xtlvy1s x126k92a\">\n<div dir=\"auto\">Porque es clave para fomentar la convivencia, el respeto y la resoluci\u00f3n pac\u00edfica de conflictos en un entorno diverso. Permite reflexionar sobre la paz a nivel global y local, promoviendo valores de inclusi\u00f3n, di\u00e1logo y solidaridad. Adem\u00e1s, fortalece la cohesi\u00f3n del grupo y la educaci\u00f3n para la ciudadan\u00eda, prepar\u00e1ndonos para construir una sociedad m\u00e1s justa y tolerante.<\/div>\n<\/div>\n<div class=\"x11i5rnm xat24cr x1mh8g0r x1vvkbs xtlvy1s x126k92a\">\n<div dir=\"auto\">&nbsp;<\/div>\n<div dir=\"auto\">Nosotros escribimos una f\u00e1bula llamada &#8220;El colibr\u00ed y el incendio&#8221;, que trataba sobre la importancia de aportar nuestro granito de arena, por peque\u00f1o que parezca, a fin de construir un mundo mejor.<\/div>\n<\/div>\n<div class=\"x11i5rnm xat24cr x1mh8g0r x1vvkbs xtlvy1s x126k92a\">\n<div dir=\"auto\">&nbsp;<\/div>\n<div dir=\"auto\">Adem\u00e1s, realizamos la caracter\u00edstica paloma como pod\u00e9is ver&nbsp;en las im\u00e1genes.<\/div>\n<\/div>\n<div dir=\"auto\">&nbsp;<\/div>\n<div dir=\"auto\"><img loading=\"lazy\" decoding=\"async\" class=\"aligncenter size-large wp-image-1262\" src=\"https:\/\/blogsaverroes.juntadeandalucia.es\/sepsansebastian\/files\/2025\/02\/Collage-Dia-de-la-Paz-682x1024.jpg\" alt=\"\" width=\"682\" height=\"1024\" srcset=\"https:\/\/blogsaverroes.juntadeandalucia.es\/sepsansebastian\/files\/2025\/02\/Collage-Dia-de-la-Paz-682x1024.jpg 682w, https:\/\/blogsaverroes.juntadeandalucia.es\/sepsansebastian\/files\/2025\/02\/Collage-Dia-de-la-Paz-200x300.jpg 200w, https:\/\/blogsaverroes.juntadeandalucia.es\/sepsansebastian\/files\/2025\/02\/Collage-Dia-de-la-Paz-768x1152.jpg 768w, https:\/\/blogsaverroes.juntadeandalucia.es\/sepsansebastian\/files\/2025\/02\/Collage-Dia-de-la-Paz-1024x1536.jpg 1024w, https:\/\/blogsaverroes.juntadeandalucia.es\/sepsansebastian\/files\/2025\/02\/Collage-Dia-de-la-Paz.jpg 1333w\" sizes=\"(max-width: 682px) 100vw, 682px\" \/><\/div>\n","protected":false},"excerpt":{"rendered":"<p>El d\u00eda 30 de enero celebramos el D\u00eda de la Paz en nuestra escuela. &nbsp; \u00bfPor qu\u00e9 es importante celebrar este d\u00eda? &nbsp; Porque es clave para fomentar la convivencia, el respeto y la&#46;&#46;&#46;<\/p>\n","protected":false},"author":13740,"featured_media":0,"comment_status":"closed","ping_status":"open","sticky":false,"template":"","format":"standard","meta":{"ngg_post_thumbnail":0,"footnotes":""},"categories":[1],"tags":[],"aioseo_notices":[],"_links":{"self":[{"href":"https:\/\/blogsaverroes.juntadeandalucia.es\/sepsansebastian\/wp-json\/wp\/v2\/posts\/1261"}],"collection":[{"href":"https:\/\/blogsaverroes.juntadeandalucia.es\/sepsansebastian\/wp-json\/wp\/v2\/posts"}],"about":[{"href":"https:\/\/blogsaverroes.juntadeandalucia.es\/sepsansebastian\/wp-json\/wp\/v2\/types\/post"}],"author":[{"embeddable":true,"href":"https:\/\/blogsaverroes.juntadeandalucia.es\/sepsansebastian\/wp-json\/wp\/v2\/users\/13740"}],"replies":[{"embeddable":true,"href":"https:\/\/blogsaverroes.juntadeandalucia.es\/sepsansebastian\/wp-json\/wp\/v2\/comments?post=1261"}],"version-history":[{"count":1,"href":"https:\/\/blogsaverroes.juntadeandalucia.es\/sepsansebastian\/wp-json\/wp\/v2\/posts\/1261\/revisions"}],"predecessor-version":[{"id":1263,"href":"https:\/\/blogsaverroes.juntadeandalucia.es\/sepsansebastian\/wp-json\/wp\/v2\/posts\/1261\/revisions\/1263"}],"wp:attachment":[{"href":"https:\/\/blogsaverroes.juntadeandalucia.es\/sepsansebastian\/wp-json\/wp\/v2\/media?parent=1261"}],"wp:term":[{"taxonomy":"category","embeddable":true,"href":"https:\/\/blogsaverroes.juntadeandalucia.es\/sepsansebastian\/wp-json\/wp\/v2\/categories?post=1261"},{"taxonomy":"post_tag","embeddable":true,"href":"https:\/\/blogsaverroes.juntadeandalucia.es\/sepsansebastian\/wp-json\/wp\/v2\/tags?post=1261"}],"curies":[{"name":"wp","href":"https:\/\/api.w.org\/{rel}","templated":true}]}}