{"id":1049,"date":"2022-09-16T10:57:07","date_gmt":"2022-09-16T09:57:07","guid":{"rendered":"https:\/\/blogsaverroes.juntadeandalucia.es\/sepurgavo\/?p=1049"},"modified":"2022-09-16T10:59:56","modified_gmt":"2022-09-16T09:59:56","slug":"1049-2","status":"publish","type":"post","link":"https:\/\/blogsaverroes.juntadeandalucia.es\/sepurgavo\/1049-2\/","title":{"rendered":"Estrenamos curso y asociaci\u00f3n"},"content":{"rendered":"<p><img loading=\"lazy\" decoding=\"async\" class=\"alignnone size-medium wp-image-1050\" src=\"https:\/\/blogsaverroes.juntadeandalucia.es\/sepurgavo\/files\/2022\/09\/IMG-4416-226x300.jpg\" alt=\"\" width=\"226\" height=\"300\"><\/p>\n<p><span style=\"font-size: 12pt\">Durante la ma\u00f1ana de ayer, nuestro alumnado present\u00f3 al Alcalde de la localidad, la reci\u00e9n fundada asociaci\u00f3n de alumnos\/as del SEP Urgavo \u201cRa\u00edces de Arjona\u201d. Con gran ilusi\u00f3n comienzan una nueva etapa que seguro ser\u00e1 apoyada y respaldada por el resto de alumnos\/as.<\/span><\/p>\n","protected":false},"excerpt":{"rendered":"<p>Durante la ma\u00f1ana de ayer, nuestro alumnado present\u00f3 al Alcalde de la localidad, la reci\u00e9n fundada asociaci\u00f3n de alumnos\/as del SEP Urgavo \u201cRa\u00edces de Arjona\u201d. Con gran ilusi\u00f3n comienzan una nueva etapa que seguro ser\u00e1 apoyada y respaldada por el resto de alumnos\/as.<\/p>\n","protected":false},"author":14953,"featured_media":0,"comment_status":"closed","ping_status":"open","sticky":false,"template":"","format":"standard","meta":{"_et_pb_use_builder":"","_et_pb_old_content":"","_et_gb_content_width":"","ngg_post_thumbnail":0,"footnotes":""},"categories":[9],"tags":[],"aioseo_notices":[],"_links":{"self":[{"href":"https:\/\/blogsaverroes.juntadeandalucia.es\/sepurgavo\/wp-json\/wp\/v2\/posts\/1049"}],"collection":[{"href":"https:\/\/blogsaverroes.juntadeandalucia.es\/sepurgavo\/wp-json\/wp\/v2\/posts"}],"about":[{"href":"https:\/\/blogsaverroes.juntadeandalucia.es\/sepurgavo\/wp-json\/wp\/v2\/types\/post"}],"author":[{"embeddable":true,"href":"https:\/\/blogsaverroes.juntadeandalucia.es\/sepurgavo\/wp-json\/wp\/v2\/users\/14953"}],"replies":[{"embeddable":true,"href":"https:\/\/blogsaverroes.juntadeandalucia.es\/sepurgavo\/wp-json\/wp\/v2\/comments?post=1049"}],"version-history":[{"count":5,"href":"https:\/\/blogsaverroes.juntadeandalucia.es\/sepurgavo\/wp-json\/wp\/v2\/posts\/1049\/revisions"}],"predecessor-version":[{"id":1055,"href":"https:\/\/blogsaverroes.juntadeandalucia.es\/sepurgavo\/wp-json\/wp\/v2\/posts\/1049\/revisions\/1055"}],"wp:attachment":[{"href":"https:\/\/blogsaverroes.juntadeandalucia.es\/sepurgavo\/wp-json\/wp\/v2\/media?parent=1049"}],"wp:term":[{"taxonomy":"category","embeddable":true,"href":"https:\/\/blogsaverroes.juntadeandalucia.es\/sepurgavo\/wp-json\/wp\/v2\/categories?post=1049"},{"taxonomy":"post_tag","embeddable":true,"href":"https:\/\/blogsaverroes.juntadeandalucia.es\/sepurgavo\/wp-json\/wp\/v2\/tags?post=1049"}],"curies":[{"name":"wp","href":"https:\/\/api.w.org\/{rel}","templated":true}]}}