{"id":1304,"date":"2025-11-19T11:49:09","date_gmt":"2025-11-19T10:49:09","guid":{"rendered":"https:\/\/blogsaverroes.juntadeandalucia.es\/sepximenajurado\/?p=1304"},"modified":"2025-11-19T11:52:58","modified_gmt":"2025-11-19T10:52:58","slug":"1304-2","status":"publish","type":"post","link":"https:\/\/blogsaverroes.juntadeandalucia.es\/sepximenajurado\/1304-2\/","title":{"rendered":"D\u00cdA DE LA EDUCACI\u00d3N PERMANENTE"},"content":{"rendered":"<p>&nbsp;<\/p>\n<p data-path-to-node=\"0\">Tenemos que celebrar el D\u00eda de la Educaci\u00f3n Permanente por varias razones cruciales que impactan directamente en el desarrollo individual, la prosperidad econ\u00f3mica y la cohesi\u00f3n social en el siglo XXI.<\/p>\n<p data-path-to-node=\"1\">Aqu\u00ed est\u00e1n los argumentos principales de por qu\u00e9 esta celebraci\u00f3n es necesaria:<\/p>\n<h3>1.&nbsp; Para la Adaptaci\u00f3n y la Empleabilidad<\/h3>\n<p data-path-to-node=\"3\">Vivimos en la era de la <b>obsolescencia acelerada<\/b> del conocimiento, impulsada por la tecnolog\u00eda y la Inteligencia Artificial.<\/p>\n<ul data-path-to-node=\"4\">\n<li>\n<p data-path-to-node=\"4,0,0\"><b>Mantener la Relevancia:<\/b> Celebrar este d\u00eda nos recuerda que lo que aprendimos en la juventud ya no es suficiente. La educaci\u00f3n permanente es la <b>herramienta principal para reciclarse<\/b> y evitar que nuestras habilidades queden desfasadas, asegurando la empleabilidad a lo largo de toda la vida laboral.<\/p>\n<\/li>\n<li>\n<p data-path-to-node=\"4,1,0\"><b>Preparaci\u00f3n para el Futuro:<\/b> Nos motiva a <b>adquirir nuevas competencias<\/b> para los trabajos del futuro que a\u00fan no existen, haciendo que la fuerza laboral sea flexible y adaptable a los cambios econ\u00f3micos.<\/p>\n<\/li>\n<\/ul>\n<h3>2.&nbsp; Para la Vitalidad Mental y el Bienestar Personal<\/h3>\n<p data-path-to-node=\"6\">El aprendizaje no es solo una necesidad econ\u00f3mica; es una necesidad humana.<\/p>\n<ul data-path-to-node=\"7\">\n<li>\n<p data-path-to-node=\"7,0,0\"><b>Salud Cognitiva:<\/b> El aprendizaje continuo mantiene el cerebro activo, estimula la curiosidad y se ha demostrado que ayuda a <b>reducir el riesgo de deterioro cognitivo<\/b> en la edad adulta.<\/p>\n<\/li>\n<li>\n<p data-path-to-node=\"7,1,0\"><b>Enriquecimiento Personal:<\/b> Celebrar la educaci\u00f3n permanente es celebrar el <b>desarrollo personal, cultural y emocional<\/b>. Nos recuerda que el aprendizaje nos enriquece, nos permite comprender mejor el mundo y nos proporciona nuevas pasiones y aficiones.<\/p>\n<\/li>\n<\/ul>\n<h3>3. Para la Inclusi\u00f3n Social y la Equidad<\/h3>\n<p data-path-to-node=\"9\">El acceso al aprendizaje debe ser para todos, independientemente de la edad, situaci\u00f3n o nivel educativo inicial.<\/p>\n<ul data-path-to-node=\"10\">\n<li>\n<p data-path-to-node=\"10,0,0\"><b>ODS 4:<\/b> La celebraci\u00f3n refuerza el <b>Objetivo de Desarrollo Sostenible n\u00famero 4 de la ONU<\/b>, que busca garantizar &#8220;oportunidades de aprendizaje permanente para todos&#8221;.<\/p>\n<\/li>\n<li>\n<p data-path-to-node=\"10,1,0\"><b>Romper Barreras:<\/b> Subraya la importancia de las pol\u00edticas p\u00fablicas y los recursos que faciliten que las personas que abandonaron los estudios o que enfrentan barreras (econ\u00f3micas, geogr\u00e1ficas, etc.) tengan <b>una segunda, tercera o cuarta oportunidad<\/b> para aprender.<\/p>\n<\/li>\n<\/ul>\n<p data-path-to-node=\"14\">En esencia, celebramos el D\u00eda de la Educaci\u00f3n Permanente porque es el pilar que sostiene nuestra capacidad de <b>progresar, adaptarnos y vivir plenamente<\/b> en un mundo en constante evoluci\u00f3n.<\/p>\n<p>Desde la SEP Ximena Jurado de Villanueva, hemos querido rendir un peque\u00f1o homenaje a todas estas personas que en su momento no han tenido oportunidad para poder ir a la escuela.&nbsp;<\/p>\n<p>Pincha en el siguiente enlace:<\/p>\n<p><a href=\"https:\/\/youtu.be\/4pVXkgWGITg\">DIA EDUCACI\u00d3N PERMANENTE XIMENA JURADO<\/a><\/p>\n","protected":false},"excerpt":{"rendered":"<p>&nbsp; Tenemos que celebrar el D\u00eda de la Educaci\u00f3n Permanente por varias razones cruciales que impactan directamente en el desarrollo individual, la prosperidad econ\u00f3mica y la cohesi\u00f3n social en el siglo XXI. Aqu\u00ed est\u00e1n&#46;&#46;&#46;<\/p>\n","protected":false},"author":13660,"featured_media":0,"comment_status":"closed","ping_status":"open","sticky":false,"template":"","format":"link","meta":{"ngg_post_thumbnail":0,"footnotes":""},"categories":[1],"tags":[],"aioseo_notices":[],"_links":{"self":[{"href":"https:\/\/blogsaverroes.juntadeandalucia.es\/sepximenajurado\/wp-json\/wp\/v2\/posts\/1304"}],"collection":[{"href":"https:\/\/blogsaverroes.juntadeandalucia.es\/sepximenajurado\/wp-json\/wp\/v2\/posts"}],"about":[{"href":"https:\/\/blogsaverroes.juntadeandalucia.es\/sepximenajurado\/wp-json\/wp\/v2\/types\/post"}],"author":[{"embeddable":true,"href":"https:\/\/blogsaverroes.juntadeandalucia.es\/sepximenajurado\/wp-json\/wp\/v2\/users\/13660"}],"replies":[{"embeddable":true,"href":"https:\/\/blogsaverroes.juntadeandalucia.es\/sepximenajurado\/wp-json\/wp\/v2\/comments?post=1304"}],"version-history":[{"count":3,"href":"https:\/\/blogsaverroes.juntadeandalucia.es\/sepximenajurado\/wp-json\/wp\/v2\/posts\/1304\/revisions"}],"predecessor-version":[{"id":1306,"href":"https:\/\/blogsaverroes.juntadeandalucia.es\/sepximenajurado\/wp-json\/wp\/v2\/posts\/1304\/revisions\/1306"}],"wp:attachment":[{"href":"https:\/\/blogsaverroes.juntadeandalucia.es\/sepximenajurado\/wp-json\/wp\/v2\/media?parent=1304"}],"wp:term":[{"taxonomy":"category","embeddable":true,"href":"https:\/\/blogsaverroes.juntadeandalucia.es\/sepximenajurado\/wp-json\/wp\/v2\/categories?post=1304"},{"taxonomy":"post_tag","embeddable":true,"href":"https:\/\/blogsaverroes.juntadeandalucia.es\/sepximenajurado\/wp-json\/wp\/v2\/tags?post=1304"}],"curies":[{"name":"wp","href":"https:\/\/api.w.org\/{rel}","templated":true}]}}