{"id":1316,"date":"2026-02-11T13:15:29","date_gmt":"2026-02-11T12:15:29","guid":{"rendered":"https:\/\/blogsaverroes.juntadeandalucia.es\/sepximenajurado\/?p=1316"},"modified":"2026-02-11T13:15:29","modified_gmt":"2026-02-11T12:15:29","slug":"dia-de-la-paz","status":"publish","type":"post","link":"https:\/\/blogsaverroes.juntadeandalucia.es\/sepximenajurado\/dia-de-la-paz\/","title":{"rendered":"D\u00cdA DE LA PAZ"},"content":{"rendered":"<p data-path-to-node=\"4\">El pasado <b data-path-to-node=\"4\" data-index-in-node=\"10\">30 de enero<\/b>, la comunidad educativa del <b data-path-to-node=\"4\" data-index-in-node=\"50\">SEP Ximena Jurado de Villanueva de la Reina<\/b> nos unimos para celebrar el <b data-path-to-node=\"4\" data-index-in-node=\"122\">D\u00eda Escolar de la No Violencia y la Paz<\/b>. Fue una jornada muy especial donde la creatividad, los idiomas y la tecnolog\u00eda se dieron la mano para reflexionar sobre la importancia de la convivencia y el respeto mutuo.<\/p>\n<p data-path-to-node=\"5\">Nuestra celebraci\u00f3n comenz\u00f3 con una actividad manual cargada de simbolismo: la creaci\u00f3n de nuestras propias <b data-path-to-node=\"5\" data-index-in-node=\"108\">palomas de la paz<\/b>. En esta iniciativa particip\u00f3 con gran ilusi\u00f3n tanto el alumnado de Villanueva como el <b data-path-to-node=\"5\" data-index-in-node=\"213\">alumnado de la Estaci\u00f3n de Espeluy<\/b>, quienes tambi\u00e9n realizaron sus palomas con mucho esmero. Estas figuras se convirtieron en el soporte de nuestros mejores deseos y, uniendo este d\u00eda con el aprendizaje de lenguas extranjeras, todos los mensajes de concordia y amistad fueron escritos \u00edntegramente en <b data-path-to-node=\"5\" data-index-in-node=\"514\">ingl\u00e9s<\/b>. De esta forma, reforzamos nuestro compromiso con el biling\u00fcismo mientras trabaj\u00e1bamos valores humanos esenciales en todas nuestras sedes.<\/p>\n<p data-path-to-node=\"6\">Pero la paz no solo se siente, tambi\u00e9n se estudia y se comprende a trav\u00e9s de la historia. Por ello, desde el \u00e1rea de <b data-path-to-node=\"6\" data-index-in-node=\"117\">TIC<\/b>, aprovechamos las herramientas digitales para profundizar en el legado de grandes referentes mundiales. Realizamos un <b data-path-to-node=\"6\" data-index-in-node=\"239\">Genially interactivo<\/b> sobre los <b data-path-to-node=\"6\" data-index-in-node=\"270\">Premios Nobel de la Paz<\/b>, donde pudimos investigar las vidas y los logros de aquellas personas que, con su valent\u00eda y esfuerzo, han trabajado por la justicia y la concordia a lo largo de los a\u00f1os. Esta actividad nos permiti\u00f3 ver que cada peque\u00f1o gesto cuenta y que la tecnolog\u00eda es un altavoz fant\u00e1stico para difundir valores positivos.<\/p>\n<p data-path-to-node=\"6\">&nbsp;<\/p>\n<p data-path-to-node=\"6\"><img loading=\"lazy\" decoding=\"async\" class=\"alignnone  wp-image-1335\" src=\"https:\/\/blogsaverroes.juntadeandalucia.es\/sepximenajurado\/files\/2026\/02\/WhatsApp-Image-2026-02-11-at-10.23.40-1-300x225.jpeg\" alt=\"\" width=\"176\" height=\"132\" srcset=\"https:\/\/blogsaverroes.juntadeandalucia.es\/sepximenajurado\/files\/2026\/02\/WhatsApp-Image-2026-02-11-at-10.23.40-1-300x225.jpeg 300w, https:\/\/blogsaverroes.juntadeandalucia.es\/sepximenajurado\/files\/2026\/02\/WhatsApp-Image-2026-02-11-at-10.23.40-1-1024x768.jpeg 1024w, https:\/\/blogsaverroes.juntadeandalucia.es\/sepximenajurado\/files\/2026\/02\/WhatsApp-Image-2026-02-11-at-10.23.40-1-768x576.jpeg 768w, https:\/\/blogsaverroes.juntadeandalucia.es\/sepximenajurado\/files\/2026\/02\/WhatsApp-Image-2026-02-11-at-10.23.40-1-1536x1152.jpeg 1536w, https:\/\/blogsaverroes.juntadeandalucia.es\/sepximenajurado\/files\/2026\/02\/WhatsApp-Image-2026-02-11-at-10.23.40-1.jpeg 1600w\" sizes=\"(max-width: 176px) 100vw, 176px\" \/>&nbsp; &nbsp; &nbsp; &nbsp; <img loading=\"lazy\" decoding=\"async\" class=\"alignnone  wp-image-1332\" src=\"https:\/\/blogsaverroes.juntadeandalucia.es\/sepximenajurado\/files\/2026\/02\/WhatsApp-Image-2026-02-10-at-12.24.57-3-1-225x300.jpeg\" alt=\"\" width=\"116\" height=\"155\" srcset=\"https:\/\/blogsaverroes.juntadeandalucia.es\/sepximenajurado\/files\/2026\/02\/WhatsApp-Image-2026-02-10-at-12.24.57-3-1-225x300.jpeg 225w, https:\/\/blogsaverroes.juntadeandalucia.es\/sepximenajurado\/files\/2026\/02\/WhatsApp-Image-2026-02-10-at-12.24.57-3-1-768x1024.jpeg 768w, https:\/\/blogsaverroes.juntadeandalucia.es\/sepximenajurado\/files\/2026\/02\/WhatsApp-Image-2026-02-10-at-12.24.57-3-1-1152x1536.jpeg 1152w, https:\/\/blogsaverroes.juntadeandalucia.es\/sepximenajurado\/files\/2026\/02\/WhatsApp-Image-2026-02-10-at-12.24.57-3-1.jpeg 1200w\" sizes=\"(max-width: 116px) 100vw, 116px\" \/>&nbsp; &nbsp; &nbsp; &nbsp;<img loading=\"lazy\" decoding=\"async\" class=\"alignnone  wp-image-1326\" src=\"https:\/\/blogsaverroes.juntadeandalucia.es\/sepximenajurado\/files\/2026\/02\/WhatsApp-Image-2026-02-10-at-12.24.57-1-1-225x300.jpeg\" alt=\"\" width=\"116\" height=\"155\" srcset=\"https:\/\/blogsaverroes.juntadeandalucia.es\/sepximenajurado\/files\/2026\/02\/WhatsApp-Image-2026-02-10-at-12.24.57-1-1-225x300.jpeg 225w, https:\/\/blogsaverroes.juntadeandalucia.es\/sepximenajurado\/files\/2026\/02\/WhatsApp-Image-2026-02-10-at-12.24.57-1-1-768x1024.jpeg 768w, https:\/\/blogsaverroes.juntadeandalucia.es\/sepximenajurado\/files\/2026\/02\/WhatsApp-Image-2026-02-10-at-12.24.57-1-1-1152x1536.jpeg 1152w, https:\/\/blogsaverroes.juntadeandalucia.es\/sepximenajurado\/files\/2026\/02\/WhatsApp-Image-2026-02-10-at-12.24.57-1-1.jpeg 1200w\" sizes=\"(max-width: 116px) 100vw, 116px\" \/>&nbsp; &nbsp; &nbsp; &nbsp; <img loading=\"lazy\" decoding=\"async\" class=\"alignnone  wp-image-1325\" src=\"https:\/\/blogsaverroes.juntadeandalucia.es\/sepximenajurado\/files\/2026\/02\/WhatsApp-Image-2026-02-10-at-12.24.56-1-225x300.jpeg\" alt=\"\" width=\"112\" height=\"149\" srcset=\"https:\/\/blogsaverroes.juntadeandalucia.es\/sepximenajurado\/files\/2026\/02\/WhatsApp-Image-2026-02-10-at-12.24.56-1-225x300.jpeg 225w, https:\/\/blogsaverroes.juntadeandalucia.es\/sepximenajurado\/files\/2026\/02\/WhatsApp-Image-2026-02-10-at-12.24.56-1-768x1024.jpeg 768w, https:\/\/blogsaverroes.juntadeandalucia.es\/sepximenajurado\/files\/2026\/02\/WhatsApp-Image-2026-02-10-at-12.24.56-1-1152x1536.jpeg 1152w, https:\/\/blogsaverroes.juntadeandalucia.es\/sepximenajurado\/files\/2026\/02\/WhatsApp-Image-2026-02-10-at-12.24.56-1.jpeg 1200w\" sizes=\"(max-width: 112px) 100vw, 112px\" \/>&nbsp; &nbsp; &nbsp; &nbsp; &nbsp; &nbsp; <img loading=\"lazy\" decoding=\"async\" class=\"alignnone  wp-image-1331\" src=\"https:\/\/blogsaverroes.juntadeandalucia.es\/sepximenajurado\/files\/2026\/02\/WhatsApp-Image-2026-02-11-at-10.23.40-2-300x225.jpeg\" alt=\"\" width=\"200\" height=\"150\" srcset=\"https:\/\/blogsaverroes.juntadeandalucia.es\/sepximenajurado\/files\/2026\/02\/WhatsApp-Image-2026-02-11-at-10.23.40-2-300x225.jpeg 300w, https:\/\/blogsaverroes.juntadeandalucia.es\/sepximenajurado\/files\/2026\/02\/WhatsApp-Image-2026-02-11-at-10.23.40-2-1024x768.jpeg 1024w, https:\/\/blogsaverroes.juntadeandalucia.es\/sepximenajurado\/files\/2026\/02\/WhatsApp-Image-2026-02-11-at-10.23.40-2-768x576.jpeg 768w, https:\/\/blogsaverroes.juntadeandalucia.es\/sepximenajurado\/files\/2026\/02\/WhatsApp-Image-2026-02-11-at-10.23.40-2-1536x1152.jpeg 1536w, https:\/\/blogsaverroes.juntadeandalucia.es\/sepximenajurado\/files\/2026\/02\/WhatsApp-Image-2026-02-11-at-10.23.40-2.jpeg 1600w\" sizes=\"(max-width: 200px) 100vw, 200px\" \/>&nbsp; &nbsp;&nbsp; &nbsp;<img loading=\"lazy\" decoding=\"async\" class=\"alignnone  wp-image-1323\" src=\"https:\/\/blogsaverroes.juntadeandalucia.es\/sepximenajurado\/files\/2026\/02\/WhatsApp-Image-2026-02-10-at-12.24.57-5-225x300.jpeg\" alt=\"\" width=\"121\" height=\"162\" srcset=\"https:\/\/blogsaverroes.juntadeandalucia.es\/sepximenajurado\/files\/2026\/02\/WhatsApp-Image-2026-02-10-at-12.24.57-5-225x300.jpeg 225w, https:\/\/blogsaverroes.juntadeandalucia.es\/sepximenajurado\/files\/2026\/02\/WhatsApp-Image-2026-02-10-at-12.24.57-5-768x1024.jpeg 768w, https:\/\/blogsaverroes.juntadeandalucia.es\/sepximenajurado\/files\/2026\/02\/WhatsApp-Image-2026-02-10-at-12.24.57-5-1152x1536.jpeg 1152w, https:\/\/blogsaverroes.juntadeandalucia.es\/sepximenajurado\/files\/2026\/02\/WhatsApp-Image-2026-02-10-at-12.24.57-5.jpeg 1200w\" sizes=\"(max-width: 121px) 100vw, 121px\" \/>&nbsp; &nbsp; <img loading=\"lazy\" decoding=\"async\" class=\"alignnone  wp-image-1322\" src=\"https:\/\/blogsaverroes.juntadeandalucia.es\/sepximenajurado\/files\/2026\/02\/WhatsApp-Image-2026-02-10-at-12.24.57-4-225x300.jpeg\" alt=\"\" width=\"119\" height=\"158\" srcset=\"https:\/\/blogsaverroes.juntadeandalucia.es\/sepximenajurado\/files\/2026\/02\/WhatsApp-Image-2026-02-10-at-12.24.57-4-225x300.jpeg 225w, https:\/\/blogsaverroes.juntadeandalucia.es\/sepximenajurado\/files\/2026\/02\/WhatsApp-Image-2026-02-10-at-12.24.57-4-768x1024.jpeg 768w, https:\/\/blogsaverroes.juntadeandalucia.es\/sepximenajurado\/files\/2026\/02\/WhatsApp-Image-2026-02-10-at-12.24.57-4-1152x1536.jpeg 1152w, https:\/\/blogsaverroes.juntadeandalucia.es\/sepximenajurado\/files\/2026\/02\/WhatsApp-Image-2026-02-10-at-12.24.57-4.jpeg 1200w\" sizes=\"(max-width: 119px) 100vw, 119px\" \/><\/p>\n","protected":false},"excerpt":{"rendered":"<p>El pasado 30 de enero, la comunidad educativa del SEP Ximena Jurado de Villanueva de la Reina nos unimos para celebrar el D\u00eda Escolar de la No Violencia y la Paz. Fue una jornada&#46;&#46;&#46;<\/p>\n","protected":false},"author":13660,"featured_media":0,"comment_status":"closed","ping_status":"open","sticky":false,"template":"","format":"standard","meta":{"ngg_post_thumbnail":0,"footnotes":""},"categories":[1],"tags":[],"aioseo_notices":[],"_links":{"self":[{"href":"https:\/\/blogsaverroes.juntadeandalucia.es\/sepximenajurado\/wp-json\/wp\/v2\/posts\/1316"}],"collection":[{"href":"https:\/\/blogsaverroes.juntadeandalucia.es\/sepximenajurado\/wp-json\/wp\/v2\/posts"}],"about":[{"href":"https:\/\/blogsaverroes.juntadeandalucia.es\/sepximenajurado\/wp-json\/wp\/v2\/types\/post"}],"author":[{"embeddable":true,"href":"https:\/\/blogsaverroes.juntadeandalucia.es\/sepximenajurado\/wp-json\/wp\/v2\/users\/13660"}],"replies":[{"embeddable":true,"href":"https:\/\/blogsaverroes.juntadeandalucia.es\/sepximenajurado\/wp-json\/wp\/v2\/comments?post=1316"}],"version-history":[{"count":5,"href":"https:\/\/blogsaverroes.juntadeandalucia.es\/sepximenajurado\/wp-json\/wp\/v2\/posts\/1316\/revisions"}],"predecessor-version":[{"id":1340,"href":"https:\/\/blogsaverroes.juntadeandalucia.es\/sepximenajurado\/wp-json\/wp\/v2\/posts\/1316\/revisions\/1340"}],"wp:attachment":[{"href":"https:\/\/blogsaverroes.juntadeandalucia.es\/sepximenajurado\/wp-json\/wp\/v2\/media?parent=1316"}],"wp:term":[{"taxonomy":"category","embeddable":true,"href":"https:\/\/blogsaverroes.juntadeandalucia.es\/sepximenajurado\/wp-json\/wp\/v2\/categories?post=1316"},{"taxonomy":"post_tag","embeddable":true,"href":"https:\/\/blogsaverroes.juntadeandalucia.es\/sepximenajurado\/wp-json\/wp\/v2\/tags?post=1316"}],"curies":[{"name":"wp","href":"https:\/\/api.w.org\/{rel}","templated":true}]}}