{"id":3142,"date":"2025-05-05T10:18:39","date_gmt":"2025-05-05T09:18:39","guid":{"rendered":"https:\/\/blogsaverroes.juntadeandalucia.es\/sierradecadiz\/?p=3142"},"modified":"2025-05-23T11:19:01","modified_gmt":"2025-05-23T10:19:01","slug":"memoria-prevencion-de-la-violencia-de-genero","status":"publish","type":"post","link":"https:\/\/blogsaverroes.juntadeandalucia.es\/sierradecadiz\/memoria-prevencion-de-la-violencia-de-genero\/","title":{"rendered":"Memoria Prevenci\u00f3n de la violencia de g\u00e9nero."},"content":{"rendered":"<p><strong>A continuaci\u00f3n se incluye la memoria del programa realizado en el Centro curso 24\/25<\/strong><\/p>\n<p><a href=\"https:\/\/blogsaverroes.juntadeandalucia.es\/sierradecadiz\/files\/2025\/05\/MEMORIA-CUENTACUENTOS-CEIP-SIERRA-DE-CADIZ.pdf\">MEMORIA CUENTACUENTOS CEIP SIERRA DE C\u00c1DIZ<\/a><\/p>\n<p><a href=\"https:\/\/blogsaverroes.juntadeandalucia.es\/sierradecadiz\/files\/2020\/05\/logopactodef.jpg\"><img loading=\"lazy\" decoding=\"async\" class=\"alignnone size-medium wp-image-3043\" src=\"https:\/\/blogsaverroes.juntadeandalucia.es\/sierradecadiz\/files\/2020\/05\/logopactodef-300x289.jpg\" alt=\"\" width=\"300\" height=\"289\" srcset=\"https:\/\/blogsaverroes.juntadeandalucia.es\/sierradecadiz\/files\/2020\/05\/logopactodef-300x289.jpg 300w, https:\/\/blogsaverroes.juntadeandalucia.es\/sierradecadiz\/files\/2020\/05\/logopactodef-24x24.jpg 24w, https:\/\/blogsaverroes.juntadeandalucia.es\/sierradecadiz\/files\/2020\/05\/logopactodef-36x36.jpg 36w, https:\/\/blogsaverroes.juntadeandalucia.es\/sierradecadiz\/files\/2020\/05\/logopactodef-48x46.jpg 48w, https:\/\/blogsaverroes.juntadeandalucia.es\/sierradecadiz\/files\/2020\/05\/logopactodef.jpg 684w\" sizes=\"(max-width: 300px) 100vw, 300px\" \/><\/a><a href=\"https:\/\/blogsaverroes.juntadeandalucia.es\/sierradecadiz\/files\/2020\/05\/MPRCIGob.jpg\"><img loading=\"lazy\" decoding=\"async\" class=\"alignnone size-medium wp-image-3039\" src=\"https:\/\/blogsaverroes.juntadeandalucia.es\/sierradecadiz\/files\/2020\/05\/MPRCIGob-300x61.jpg\" alt=\"\" width=\"300\" height=\"61\" srcset=\"https:\/\/blogsaverroes.juntadeandalucia.es\/sierradecadiz\/files\/2020\/05\/MPRCIGob-300x61.jpg 300w, https:\/\/blogsaverroes.juntadeandalucia.es\/sierradecadiz\/files\/2020\/05\/MPRCIGob-768x155.jpg 768w, https:\/\/blogsaverroes.juntadeandalucia.es\/sierradecadiz\/files\/2020\/05\/MPRCIGob-1024x207.jpg 1024w, https:\/\/blogsaverroes.juntadeandalucia.es\/sierradecadiz\/files\/2020\/05\/MPRCIGob-24x5.jpg 24w, https:\/\/blogsaverroes.juntadeandalucia.es\/sierradecadiz\/files\/2020\/05\/MPRCIGob-36x7.jpg 36w, https:\/\/blogsaverroes.juntadeandalucia.es\/sierradecadiz\/files\/2020\/05\/MPRCIGob-48x10.jpg 48w, https:\/\/blogsaverroes.juntadeandalucia.es\/sierradecadiz\/files\/2020\/05\/MPRCIGob.jpg 1600w\" sizes=\"(max-width: 300px) 100vw, 300px\" \/><\/a><\/p>\n","protected":false},"excerpt":{"rendered":"<p>A continuaci\u00f3n se incluye la memoria del programa realizado en el Centro curso 24\/25 MEMORIA CUENTACUENTOS CEIP SIERRA DE C\u00c1DIZ<\/p>\n","protected":false},"author":4073,"featured_media":0,"comment_status":"open","ping_status":"open","sticky":false,"template":"","format":"standard","meta":{"ngg_post_thumbnail":0,"footnotes":""},"categories":[11909],"tags":[],"aioseo_notices":[],"_links":{"self":[{"href":"https:\/\/blogsaverroes.juntadeandalucia.es\/sierradecadiz\/wp-json\/wp\/v2\/posts\/3142"}],"collection":[{"href":"https:\/\/blogsaverroes.juntadeandalucia.es\/sierradecadiz\/wp-json\/wp\/v2\/posts"}],"about":[{"href":"https:\/\/blogsaverroes.juntadeandalucia.es\/sierradecadiz\/wp-json\/wp\/v2\/types\/post"}],"author":[{"embeddable":true,"href":"https:\/\/blogsaverroes.juntadeandalucia.es\/sierradecadiz\/wp-json\/wp\/v2\/users\/4073"}],"replies":[{"embeddable":true,"href":"https:\/\/blogsaverroes.juntadeandalucia.es\/sierradecadiz\/wp-json\/wp\/v2\/comments?post=3142"}],"version-history":[{"count":2,"href":"https:\/\/blogsaverroes.juntadeandalucia.es\/sierradecadiz\/wp-json\/wp\/v2\/posts\/3142\/revisions"}],"predecessor-version":[{"id":3157,"href":"https:\/\/blogsaverroes.juntadeandalucia.es\/sierradecadiz\/wp-json\/wp\/v2\/posts\/3142\/revisions\/3157"}],"wp:attachment":[{"href":"https:\/\/blogsaverroes.juntadeandalucia.es\/sierradecadiz\/wp-json\/wp\/v2\/media?parent=3142"}],"wp:term":[{"taxonomy":"category","embeddable":true,"href":"https:\/\/blogsaverroes.juntadeandalucia.es\/sierradecadiz\/wp-json\/wp\/v2\/categories?post=3142"},{"taxonomy":"post_tag","embeddable":true,"href":"https:\/\/blogsaverroes.juntadeandalucia.es\/sierradecadiz\/wp-json\/wp\/v2\/tags?post=3142"}],"curies":[{"name":"wp","href":"https:\/\/api.w.org\/{rel}","templated":true}]}}