{"id":3720,"date":"2016-09-25T11:04:51","date_gmt":"2016-09-25T10:04:51","guid":{"rendered":"http:\/\/blogsaverroes.juntadeandalucia.es\/sierramagina\/?p=3720"},"modified":"2016-09-25T11:14:03","modified_gmt":"2016-09-25T10:14:03","slug":"consejo1","status":"publish","type":"post","link":"https:\/\/blogsaverroes.juntadeandalucia.es\/sierramagina\/consejo1\/","title":{"rendered":"Elecciones al Consejo Escolar (sorte de la Junta Electoral)"},"content":{"rendered":"<p><strong>Convocatoria, para la designaci\u00f3n mediante sorteo p\u00fablico, de la Junta electoral.<\/strong><\/p>\n<p>Se convoca a todas las personas interesadas en asistir al sorteo p\u00fablico que se realizar\u00e1 en este Centro, el 26 de septiembre a las 11.15 horas, para la elecci\u00f3n de una persona representante en la Junta electoral, por cada uno de los sectores implicados (profesorado, alumnado, padres del alumnado y personal de administraci\u00f3n y servicios).<\/p>\n<p><a href=\"http:\/\/blogsaverroes.juntadeandalucia.es\/sierramagina\/files\/2016\/09\/convocatoria_sorteo_juntaelectoral_2016.pdf\">M\u00e1s informaci\u00f3n (sorteo junta electoral 2016)<\/a><\/p>\n<p><a href=\"http:\/\/blogsaverroes.juntadeandalucia.es\/sierramagina\/files\/2016\/09\/consejo-escolar.jpg\"><img decoding=\"async\" class=\" size-medium wp-image-3725 aligncenter\" src=\"http:\/\/blogsaverroes.juntadeandalucia.es\/sierramagina\/files\/2016\/09\/consejo-escolar-300x155.jpg\" alt=\"consejo escolar\" width=\"300\" height=\"155\" srcset=\"https:\/\/blogsaverroes.juntadeandalucia.es\/sierramagina\/files\/2016\/09\/consejo-escolar-300x155.jpg 300w, https:\/\/blogsaverroes.juntadeandalucia.es\/sierramagina\/files\/2016\/09\/consejo-escolar.jpg 620w\" sizes=\"(max-width: 300px) 100vw, 300px\" \/><\/a><\/p>\n","protected":false},"excerpt":{"rendered":"<p>Convocatoria, para la designaci\u00f3n mediante sorteo p\u00fablico, de la Junta electoral. Se convoca a todas las personas interesadas en asistir al sorteo p\u00fablico que se realizar\u00e1 en este Centro, el 26 de septiembre a&#46;&#46;&#46;<\/p>\n","protected":false},"author":2068,"featured_media":3724,"comment_status":"open","ping_status":"open","sticky":false,"template":"","format":"standard","meta":{"ngg_post_thumbnail":0,"footnotes":""},"categories":[1696,526],"tags":[],"aioseo_notices":[],"_links":{"self":[{"href":"https:\/\/blogsaverroes.juntadeandalucia.es\/sierramagina\/wp-json\/wp\/v2\/posts\/3720"}],"collection":[{"href":"https:\/\/blogsaverroes.juntadeandalucia.es\/sierramagina\/wp-json\/wp\/v2\/posts"}],"about":[{"href":"https:\/\/blogsaverroes.juntadeandalucia.es\/sierramagina\/wp-json\/wp\/v2\/types\/post"}],"author":[{"embeddable":true,"href":"https:\/\/blogsaverroes.juntadeandalucia.es\/sierramagina\/wp-json\/wp\/v2\/users\/2068"}],"replies":[{"embeddable":true,"href":"https:\/\/blogsaverroes.juntadeandalucia.es\/sierramagina\/wp-json\/wp\/v2\/comments?post=3720"}],"version-history":[{"count":6,"href":"https:\/\/blogsaverroes.juntadeandalucia.es\/sierramagina\/wp-json\/wp\/v2\/posts\/3720\/revisions"}],"predecessor-version":[{"id":3731,"href":"https:\/\/blogsaverroes.juntadeandalucia.es\/sierramagina\/wp-json\/wp\/v2\/posts\/3720\/revisions\/3731"}],"wp:featuredmedia":[{"embeddable":true,"href":"https:\/\/blogsaverroes.juntadeandalucia.es\/sierramagina\/wp-json\/wp\/v2\/media\/3724"}],"wp:attachment":[{"href":"https:\/\/blogsaverroes.juntadeandalucia.es\/sierramagina\/wp-json\/wp\/v2\/media?parent=3720"}],"wp:term":[{"taxonomy":"category","embeddable":true,"href":"https:\/\/blogsaverroes.juntadeandalucia.es\/sierramagina\/wp-json\/wp\/v2\/categories?post=3720"},{"taxonomy":"post_tag","embeddable":true,"href":"https:\/\/blogsaverroes.juntadeandalucia.es\/sierramagina\/wp-json\/wp\/v2\/tags?post=3720"}],"curies":[{"name":"wp","href":"https:\/\/api.w.org\/{rel}","templated":true}]}}