{"id":5981,"date":"2019-12-03T09:30:10","date_gmt":"2019-12-03T08:30:10","guid":{"rendered":"https:\/\/blogsaverroes.juntadeandalucia.es\/sierramagina\/?p=5981"},"modified":"2019-12-03T09:30:10","modified_gmt":"2019-12-03T08:30:10","slug":"feria-del-libro-2019","status":"publish","type":"post","link":"https:\/\/blogsaverroes.juntadeandalucia.es\/sierramagina\/feria-del-libro-2019\/","title":{"rendered":"Feria del Libro 2019"},"content":{"rendered":"<p>Los d\u00edas 2 y 3 de diciembre se celebra la ya tradicional Feria del Libro donde, con la colaboraci\u00f3n de la Librer\u00eda Escolar y del AMPA \u00abCuatro Villas\u00bb, alumnos, padres y profesores pueden encontrar un buen surtido de libros (incluyendo las novedades m\u00e1s recientes) a un precio bastante apa\u00f1ado. \u00a1No os la perd\u00e1is!<\/p>\n<p><img fetchpriority=\"high\" decoding=\"async\" class=\"alignnone size-medium wp-image-5982\" src=\"https:\/\/blogsaverroes.juntadeandalucia.es\/sierramagina\/files\/2019\/12\/cartel-feria-del-libro-2019-600x400.png\" alt=\"\" width=\"600\" height=\"400\" srcset=\"https:\/\/blogsaverroes.juntadeandalucia.es\/sierramagina\/files\/2019\/12\/cartel-feria-del-libro-2019-600x400.png 600w, https:\/\/blogsaverroes.juntadeandalucia.es\/sierramagina\/files\/2019\/12\/cartel-feria-del-libro-2019-300x200.png 300w, https:\/\/blogsaverroes.juntadeandalucia.es\/sierramagina\/files\/2019\/12\/cartel-feria-del-libro-2019-768x512.png 768w, https:\/\/blogsaverroes.juntadeandalucia.es\/sierramagina\/files\/2019\/12\/cartel-feria-del-libro-2019-24x16.png 24w, https:\/\/blogsaverroes.juntadeandalucia.es\/sierramagina\/files\/2019\/12\/cartel-feria-del-libro-2019-36x24.png 36w, https:\/\/blogsaverroes.juntadeandalucia.es\/sierramagina\/files\/2019\/12\/cartel-feria-del-libro-2019-48x32.png 48w, https:\/\/blogsaverroes.juntadeandalucia.es\/sierramagina\/files\/2019\/12\/cartel-feria-del-libro-2019.png 1000w\" sizes=\"(max-width: 600px) 100vw, 600px\" \/><\/p>\n","protected":false},"excerpt":{"rendered":"<p>Los d\u00edas 2 y 3 de diciembre se celebra la ya tradicional Feria del Libro donde, con la colaboraci\u00f3n de la Librer\u00eda Escolar y del AMPA \u00abCuatro Villas\u00bb, alumnos, padres y profesores pueden encontrar&#46;&#46;&#46;<\/p>\n","protected":false},"author":3318,"featured_media":5982,"comment_status":"open","ping_status":"open","sticky":false,"template":"","format":"standard","meta":{"ngg_post_thumbnail":0,"footnotes":""},"categories":[5991,526],"tags":[213,267],"aioseo_notices":[],"_links":{"self":[{"href":"https:\/\/blogsaverroes.juntadeandalucia.es\/sierramagina\/wp-json\/wp\/v2\/posts\/5981"}],"collection":[{"href":"https:\/\/blogsaverroes.juntadeandalucia.es\/sierramagina\/wp-json\/wp\/v2\/posts"}],"about":[{"href":"https:\/\/blogsaverroes.juntadeandalucia.es\/sierramagina\/wp-json\/wp\/v2\/types\/post"}],"author":[{"embeddable":true,"href":"https:\/\/blogsaverroes.juntadeandalucia.es\/sierramagina\/wp-json\/wp\/v2\/users\/3318"}],"replies":[{"embeddable":true,"href":"https:\/\/blogsaverroes.juntadeandalucia.es\/sierramagina\/wp-json\/wp\/v2\/comments?post=5981"}],"version-history":[{"count":1,"href":"https:\/\/blogsaverroes.juntadeandalucia.es\/sierramagina\/wp-json\/wp\/v2\/posts\/5981\/revisions"}],"predecessor-version":[{"id":5983,"href":"https:\/\/blogsaverroes.juntadeandalucia.es\/sierramagina\/wp-json\/wp\/v2\/posts\/5981\/revisions\/5983"}],"wp:featuredmedia":[{"embeddable":true,"href":"https:\/\/blogsaverroes.juntadeandalucia.es\/sierramagina\/wp-json\/wp\/v2\/media\/5982"}],"wp:attachment":[{"href":"https:\/\/blogsaverroes.juntadeandalucia.es\/sierramagina\/wp-json\/wp\/v2\/media?parent=5981"}],"wp:term":[{"taxonomy":"category","embeddable":true,"href":"https:\/\/blogsaverroes.juntadeandalucia.es\/sierramagina\/wp-json\/wp\/v2\/categories?post=5981"},{"taxonomy":"post_tag","embeddable":true,"href":"https:\/\/blogsaverroes.juntadeandalucia.es\/sierramagina\/wp-json\/wp\/v2\/tags?post=5981"}],"curies":[{"name":"wp","href":"https:\/\/api.w.org\/{rel}","templated":true}]}}