{"id":6062,"date":"2020-02-15T12:45:41","date_gmt":"2020-02-15T11:45:41","guid":{"rendered":"https:\/\/blogsaverroes.juntadeandalucia.es\/sierramagina\/?p=6062"},"modified":"2020-02-15T13:06:04","modified_gmt":"2020-02-15T12:06:04","slug":"6062-2","status":"publish","type":"post","link":"https:\/\/blogsaverroes.juntadeandalucia.es\/sierramagina\/6062-2\/","title":{"rendered":"Primeros frutos del intercambio M\u00c1GINA-SAINT JOSEPH"},"content":{"rendered":"<p>&nbsp;<\/p>\n<table>\n<tbody>\n<tr>\n<td style=\"border-color: #ffffff;background-color: #ffffff\"><img fetchpriority=\"high\" decoding=\"async\" class=\"aligncenter\" src=\"https:\/\/1.bp.blogspot.com\/-D6vlaRIEYes\/XkWW322LLTI\/AAAAAAAAH-c\/lK-8E6nrKbYSnGKjYoO7TBnauNNB-QDxwCEwYBhgL\/s640\/IMG_6982.jpg\" width=\"640\" height=\"480\" border=\"0\" data-original-height=\"1200\" data-original-width=\"1600\"\/><\/td>\n<\/tr>\n<tr>\n<td style=\"border-color: #ffffff;background-color: #ffffff;text-align: center\"><em>Alumnas francesas ganadoras del concurso sobre Historia de Andaluc\u00eda organizado por Joaqu\u00edn, profesor de Historia.&nbsp;<\/em><br \/>\n<em>Cutrefoto de mmolpor.<\/em><\/td>\n<\/tr>\n<\/tbody>\n<\/table>\n<p style=\"text-align: justify\">&nbsp; &nbsp; &nbsp; Se acerca sigilosamente el viernes, gracias a Dios, y el revuelo de idiomas, mochilas, profesores y alumnos dar\u00e1 paso a una sosegada calma que esperamos culmine en una orf\u00e9ica siesta realmente reparadora. Un intercambio tal como este que ya se acerca a su ecuador, con 33 criaturas entrando y saliendo de clases, talleres, charlas, gimnasios, algunos de ellos bastante perdidos, acarrea un nivel de esfuerzo extra para el profesorado que s\u00f3lo los que est\u00e1n de lleno implicados en ello conocen.&nbsp;<\/p>\n<p>&nbsp; &nbsp; &nbsp; Un inciso: como ya es habitual en este blog, para animar la lectura de las haza\u00f1as de nuestros alumnos os proponemos la siguiente canci\u00f3n francesa: &nbsp;<\/p>\n<p><iframe title=\"ZAZ Je veux traducida espa\u00f1ol\" width=\"500\" height=\"281\" src=\"https:\/\/www.youtube.com\/embed\/RJPBhWtqnGg?feature=oembed&#038;wmode=opaque\" frameborder=\"0\" allow=\"accelerometer; autoplay; clipboard-write; encrypted-media; gyroscope; picture-in-picture\" allowfullscreen><\/iframe><\/p>\n<p>&nbsp; &nbsp; Toca hoy&nbsp;realizar un somero repaso por las actividades m\u00e1s relevantes que los casi 60 alumnos -\u00a1qu\u00e9 energ\u00eda, qu\u00e9 vitalidad! &nbsp;(y qu\u00e9 ganas de&nbsp;llevar la contraria, tambi\u00e9n, como buenos adolescentes, da igual que sean franceses o espa\u00f1oles) han realizado desde que llegaron a Mancha Real el pasado mi\u00e9rcoles por la tarde.&nbsp;<\/p>\n<p>&nbsp; &nbsp; Hoy tambi\u00e9n toca romper una lanza por los muchos compa\u00f1eros del instituto, m\u00e1s por&nbsp;Heidi, Pierre y \u00c9milie, los tres profesores franceses que, tras el trabajo previsto en el programa, se deleitan con las berenjenas con miel y los flamenquines del <em><a href=\"https:\/\/www.tripadvisor.es\/Restaurant_Review-g315916-d4070229-Reviews-Cuatro_Esquinas-Jaen_Province_of_Jaen_Andalucia.html\">4 Esquinas<\/a>, <\/em>una de las joyas culinarias de Ja\u00e9n sito en el castizo barrio de de San Ildefonso,&nbsp;y boquiabiertos, babean con gozo observando detenidamente la imponente catedral de Ja\u00e9n.&nbsp;<\/p>\n<p>&nbsp; &nbsp; \u00bfY por qu\u00e9 hemos de romper esa lanza? Porque las caras rebosantes de alegr\u00eda que vais a ver en las fotos y en los videos que acompa\u00f1an esta breve rese\u00f1a se deben a todos ellos. Y a las familias, pero de ellas hablaremos otro d\u00eda.&nbsp;<\/p>\n<table>\n<tbody>\n<tr>\n<td style=\"border-color: #ffffff;background-color: #ffffff\"><img decoding=\"async\" class=\"aligncenter\" src=\"https:\/\/1.bp.blogspot.com\/-8CytmahzRLE\/XkWRlLNVUjI\/AAAAAAAAH90\/-tX_QY3Ld-A86wGVGOD6Az0qlh8LVs3zwCEwYBhgL\/s640\/IMG_6990.jpg\" width=\"640\" height=\"480\" border=\"0\" data-original-height=\"1200\" data-original-width=\"1600\"\/><\/td>\n<\/tr>\n<tr>\n<td style=\"border-color: #ffffff;background-color: #ffffff;text-align: center\"><em>Pierre, Heidi y \u00c9milie, encargados de este intercambio con Francia, durante su visita al sal\u00f3n mud\u00e9jar de Ja\u00e9n capital. Cutrefoto de mmolpor.<\/em><\/td>\n<\/tr>\n<\/tbody>\n<\/table>\n<p>&nbsp; &nbsp; &nbsp;Supone ello una tarea extra que no tiene m\u00e1s satisfacci\u00f3n que la del trabajo bien hecho, la de intentar trabajar de otra manera usando diferentes metodolog\u00edas, la de esforzarse por establecer v\u00ednculos diferentes con las&nbsp;familias &nbsp;y con los alumnos, propiciando lugares de encuentro entre los tres actores de esta pel\u00edcula llamada <strong>Docencia<\/strong>.<\/p>\n<table>\n<tbody>\n<tr>\n<td style=\"border-color: #ffffff;background-color: #ffffff\"><img decoding=\"async\" class=\"aligncenter\" src=\"https:\/\/1.bp.blogspot.com\/-0le889Hi_mc\/XkZRCTiBOLI\/AAAAAAAAH_w\/hDTSleZZDPIhNTqc3AG5Y3fYMuVTEx-LQCLcBGAsYHQ\/s640\/IMG_6986.jpg\" width=\"480\" height=\"640\" border=\"0\" data-original-height=\"1600\" data-original-width=\"1200\"\/><\/td>\n<\/tr>\n<tr>\n<td style=\"border-color: #ffffff;background-color: #ffffff;text-align: center\"><em><a href=\"https:\/\/es.wikipedia.org\/wiki\/Artesonado\">Artesonado mud\u00e9jar<\/a> del sal\u00f3n del mismo nombre<\/em><br \/>\n<em>&nbsp;en Ja\u00e9n. <a href=\"http:\/\/www.turjaen.org\/es\/lugar-interes\/palacio-municipal-de-cultura-y-salon-mudejar\">Enlace al sal\u00f3n mud\u00e9jar<\/a><\/em><\/td>\n<\/tr>\n<\/tbody>\n<\/table>\n<p>&nbsp; &nbsp; &nbsp; Viajes, excursiones, actividades deportivas, visitas a museos, concursos, lugares de inter\u00e9s hist\u00f3rico, bailes&#8230; <em><strong><a href=\"https:\/\/erasmusplusmaginamanchareal.blogspot.com\/2020\/02\/primeros-frutos-del-intercambio-magina_13.html\">leer m\u00e1s&gt;&gt;&gt;<\/a><\/strong><\/em><a href=\"https:\/\/erasmusplusmaginamanchareal.blogspot.com\/2020\/02\/primeros-frutos-del-intercambio-magina_13.html\"><!--more--><\/a><\/p>\n","protected":false},"excerpt":{"rendered":"<p>&nbsp; Alumnas francesas ganadoras del concurso sobre Historia de Andaluc\u00eda organizado por Joaqu\u00edn, profesor de Historia.&nbsp; Cutrefoto de mmolpor. &nbsp; &nbsp; &nbsp; Se acerca sigilosamente el viernes, gracias a Dios, y el revuelo de&#46;&#46;&#46;<\/p>\n","protected":false},"author":2068,"featured_media":6064,"comment_status":"open","ping_status":"open","sticky":false,"template":"","format":"standard","meta":{"ngg_post_thumbnail":0,"footnotes":""},"categories":[5991,701872],"tags":[],"aioseo_notices":[],"_links":{"self":[{"href":"https:\/\/blogsaverroes.juntadeandalucia.es\/sierramagina\/wp-json\/wp\/v2\/posts\/6062"}],"collection":[{"href":"https:\/\/blogsaverroes.juntadeandalucia.es\/sierramagina\/wp-json\/wp\/v2\/posts"}],"about":[{"href":"https:\/\/blogsaverroes.juntadeandalucia.es\/sierramagina\/wp-json\/wp\/v2\/types\/post"}],"author":[{"embeddable":true,"href":"https:\/\/blogsaverroes.juntadeandalucia.es\/sierramagina\/wp-json\/wp\/v2\/users\/2068"}],"replies":[{"embeddable":true,"href":"https:\/\/blogsaverroes.juntadeandalucia.es\/sierramagina\/wp-json\/wp\/v2\/comments?post=6062"}],"version-history":[{"count":8,"href":"https:\/\/blogsaverroes.juntadeandalucia.es\/sierramagina\/wp-json\/wp\/v2\/posts\/6062\/revisions"}],"predecessor-version":[{"id":6071,"href":"https:\/\/blogsaverroes.juntadeandalucia.es\/sierramagina\/wp-json\/wp\/v2\/posts\/6062\/revisions\/6071"}],"wp:featuredmedia":[{"embeddable":true,"href":"https:\/\/blogsaverroes.juntadeandalucia.es\/sierramagina\/wp-json\/wp\/v2\/media\/6064"}],"wp:attachment":[{"href":"https:\/\/blogsaverroes.juntadeandalucia.es\/sierramagina\/wp-json\/wp\/v2\/media?parent=6062"}],"wp:term":[{"taxonomy":"category","embeddable":true,"href":"https:\/\/blogsaverroes.juntadeandalucia.es\/sierramagina\/wp-json\/wp\/v2\/categories?post=6062"},{"taxonomy":"post_tag","embeddable":true,"href":"https:\/\/blogsaverroes.juntadeandalucia.es\/sierramagina\/wp-json\/wp\/v2\/tags?post=6062"}],"curies":[{"name":"wp","href":"https:\/\/api.w.org\/{rel}","templated":true}]}}