{"id":7207,"date":"2022-03-29T10:17:27","date_gmt":"2022-03-29T08:17:27","guid":{"rendered":"https:\/\/blogsaverroes.juntadeandalucia.es\/sierramagina\/?p=7207"},"modified":"2022-03-29T10:17:27","modified_gmt":"2022-03-29T08:17:27","slug":"olimpiada-matematica-thales","status":"publish","type":"post","link":"https:\/\/blogsaverroes.juntadeandalucia.es\/sierramagina\/olimpiada-matematica-thales\/","title":{"rendered":"OLIMPIADA MATEM\u00c1TICA THALES"},"content":{"rendered":"<p>El pasado s\u00e1bado 12 de marzo, un grupo de 9 alumnos de 2\u00ba de ESO de nuestro Centro participaron en la fase provincial de la XXXVII Olimpiada Matem\u00e1tica Thales que este curso volvi\u00f3 a celebrarse de manera presencial en el I.E.S. Virgen del Carmen de Ja\u00e9n.<\/p>\n<p>La prueba comenz\u00f3 a las 10:30 y consisti\u00f3 en la resoluci\u00f3n de seis problemas de razonamiento l\u00f3gico-matem\u00e1tico en un tiempo m\u00e1ximo de 2 horas.<\/p>\n<p>Los alumnos\/as cuentan que ha sido una buena experiencia. Al principio se encontraban algo &nbsp;nerviosos pero, a pesar del nivel de dificultad de alguno de los ejercicios, pudieron defenderse en la mayor\u00eda de ellos y est\u00e1n satisfechos con su trabajo.<\/p>\n<p>El pr\u00f3ximo viernes 22 de abril se publicar\u00e1 la lista con los nombres de los 30 alumnos que hayan obtenido mejores resultados, para los cuales se celebrar\u00e1 un acto de entrega de premios en el que se desvelar\u00e1 el nombre de los 5 ganadores que participar\u00e1n en la fase regional de la Olimpiada, que este a\u00f1o tendr\u00e1 lugar en M\u00e1laga del 11 al 14 de mayo.<\/p>\n<p>\u00a1Suerte para nuestro alumnado!<\/p>\n","protected":false},"excerpt":{"rendered":"<p>El pasado s\u00e1bado 12 de marzo, un grupo de 9 alumnos de 2\u00ba de ESO de nuestro Centro participaron en la fase provincial de la XXXVII Olimpiada Matem\u00e1tica Thales que este curso volvi\u00f3 a&#46;&#46;&#46;<\/p>\n","protected":false},"author":2455,"featured_media":7206,"comment_status":"closed","ping_status":"closed","sticky":false,"template":"","format":"standard","meta":{"ngg_post_thumbnail":0,"footnotes":""},"categories":[526],"tags":[],"aioseo_notices":[],"_links":{"self":[{"href":"https:\/\/blogsaverroes.juntadeandalucia.es\/sierramagina\/wp-json\/wp\/v2\/posts\/7207"}],"collection":[{"href":"https:\/\/blogsaverroes.juntadeandalucia.es\/sierramagina\/wp-json\/wp\/v2\/posts"}],"about":[{"href":"https:\/\/blogsaverroes.juntadeandalucia.es\/sierramagina\/wp-json\/wp\/v2\/types\/post"}],"author":[{"embeddable":true,"href":"https:\/\/blogsaverroes.juntadeandalucia.es\/sierramagina\/wp-json\/wp\/v2\/users\/2455"}],"replies":[{"embeddable":true,"href":"https:\/\/blogsaverroes.juntadeandalucia.es\/sierramagina\/wp-json\/wp\/v2\/comments?post=7207"}],"version-history":[{"count":1,"href":"https:\/\/blogsaverroes.juntadeandalucia.es\/sierramagina\/wp-json\/wp\/v2\/posts\/7207\/revisions"}],"predecessor-version":[{"id":7208,"href":"https:\/\/blogsaverroes.juntadeandalucia.es\/sierramagina\/wp-json\/wp\/v2\/posts\/7207\/revisions\/7208"}],"wp:featuredmedia":[{"embeddable":true,"href":"https:\/\/blogsaverroes.juntadeandalucia.es\/sierramagina\/wp-json\/wp\/v2\/media\/7206"}],"wp:attachment":[{"href":"https:\/\/blogsaverroes.juntadeandalucia.es\/sierramagina\/wp-json\/wp\/v2\/media?parent=7207"}],"wp:term":[{"taxonomy":"category","embeddable":true,"href":"https:\/\/blogsaverroes.juntadeandalucia.es\/sierramagina\/wp-json\/wp\/v2\/categories?post=7207"},{"taxonomy":"post_tag","embeddable":true,"href":"https:\/\/blogsaverroes.juntadeandalucia.es\/sierramagina\/wp-json\/wp\/v2\/tags?post=7207"}],"curies":[{"name":"wp","href":"https:\/\/api.w.org\/{rel}","templated":true}]}}