{"id":9250,"date":"2025-02-26T12:55:45","date_gmt":"2025-02-26T11:55:45","guid":{"rendered":"https:\/\/blogsaverroes.juntadeandalucia.es\/sierramagina\/?p=9250"},"modified":"2025-02-27T12:12:18","modified_gmt":"2025-02-27T11:12:18","slug":"9250-2","status":"publish","type":"post","link":"https:\/\/blogsaverroes.juntadeandalucia.es\/sierramagina\/9250-2\/","title":{"rendered":""},"content":{"rendered":"<p><img fetchpriority=\"high\" decoding=\"async\" class=\"size-medium wp-image-9253 alignright\" src=\"https:\/\/blogsaverroes.juntadeandalucia.es\/sierramagina\/files\/2025\/02\/Natalia-Segura-Lorite-267x400.jpg\" alt=\"\" width=\"267\" height=\"400\" srcset=\"https:\/\/blogsaverroes.juntadeandalucia.es\/sierramagina\/files\/2025\/02\/Natalia-Segura-Lorite-267x400.jpg 267w, https:\/\/blogsaverroes.juntadeandalucia.es\/sierramagina\/files\/2025\/02\/Natalia-Segura-Lorite.jpg 400w\" sizes=\"(max-width: 267px) 100vw, 267px\" \/>Nos complace comunicaros que el equipo de la Federaci\u00f3n Andaluza de Nataci\u00f3n, del que es integrante nuestra alumna Natalia Segura Lorite de 2\u00ba de E.S.O. B, ha quedado como primer clasificado en el VIII Campeonato de Espa\u00f1a de Nataci\u00f3n Adaptada e Inclusiva celebrado en Valladolid los d\u00edas 21, 22 y 23 de febrero.<\/p>\n<p>\u00a1ENHORABUENA NATALIA!<\/p>\n","protected":false},"excerpt":{"rendered":"<p>Nos complace comunicaros que el equipo de la Federaci\u00f3n Andaluza de Nataci\u00f3n, del que es integrante nuestra alumna Natalia Segura Lorite de 2\u00ba de E.S.O. B, ha quedado como primer clasificado en el VIII&#46;&#46;&#46;<\/p>\n","protected":false},"author":17050,"featured_media":9251,"comment_status":"open","ping_status":"open","sticky":false,"template":"","format":"standard","meta":{"ngg_post_thumbnail":0,"footnotes":""},"categories":[526],"tags":[],"aioseo_notices":[],"_links":{"self":[{"href":"https:\/\/blogsaverroes.juntadeandalucia.es\/sierramagina\/wp-json\/wp\/v2\/posts\/9250"}],"collection":[{"href":"https:\/\/blogsaverroes.juntadeandalucia.es\/sierramagina\/wp-json\/wp\/v2\/posts"}],"about":[{"href":"https:\/\/blogsaverroes.juntadeandalucia.es\/sierramagina\/wp-json\/wp\/v2\/types\/post"}],"author":[{"embeddable":true,"href":"https:\/\/blogsaverroes.juntadeandalucia.es\/sierramagina\/wp-json\/wp\/v2\/users\/17050"}],"replies":[{"embeddable":true,"href":"https:\/\/blogsaverroes.juntadeandalucia.es\/sierramagina\/wp-json\/wp\/v2\/comments?post=9250"}],"version-history":[{"count":3,"href":"https:\/\/blogsaverroes.juntadeandalucia.es\/sierramagina\/wp-json\/wp\/v2\/posts\/9250\/revisions"}],"predecessor-version":[{"id":9255,"href":"https:\/\/blogsaverroes.juntadeandalucia.es\/sierramagina\/wp-json\/wp\/v2\/posts\/9250\/revisions\/9255"}],"wp:featuredmedia":[{"embeddable":true,"href":"https:\/\/blogsaverroes.juntadeandalucia.es\/sierramagina\/wp-json\/wp\/v2\/media\/9251"}],"wp:attachment":[{"href":"https:\/\/blogsaverroes.juntadeandalucia.es\/sierramagina\/wp-json\/wp\/v2\/media?parent=9250"}],"wp:term":[{"taxonomy":"category","embeddable":true,"href":"https:\/\/blogsaverroes.juntadeandalucia.es\/sierramagina\/wp-json\/wp\/v2\/categories?post=9250"},{"taxonomy":"post_tag","embeddable":true,"href":"https:\/\/blogsaverroes.juntadeandalucia.es\/sierramagina\/wp-json\/wp\/v2\/tags?post=9250"}],"curies":[{"name":"wp","href":"https:\/\/api.w.org\/{rel}","templated":true}]}}