{"id":9707,"date":"2026-03-18T08:21:11","date_gmt":"2026-03-18T07:21:11","guid":{"rendered":"https:\/\/blogsaverroes.juntadeandalucia.es\/sierramagina\/?p=9707"},"modified":"2026-03-18T08:21:11","modified_gmt":"2026-03-18T07:21:11","slug":"olimpiadas-matematicas","status":"publish","type":"post","link":"https:\/\/blogsaverroes.juntadeandalucia.es\/sierramagina\/olimpiadas-matematicas\/","title":{"rendered":"OLIMPIADAS MATEM\u00c1TICAS"},"content":{"rendered":"<p>Nuestro alumnado de 4\u00ba y 2\u00ba de ESO ha participado en las olimpiadas matem\u00e1ticas Thales,<br \/>\ncelebradas los d\u00edas 14 de febrero y 14 de marzo respectivamente.<br \/>\nDesde aqu\u00ed queremos felicitarles por esfuerzo, por haber disfrutado de esta experiencia y<br \/>\nanimarles a que sigan manteniendo ese inter\u00e9s y entusiasmo por las matem\u00e1ticas.<\/p>\n<p><img fetchpriority=\"high\" decoding=\"async\" class=\"alignnone size-medium wp-image-9709\" src=\"https:\/\/blogsaverroes.juntadeandalucia.es\/sierramagina\/files\/2026\/03\/OLIMPIADA_4o-533x400.jpg\" alt=\"\" width=\"533\" height=\"400\" srcset=\"https:\/\/blogsaverroes.juntadeandalucia.es\/sierramagina\/files\/2026\/03\/OLIMPIADA_4o-533x400.jpg 533w, https:\/\/blogsaverroes.juntadeandalucia.es\/sierramagina\/files\/2026\/03\/OLIMPIADA_4o-1024x768.jpg 1024w, https:\/\/blogsaverroes.juntadeandalucia.es\/sierramagina\/files\/2026\/03\/OLIMPIADA_4o-768x576.jpg 768w, https:\/\/blogsaverroes.juntadeandalucia.es\/sierramagina\/files\/2026\/03\/OLIMPIADA_4o-1536x1152.jpg 1536w, https:\/\/blogsaverroes.juntadeandalucia.es\/sierramagina\/files\/2026\/03\/OLIMPIADA_4o.jpg 1600w\" sizes=\"(max-width: 533px) 100vw, 533px\" \/><\/p>\n","protected":false},"excerpt":{"rendered":"<p>Nuestro alumnado de 4\u00ba y 2\u00ba de ESO ha participado en las olimpiadas matem\u00e1ticas Thales, celebradas los d\u00edas 14 de febrero y 14 de marzo respectivamente. Desde aqu\u00ed queremos felicitarles por esfuerzo, por haber&#46;&#46;&#46;<\/p>\n","protected":false},"author":17050,"featured_media":9708,"comment_status":"open","ping_status":"open","sticky":false,"template":"","format":"standard","meta":{"ngg_post_thumbnail":0,"footnotes":""},"categories":[526],"tags":[],"aioseo_notices":[],"_links":{"self":[{"href":"https:\/\/blogsaverroes.juntadeandalucia.es\/sierramagina\/wp-json\/wp\/v2\/posts\/9707"}],"collection":[{"href":"https:\/\/blogsaverroes.juntadeandalucia.es\/sierramagina\/wp-json\/wp\/v2\/posts"}],"about":[{"href":"https:\/\/blogsaverroes.juntadeandalucia.es\/sierramagina\/wp-json\/wp\/v2\/types\/post"}],"author":[{"embeddable":true,"href":"https:\/\/blogsaverroes.juntadeandalucia.es\/sierramagina\/wp-json\/wp\/v2\/users\/17050"}],"replies":[{"embeddable":true,"href":"https:\/\/blogsaverroes.juntadeandalucia.es\/sierramagina\/wp-json\/wp\/v2\/comments?post=9707"}],"version-history":[{"count":1,"href":"https:\/\/blogsaverroes.juntadeandalucia.es\/sierramagina\/wp-json\/wp\/v2\/posts\/9707\/revisions"}],"predecessor-version":[{"id":9710,"href":"https:\/\/blogsaverroes.juntadeandalucia.es\/sierramagina\/wp-json\/wp\/v2\/posts\/9707\/revisions\/9710"}],"wp:featuredmedia":[{"embeddable":true,"href":"https:\/\/blogsaverroes.juntadeandalucia.es\/sierramagina\/wp-json\/wp\/v2\/media\/9708"}],"wp:attachment":[{"href":"https:\/\/blogsaverroes.juntadeandalucia.es\/sierramagina\/wp-json\/wp\/v2\/media?parent=9707"}],"wp:term":[{"taxonomy":"category","embeddable":true,"href":"https:\/\/blogsaverroes.juntadeandalucia.es\/sierramagina\/wp-json\/wp\/v2\/categories?post=9707"},{"taxonomy":"post_tag","embeddable":true,"href":"https:\/\/blogsaverroes.juntadeandalucia.es\/sierramagina\/wp-json\/wp\/v2\/tags?post=9707"}],"curies":[{"name":"wp","href":"https:\/\/api.w.org\/{rel}","templated":true}]}}