{"id":1227,"date":"2024-10-29T10:52:45","date_gmt":"2024-10-29T09:52:45","guid":{"rendered":"https:\/\/blogsaverroes.juntadeandalucia.es\/sierrasur\/?p=1227"},"modified":"2024-11-04T12:08:55","modified_gmt":"2024-11-04T11:08:55","slug":"dia-de-la-mujer-rural","status":"publish","type":"post","link":"https:\/\/blogsaverroes.juntadeandalucia.es\/sierrasur\/dia-de-la-mujer-rural\/","title":{"rendered":"D\u00eda de la Mujer Rural"},"content":{"rendered":"<p>[et_pb_section fb_built=&#8221;1&#8243; admin_label=&#8221;section&#8221; _builder_version=&#8221;4.16&#8243; hover_enabled=&#8221;0&#8243; global_colors_info=&#8221;{}&#8221; sticky_enabled=&#8221;0&#8243;][et_pb_row _builder_version=&#8221;4.24.2&#8243; _module_preset=&#8221;default&#8221;][et_pb_column _builder_version=&#8221;4.24.2&#8243; _module_preset=&#8221;default&#8221; type=&#8221;4_4&#8243;][et_pb_gallery _builder_version=&#8221;4.24.2&#8243; _module_preset=&#8221;default&#8221; gallery_ids=&#8221;1263&#8243; show_title_and_caption=&#8221;off&#8221; hover_enabled=&#8221;0&#8243; sticky_enabled=&#8221;0&#8243;][\/et_pb_gallery][\/et_pb_column][\/et_pb_row][\/et_pb_section][et_pb_section fb_built=&#8221;1&#8243; theme_builder_area=&#8221;post_content&#8221; _builder_version=&#8221;4.24.2&#8243; _module_preset=&#8221;default&#8221;][et_pb_row _builder_version=&#8221;4.24.2&#8243; _module_preset=&#8221;default&#8221; theme_builder_area=&#8221;post_content&#8221; hover_enabled=&#8221;0&#8243; sticky_enabled=&#8221;0&#8243;][et_pb_column _builder_version=&#8221;4.24.2&#8243; _module_preset=&#8221;default&#8221; type=&#8221;4_4&#8243; theme_builder_area=&#8221;post_content&#8221;][et_pb_text _builder_version=&#8221;4.24.2&#8243; _module_preset=&#8221;default&#8221; theme_builder_area=&#8221;post_content&#8221; hover_enabled=&#8221;0&#8243; sticky_enabled=&#8221;0&#8243;]<\/p>\n<h1 style=\"text-align: justify\"><span style=\"font-family: verdana;font-size: medium\"><span style=\"font-weight: normal\">El pasado 28 de Octubre (Lunes), tras la reuni\u00f3n de tutores con familias, tuvimos el placer de tener como invitado a Julio Camacho, especialista de la Asociaci\u00f3n Proyecto Hombre. Dentro del programa de prevenci\u00f3n de drogodependencias y en colaboraci\u00f3n con el Ayuntamiento, estamos desarrollando, entre otras actuaciones, estos talleres dirigidos a las familias.\u00a0<\/span><\/span><\/h1>\n<div style=\"text-align: justify\"><span style=\"font-family: verdana;font-size: medium\"><span style=\"font-weight: normal\">Este primer taller se ha enfocado en conocer los conceptos, estrategias y habilidades del consumo, identificar los signos del consumo; as\u00ed como los factores de riesgo y de protecci\u00f3n. Una sesi\u00f3n muy interesante y activa que nos ha dejado con ganas de m\u00e1s y que por ello m\u00e1s adelante, se continuar\u00e1.<\/span><\/span><\/div>\n<div style=\"text-align: justify\"><span style=\"font-family: verdana;font-size: medium\"><span style=\"font-weight: normal\">\u00a0<\/span><\/span><\/div>\n<div style=\"text-align: justify\"><span style=\"font-family: verdana;font-size: medium\"><span style=\"font-weight: normal\">Agradecer al ponente su participaci\u00f3n con nuestro centro y el material aportado que a continuaci\u00f3n os dejo.<\/span><\/span><\/div>\n<p>[\/et_pb_text][\/et_pb_column][\/et_pb_row][\/et_pb_section]<\/p>\n","protected":false},"excerpt":{"rendered":"<p>El pasado 28 de Octubre (Lunes), tras la reuni\u00f3n de tutores con familias, tuvimos el placer de tener como invitado a Julio Camacho, especialista de la Asociaci\u00f3n Proyecto Hombre. Dentro del programa de prevenci\u00f3n de drogodependencias y en colaboraci\u00f3n con el Ayuntamiento, estamos desarrollando, entre otras actuaciones, estos talleres dirigidos a las familias.\u00a0 Este primer [&hellip;]<\/p>\n","protected":false},"author":18468,"featured_media":1225,"comment_status":"closed","ping_status":"open","sticky":false,"template":"","format":"standard","meta":{"_et_pb_use_builder":"on","_et_pb_old_content":"","_et_gb_content_width":"","ngg_post_thumbnail":0,"footnotes":""},"categories":[4,5],"tags":[],"aioseo_notices":[],"_links":{"self":[{"href":"https:\/\/blogsaverroes.juntadeandalucia.es\/sierrasur\/wp-json\/wp\/v2\/posts\/1227"}],"collection":[{"href":"https:\/\/blogsaverroes.juntadeandalucia.es\/sierrasur\/wp-json\/wp\/v2\/posts"}],"about":[{"href":"https:\/\/blogsaverroes.juntadeandalucia.es\/sierrasur\/wp-json\/wp\/v2\/types\/post"}],"author":[{"embeddable":true,"href":"https:\/\/blogsaverroes.juntadeandalucia.es\/sierrasur\/wp-json\/wp\/v2\/users\/18468"}],"replies":[{"embeddable":true,"href":"https:\/\/blogsaverroes.juntadeandalucia.es\/sierrasur\/wp-json\/wp\/v2\/comments?post=1227"}],"version-history":[{"count":9,"href":"https:\/\/blogsaverroes.juntadeandalucia.es\/sierrasur\/wp-json\/wp\/v2\/posts\/1227\/revisions"}],"predecessor-version":[{"id":1264,"href":"https:\/\/blogsaverroes.juntadeandalucia.es\/sierrasur\/wp-json\/wp\/v2\/posts\/1227\/revisions\/1264"}],"wp:featuredmedia":[{"embeddable":true,"href":"https:\/\/blogsaverroes.juntadeandalucia.es\/sierrasur\/wp-json\/wp\/v2\/media\/1225"}],"wp:attachment":[{"href":"https:\/\/blogsaverroes.juntadeandalucia.es\/sierrasur\/wp-json\/wp\/v2\/media?parent=1227"}],"wp:term":[{"taxonomy":"category","embeddable":true,"href":"https:\/\/blogsaverroes.juntadeandalucia.es\/sierrasur\/wp-json\/wp\/v2\/categories?post=1227"},{"taxonomy":"post_tag","embeddable":true,"href":"https:\/\/blogsaverroes.juntadeandalucia.es\/sierrasur\/wp-json\/wp\/v2\/tags?post=1227"}],"curies":[{"name":"wp","href":"https:\/\/api.w.org\/{rel}","templated":true}]}}