{"id":1007,"date":"2024-04-25T07:33:33","date_gmt":"2024-04-25T06:33:33","guid":{"rendered":"https:\/\/blogsaverroes.juntadeandalucia.es\/socialescordoba\/?p=1007"},"modified":"2024-04-29T15:32:56","modified_gmt":"2024-04-29T14:32:56","slug":"cordobeses-en-campos-de-concentracion-recuperacion-de-una-memoria-olvidada-una-nueva-guia-didactica-para-el-sector-educativo","status":"publish","type":"post","link":"https:\/\/blogsaverroes.juntadeandalucia.es\/socialescordoba\/2024\/04\/25\/cordobeses-en-campos-de-concentracion-recuperacion-de-una-memoria-olvidada-una-nueva-guia-didactica-para-el-sector-educativo\/","title":{"rendered":"Cordobeses en campos de concentraci\u00f3n, recuperaci\u00f3n de una memoria olvidada. Una nueva gu\u00eda did\u00e1ctica para el sector educativo"},"content":{"rendered":"<h6><strong><span style=\"color: #339966\">PONENTES:<\/span><\/strong><\/h6>\n<ul>\n<li>\n<p class=\"western\" align=\"justify\"><span style=\"font-family: arial, helvetica, sans-serif\"><strong>Cristina Garc\u00eda Sarasa<\/strong> (presidenta de la Asociaci\u00f3n Tri\u00e1ngulo Azul Stolpersteine de C\u00f3rdoba y Ja\u00e9n, coordinadora de la Gu\u00eda Did\u00e1ctica.<\/span><\/p>\n<\/li>\n<li>\n<p class=\"western\" align=\"justify\"><span style=\"font-family: arial, helvetica, sans-serif\"><strong>Manuel S\u00e1nchez Jurado<\/strong> (maestro y psicopedagogo, secretario de la Asociaci\u00f3n Tri\u00e1ngulo Azul Stolpersteine de C\u00f3rdoba y Ja\u00e9n, uno de los autores de la Gu\u00eda Did\u00e1ctica)<\/span><\/p>\n<\/li>\n<\/ul>\n<p><!--more--><\/p>\n<h6><strong><span style=\"color: #339966\">RESUMEN DE LA COMUNICACI\u00d3N:<\/span><\/strong><\/h6>\n<div class=\"\" role=\"listitem\">\n<div class=\"OxAavc NVbRL\" data-item-id=\"14082730\">\n<div class=\"Ih4Dzb\">\n<div class=\"q4tvle JqSWld yqQS1\">\n<div class=\"\" role=\"listitem\">\n<div class=\"OxAavc NVbRL\" data-item-id=\"14082730\">\n<div class=\"Ih4Dzb\">\n<div class=\"q4tvle JqSWld yqQS1\">\n<div class=\"\" role=\"listitem\">\n<div class=\"OxAavc NVbRL\" data-item-id=\"14082730\">\n<div class=\"Ih4Dzb\">\n<div class=\"q4tvle JqSWld yqQS1\">\n<div class=\"\" role=\"listitem\">\n<div class=\"OxAavc NVbRL\" data-item-id=\"14082730\">\n<div class=\"Ih4Dzb\">\n<div class=\"q4tvle JqSWld yqQS1\">\n<div class=\"\" role=\"listitem\">\n<div class=\"OxAavc NVbRL\" data-item-id=\"14082730\">\n<div class=\"Ih4Dzb\">\n<div class=\"q4tvle JqSWld yqQS1\">\n<div class=\"\" role=\"listitem\">\n<div class=\"OxAavc NVbRL\" data-item-id=\"14082730\">\n<div class=\"Ih4Dzb\">\n<div class=\"q4tvle JqSWld yqQS1\">\n<div class=\"\" role=\"listitem\">\n<div class=\"OxAavc NVbRL\" data-item-id=\"14082730\">\n<div class=\"Ih4Dzb\">\n<div class=\"q4tvle JqSWld yqQS1\">\n<div class=\"Qr7Oae\" role=\"listitem\">\n<div class=\"OxAavc NVbRL\" data-item-id=\"14082730\">\n<div class=\"Ih4Dzb\">\n<div class=\"q4tvle JqSWld yqQS1\">Comprometidos con el imperativo \u00e9tico del \u201cNunca M\u00e1s\u201d, la Asociaci\u00f3n Tri\u00e1ngulo Azul Stolpersteine de C\u00f3rdoba presenta una Gu\u00eda Did\u00e1ctica especialmente dise\u00f1ada para profesores y profesoras que trabajan con estudiantes cordobeses de 4\u00aa de la ESO y Bachillerato, llamada \u201cC\u00f3rdoba con memoria. Cordobeses en campos de concentraci\u00f3n, recuperaci\u00f3n de una memoria olvidada\u201d, fruto de un Convenio de colaboraci\u00f3n con la Diputaci\u00f3n de C\u00f3rdoba y gracias a la subvenci\u00f3n de Memoria Democr\u00e1tica del&nbsp; Ministerio de Pol\u00edtica Territorial y Memoria Democr\u00e1tica.<\/div>\n<\/div>\n<\/div>\n<\/div>\n<div class=\"Qr7Oae\" role=\"listitem\">\n<div class=\"OxAavc\" data-other-input=\"qSV85\" data-other-hidden=\"MfYA1e\" data-item-id=\"1558335473\">\n<div class=\"pYfr3c\">\n<div class=\"prOLdf\">\n<div class=\"g53bl\">\n<div id=\"c270\" class=\"cTDvob D1wxyf RjsPE\" role=\"heading\" aria-describedby=\"i.desc.1558335473\">&nbsp;<\/div>\n<\/div>\n<\/div>\n<\/div>\n<\/div>\n<\/div>\n<\/div>\n<\/div>\n<\/div>\n<\/div>\n<\/div>\n<\/div>\n<\/div>\n<\/div>\n<\/div>\n<\/div>\n<\/div>\n<\/div>\n<\/div>\n<\/div>\n<\/div>\n<\/div>\n<\/div>\n<\/div>\n<\/div>\n<\/div>\n<\/div>\n<\/div>\n<\/div>\n<\/div>\n<\/div>\n<\/div>\n<\/div>\n<\/div>\n<div class=\"\" role=\"listitem\">\n<div class=\"OxAavc\" data-other-input=\"qSV85\" data-other-hidden=\"MfYA1e\" data-item-id=\"1558335473\">\n<div class=\"pYfr3c\">\n<div class=\"prOLdf\">\n<div class=\"g53bl\">\n<div id=\"c623\" class=\"cTDvob D1wxyf RjsPE\" role=\"heading\" aria-describedby=\"i.desc.1558335473\">&nbsp;<\/div>\n<\/div>\n<\/div>\n<\/div>\n<\/div>\n<\/div>\n<h6><strong><span style=\"color: #339966\">RECURSOS:<\/span><\/strong><\/h6>\n<ul>\n<li>&nbsp;<\/li>\n<\/ul>\n<h6><strong><span style=\"color: #339966\">V\u00cdDEO DE LA PONENCIA:<\/span><\/strong><\/h6>\n","protected":false},"excerpt":{"rendered":"<p>PONENTES: Cristina Garc\u00eda Sarasa (presidenta de la Asociaci\u00f3n Tri\u00e1ngulo Azul Stolpersteine de C\u00f3rdoba y Ja\u00e9n, coordinadora de la Gu\u00eda Did\u00e1ctica. Manuel S\u00e1nchez Jurado (maestro y psicopedagogo, secretario de la Asociaci\u00f3n Tri\u00e1ngulo Azul Stolpersteine de&#46;&#46;&#46;<\/p>\n","protected":false},"author":168,"featured_media":1008,"comment_status":"open","ping_status":"open","sticky":false,"template":"","format":"standard","meta":{"ngg_post_thumbnail":0,"footnotes":""},"categories":[380,1380579,1380660],"tags":[1380664,1380651],"aioseo_notices":[],"_links":{"self":[{"href":"https:\/\/blogsaverroes.juntadeandalucia.es\/socialescordoba\/wp-json\/wp\/v2\/posts\/1007"}],"collection":[{"href":"https:\/\/blogsaverroes.juntadeandalucia.es\/socialescordoba\/wp-json\/wp\/v2\/posts"}],"about":[{"href":"https:\/\/blogsaverroes.juntadeandalucia.es\/socialescordoba\/wp-json\/wp\/v2\/types\/post"}],"author":[{"embeddable":true,"href":"https:\/\/blogsaverroes.juntadeandalucia.es\/socialescordoba\/wp-json\/wp\/v2\/users\/168"}],"replies":[{"embeddable":true,"href":"https:\/\/blogsaverroes.juntadeandalucia.es\/socialescordoba\/wp-json\/wp\/v2\/comments?post=1007"}],"version-history":[{"count":1,"href":"https:\/\/blogsaverroes.juntadeandalucia.es\/socialescordoba\/wp-json\/wp\/v2\/posts\/1007\/revisions"}],"predecessor-version":[{"id":1009,"href":"https:\/\/blogsaverroes.juntadeandalucia.es\/socialescordoba\/wp-json\/wp\/v2\/posts\/1007\/revisions\/1009"}],"wp:featuredmedia":[{"embeddable":true,"href":"https:\/\/blogsaverroes.juntadeandalucia.es\/socialescordoba\/wp-json\/wp\/v2\/media\/1008"}],"wp:attachment":[{"href":"https:\/\/blogsaverroes.juntadeandalucia.es\/socialescordoba\/wp-json\/wp\/v2\/media?parent=1007"}],"wp:term":[{"taxonomy":"category","embeddable":true,"href":"https:\/\/blogsaverroes.juntadeandalucia.es\/socialescordoba\/wp-json\/wp\/v2\/categories?post=1007"},{"taxonomy":"post_tag","embeddable":true,"href":"https:\/\/blogsaverroes.juntadeandalucia.es\/socialescordoba\/wp-json\/wp\/v2\/tags?post=1007"}],"curies":[{"name":"wp","href":"https:\/\/api.w.org\/{rel}","templated":true}]}}