{"id":1039,"date":"2024-04-28T16:13:17","date_gmt":"2024-04-28T15:13:17","guid":{"rendered":"https:\/\/blogsaverroes.juntadeandalucia.es\/socialescordoba\/?p=1039"},"modified":"2024-04-28T16:13:17","modified_gmt":"2024-04-28T15:13:17","slug":"la-junta-de-delegados-as-y-las-competencias-sociales-y-civicas-ciudadania-democratica","status":"publish","type":"post","link":"https:\/\/blogsaverroes.juntadeandalucia.es\/socialescordoba\/2024\/04\/28\/la-junta-de-delegados-as-y-las-competencias-sociales-y-civicas-ciudadania-democratica\/","title":{"rendered":"La Junta de Delegados\/as y las competencias sociales y c\u00edvicas: ciudadan\u00eda democr\u00e1tica"},"content":{"rendered":"<h6><strong><span style=\"color: #339966\">PONENTE:<\/span><\/strong><\/h6>\n<ul>\n<li>\n<p class=\"western\" align=\"justify\"><span style=\"font-family: Liberation Sans, sans-serif;font-size: small\"><b>Jos\u00e9 Ram\u00f3n Pedraza Serrano<\/b><\/span><\/p>\n<\/li>\n<\/ul>\n<h6><strong><span style=\"color: #339966\">CENTRO EDUCATIVO:<\/span><\/strong><\/h6>\n<ul>\n<li>\n<p class=\"western\" align=\"justify\"><span style=\"color: #000000;font-family: Liberation Sans, sans-serif;font-size: small\">IES <em>Averroes<\/em><\/span><\/p>\n<\/li>\n<\/ul>\n<p><!--more--><\/p>\n<h6><strong><span style=\"color: #339966\">RESUMEN DE LA COMUNICACI\u00d3N:<\/span><\/strong><\/h6>\n<div class=\"\" role=\"listitem\">\n<div class=\"OxAavc NVbRL\" data-item-id=\"14082730\">\n<div class=\"Ih4Dzb\">\n<div class=\"q4tvle JqSWld yqQS1\">\n<div class=\"\" role=\"listitem\">\n<div class=\"OxAavc NVbRL\" data-item-id=\"14082730\">\n<div class=\"Ih4Dzb\">\n<div class=\"q4tvle JqSWld yqQS1\">\n<div class=\"\" role=\"listitem\">\n<div class=\"OxAavc NVbRL\" data-item-id=\"14082730\">\n<div class=\"Ih4Dzb\">\n<div class=\"q4tvle JqSWld yqQS1\">\n<div class=\"\" role=\"listitem\">\n<div class=\"OxAavc NVbRL\" data-item-id=\"14082730\">\n<div class=\"Ih4Dzb\">\n<div class=\"q4tvle JqSWld yqQS1\">\n<div class=\"\" role=\"listitem\">\n<div class=\"OxAavc NVbRL\" data-item-id=\"14082730\">\n<div class=\"Ih4Dzb\">\n<div class=\"q4tvle JqSWld yqQS1\">\n<div class=\"\" role=\"listitem\">\n<div class=\"OxAavc NVbRL\" data-item-id=\"14082730\">\n<div class=\"Ih4Dzb\">\n<div class=\"q4tvle JqSWld yqQS1\">\n<div class=\"\" role=\"listitem\">\n<div class=\"OxAavc NVbRL\" data-item-id=\"14082730\">\n<div class=\"Ih4Dzb\">\n<div class=\"q4tvle JqSWld yqQS1\">\n<div class=\"Qr7Oae\" role=\"listitem\">\n<div class=\"OxAavc NVbRL\" data-item-id=\"14082730\">\n<div class=\"Ih4Dzb\">\n<div class=\"q4tvle JqSWld yqQS1\">\n<div class=\"Qr7Oae\" role=\"listitem\">\n<div class=\"OxAavc NVbRL\" data-item-id=\"14082730\">\n<div class=\"Ih4Dzb\">\n<div class=\"q4tvle JqSWld yqQS1\">\n<div class=\"Qr7Oae\" role=\"listitem\">\n<div class=\"OxAavc NVbRL\" data-item-id=\"14082730\">\n<div class=\"Ih4Dzb\">\n<div class=\"q4tvle JqSWld yqQS1\">\n<div class=\"Qr7Oae\" role=\"listitem\">\n<div class=\"OxAavc NVbRL\" data-item-id=\"14082730\">\n<div class=\"Ih4Dzb\">\n<div class=\"q4tvle JqSWld yqQS1\">\n<div class=\"Qr7Oae\" role=\"listitem\">\n<div class=\"OxAavc NVbRL\" data-item-id=\"14082730\">\n<div class=\"Ih4Dzb\">\n<div class=\"q4tvle JqSWld yqQS1\">La Junta de Delegad@s es un \u00f3rgano de representaci\u00f3n estudiantil instituido por el Decreto de Organizaci\u00f3n y Funcionamiento de Centros Escolares (327\/2010) que, en el caso de nuestro instituto, brill\u00f3 por su ausencia en medio centenar de a\u00f1os de su existencia. En los \u00faltimos tres cursos se ha convertido en un foro propositivo, cr\u00edtico, de debate,&#8230;que ha permitido cambiar determinadas rigideces en fluideces convivenciales y comunicativas. Los resultados de nuestra investigaci\u00f3n desvelan el desarrollo competencial de procedimientos, destrezas, habilidades y valores ciudadanos, preparatorios de una mayor\u00eda de edad comprometida.<\/div>\n<\/div>\n<\/div>\n<\/div>\n<div class=\"Qr7Oae\" role=\"listitem\">\n<div class=\"OxAavc\" data-other-input=\"qSV85\" data-other-hidden=\"MfYA1e\" data-item-id=\"1558335473\">\n<div class=\"pYfr3c\">\n<div class=\"prOLdf\">\n<div class=\"g53bl\">\n<div id=\"c2089\" class=\"cTDvob D1wxyf RjsPE\" role=\"heading\" aria-describedby=\"i.desc.1558335473\">&nbsp;<\/div>\n<\/div>\n<\/div>\n<\/div>\n<\/div>\n<\/div>\n<\/div>\n<\/div>\n<\/div>\n<\/div>\n<div class=\"Qr7Oae\" role=\"listitem\">\n<div class=\"OxAavc\" data-other-input=\"qSV85\" data-other-hidden=\"MfYA1e\" data-item-id=\"1558335473\">\n<div class=\"pYfr3c\">\n<div class=\"prOLdf\">\n<div class=\"g53bl\">\n<div id=\"c1661\" class=\"cTDvob D1wxyf RjsPE\" role=\"heading\" aria-describedby=\"i.desc.1558335473\">&nbsp;<\/div>\n<\/div>\n<\/div>\n<\/div>\n<\/div>\n<\/div>\n<\/div>\n<\/div>\n<\/div>\n<\/div>\n<\/div>\n<\/div>\n<\/div>\n<\/div>\n<\/div>\n<\/div>\n<\/div>\n<\/div>\n<\/div>\n<\/div>\n<\/div>\n<\/div>\n<\/div>\n<\/div>\n<\/div>\n<\/div>\n<\/div>\n<\/div>\n<\/div>\n<\/div>\n<\/div>\n<\/div>\n<\/div>\n<\/div>\n<\/div>\n<\/div>\n<\/div>\n<\/div>\n<\/div>\n<\/div>\n<\/div>\n<\/div>\n<\/div>\n<\/div>\n<\/div>\n<\/div>\n<h6><strong><span style=\"color: #339966\">RECURSOS:<\/span><\/strong><\/h6>\n<ul>\n<li>&nbsp;<\/li>\n<\/ul>\n<h6><strong><span style=\"color: #339966\">V\u00cdDEO DE LA PONENCIA:<\/span><\/strong><\/h6>\n","protected":false},"excerpt":{"rendered":"<p>PONENTE: Jos\u00e9 Ram\u00f3n Pedraza Serrano CENTRO EDUCATIVO: IES Averroes<\/p>\n","protected":false},"author":168,"featured_media":869,"comment_status":"open","ping_status":"open","sticky":false,"template":"","format":"standard","meta":{"ngg_post_thumbnail":0,"footnotes":""},"categories":[1380537,38,1380660],"tags":[1380668],"aioseo_notices":[],"_links":{"self":[{"href":"https:\/\/blogsaverroes.juntadeandalucia.es\/socialescordoba\/wp-json\/wp\/v2\/posts\/1039"}],"collection":[{"href":"https:\/\/blogsaverroes.juntadeandalucia.es\/socialescordoba\/wp-json\/wp\/v2\/posts"}],"about":[{"href":"https:\/\/blogsaverroes.juntadeandalucia.es\/socialescordoba\/wp-json\/wp\/v2\/types\/post"}],"author":[{"embeddable":true,"href":"https:\/\/blogsaverroes.juntadeandalucia.es\/socialescordoba\/wp-json\/wp\/v2\/users\/168"}],"replies":[{"embeddable":true,"href":"https:\/\/blogsaverroes.juntadeandalucia.es\/socialescordoba\/wp-json\/wp\/v2\/comments?post=1039"}],"version-history":[{"count":1,"href":"https:\/\/blogsaverroes.juntadeandalucia.es\/socialescordoba\/wp-json\/wp\/v2\/posts\/1039\/revisions"}],"predecessor-version":[{"id":1040,"href":"https:\/\/blogsaverroes.juntadeandalucia.es\/socialescordoba\/wp-json\/wp\/v2\/posts\/1039\/revisions\/1040"}],"wp:featuredmedia":[{"embeddable":true,"href":"https:\/\/blogsaverroes.juntadeandalucia.es\/socialescordoba\/wp-json\/wp\/v2\/media\/869"}],"wp:attachment":[{"href":"https:\/\/blogsaverroes.juntadeandalucia.es\/socialescordoba\/wp-json\/wp\/v2\/media?parent=1039"}],"wp:term":[{"taxonomy":"category","embeddable":true,"href":"https:\/\/blogsaverroes.juntadeandalucia.es\/socialescordoba\/wp-json\/wp\/v2\/categories?post=1039"},{"taxonomy":"post_tag","embeddable":true,"href":"https:\/\/blogsaverroes.juntadeandalucia.es\/socialescordoba\/wp-json\/wp\/v2\/tags?post=1039"}],"curies":[{"name":"wp","href":"https:\/\/api.w.org\/{rel}","templated":true}]}}