{"id":348,"date":"2019-04-30T06:35:20","date_gmt":"2019-04-30T06:35:20","guid":{"rendered":"https:\/\/blogsaverroes.juntadeandalucia.es\/socialescordoba\/?p=348"},"modified":"2019-05-16T09:12:41","modified_gmt":"2019-05-16T09:12:41","slug":"un-patrimonio-de-noticia-ejemplificacion-didactica-en-el-aula-de-patrimonio","status":"publish","type":"post","link":"https:\/\/blogsaverroes.juntadeandalucia.es\/socialescordoba\/2019\/04\/30\/un-patrimonio-de-noticia-ejemplificacion-didactica-en-el-aula-de-patrimonio\/","title":{"rendered":"Un Patrimonio de noticia: ejemplificacion did\u00e1ctica en el aula de patrimonio"},"content":{"rendered":"<h6><strong><span style=\"color: #339966\">PONENTE:<\/span><\/strong><\/h6>\n<ul>\n<li>Mar\u00eda Luisa Villar Marco.<\/li>\n<\/ul>\n<h6><strong><span style=\"color: #339966\">CENTRO EDUCATIVO:<\/span><\/strong><\/h6>\n<ul>\n<li>IES <em>Blas Infante<\/em><i>&nbsp;(C<\/i>\u00f3rdoba)<\/li>\n<\/ul>\n<p><!--more--><\/p>\n<h6><strong><span style=\"color: #339966\">RESUMEN DE LA COMUNICACI\u00d3N:<\/span><\/strong><\/h6>\n<p>\u00abPatrimonio de noticia\u00bb es un proyecto final de curso de la asignatura de Patrimonio para 1\u00ba de bachillerato del IES Blas Infante. Durante el primer y segundo trimestre, se ha estado trabajando con el alumnado contenidos espec\u00edficos que se encuentran en el rico y variado patrimonio de la ciudad, ya que \u00e9ste, se presenta a nuestro alcance. Siguiendo las premisas establecidas, se ha decidido dar una vuelta de tuerca m\u00e1s, y con la colaboraci\u00f3n de la revista cordobesa cultural \u00abBlanco sobre negro\u00bb, se han facilitado al alumnado unas pautas b\u00e1sicas sobre los medios de comunicaci\u00f3n y c\u00f3mo llevarlo a cabo con sus propias herramientas. As\u00ed CULTURA+MEDIOS DE COMUNICACI\u00d3N= PATRIMONIO DE NOTICIA.<\/p>\n<h6><strong><span style=\"color: #339966\">RECURSOS:<\/span><\/strong><\/h6>\n<p><strong>PRESENTACI\u00d3N DE LA PONENCIA<\/strong><\/p>\n<p><iframe title=\"Un Patrimonio de noticia\" width=\"500\" height=\"375\" src=\"https:\/\/www.youtube.com\/embed\/_Tk2j_zPQN8?feature=oembed&#038;wmode=opaque\" frameborder=\"0\" allow=\"accelerometer; autoplay; clipboard-write; encrypted-media; gyroscope; picture-in-picture; web-share\" referrerpolicy=\"strict-origin-when-cross-origin\" allowfullscreen><\/iframe><\/p>\n<p><strong>V\u00cdDEO DE LA PONENCIA<\/strong><\/p>\n<p><iframe title=\"Un Patrimonio de noticia: ejemplificacion did\u00e1ctica en el aula de patrimonio\" width=\"500\" height=\"281\" src=\"https:\/\/www.youtube.com\/embed\/kWxWCwLAdk8?feature=oembed&#038;wmode=opaque\" frameborder=\"0\" allow=\"accelerometer; autoplay; clipboard-write; encrypted-media; gyroscope; picture-in-picture; web-share\" referrerpolicy=\"strict-origin-when-cross-origin\" allowfullscreen><\/iframe><\/p>\n<p>&nbsp;<\/p>\n","protected":false},"excerpt":{"rendered":"<p>PONENTE: Mar\u00eda Luisa Villar Marco. CENTRO EDUCATIVO: IES Blas Infante&nbsp;(C\u00f3rdoba)<\/p>\n","protected":false},"author":168,"featured_media":349,"comment_status":"open","ping_status":"open","sticky":false,"template":"","format":"standard","meta":{"ngg_post_thumbnail":0,"footnotes":""},"categories":[38,1380539],"tags":[],"aioseo_notices":[],"_links":{"self":[{"href":"https:\/\/blogsaverroes.juntadeandalucia.es\/socialescordoba\/wp-json\/wp\/v2\/posts\/348"}],"collection":[{"href":"https:\/\/blogsaverroes.juntadeandalucia.es\/socialescordoba\/wp-json\/wp\/v2\/posts"}],"about":[{"href":"https:\/\/blogsaverroes.juntadeandalucia.es\/socialescordoba\/wp-json\/wp\/v2\/types\/post"}],"author":[{"embeddable":true,"href":"https:\/\/blogsaverroes.juntadeandalucia.es\/socialescordoba\/wp-json\/wp\/v2\/users\/168"}],"replies":[{"embeddable":true,"href":"https:\/\/blogsaverroes.juntadeandalucia.es\/socialescordoba\/wp-json\/wp\/v2\/comments?post=348"}],"version-history":[{"count":5,"href":"https:\/\/blogsaverroes.juntadeandalucia.es\/socialescordoba\/wp-json\/wp\/v2\/posts\/348\/revisions"}],"predecessor-version":[{"id":491,"href":"https:\/\/blogsaverroes.juntadeandalucia.es\/socialescordoba\/wp-json\/wp\/v2\/posts\/348\/revisions\/491"}],"wp:featuredmedia":[{"embeddable":true,"href":"https:\/\/blogsaverroes.juntadeandalucia.es\/socialescordoba\/wp-json\/wp\/v2\/media\/349"}],"wp:attachment":[{"href":"https:\/\/blogsaverroes.juntadeandalucia.es\/socialescordoba\/wp-json\/wp\/v2\/media?parent=348"}],"wp:term":[{"taxonomy":"category","embeddable":true,"href":"https:\/\/blogsaverroes.juntadeandalucia.es\/socialescordoba\/wp-json\/wp\/v2\/categories?post=348"},{"taxonomy":"post_tag","embeddable":true,"href":"https:\/\/blogsaverroes.juntadeandalucia.es\/socialescordoba\/wp-json\/wp\/v2\/tags?post=348"}],"curies":[{"name":"wp","href":"https:\/\/api.w.org\/{rel}","templated":true}]}}