{"id":527,"date":"2020-05-07T15:43:45","date_gmt":"2020-05-07T14:43:45","guid":{"rendered":"https:\/\/blogsaverroes.juntadeandalucia.es\/socialescordoba\/?p=527"},"modified":"2020-06-03T18:37:51","modified_gmt":"2020-06-03T17:37:51","slug":"de-carbula-a-almodovar","status":"publish","type":"post","link":"https:\/\/blogsaverroes.juntadeandalucia.es\/socialescordoba\/2020\/05\/07\/de-carbula-a-almodovar\/","title":{"rendered":"De C\u00e1rbula a Almod\u00f3var"},"content":{"rendered":"<h6><strong><span style=\"color: #339966\">PONENTE:<\/span><\/strong><\/h6>\n<ul>\n<li><strong>Manuel Mar\u00edn Moreno<\/strong><\/li>\n<\/ul>\n<h6><strong><span style=\"color: #339966\">CENTRO EDUCATIVO:<\/span><\/strong><\/h6>\n<ul>\n<li>IES <em>C\u00e1rbula<\/em> (Almod\u00f3var del R\u00edo, C\u00f3rdoba)<i>&nbsp;<\/i><\/li>\n<\/ul>\n<p><!--more--><\/p>\n<h6><strong><span style=\"color: #339966\">RESUMEN DE LA COMUNICACI\u00d3N:<\/span><\/strong><\/h6>\n<p>Presentaci\u00f3n de nuestro proyecto \u00abDe C\u00e1rbula a Almod\u00f3var\u00bb dentro del programa Vivir y Sentir el Patrimonio. Pretendemos poner en valor y difundir el rico patrimonio que atesora nuestro pueblo, teniendo como principal objetivo promover entre nuestro alumnado el sentimiento de reconocimiento y protecci\u00f3n de los elementos de su pasado.<\/p>\n<h6><strong><span style=\"color: #339966\">RECURSOS:<\/span><\/strong><\/h6>\n<ul>\n<li><a href=\"http:\/\/socialescarbula.weebly.com\/\" target=\"_blank\" rel=\"noopener noreferrer\">Enlace al blog de Manuel Mar\u00edn<\/a>.<\/li>\n<\/ul>\n<p>V\u00eddeo de la ponencia:<\/p>\n[youtube https:\/\/www.youtube.com\/watch?v=gnrdMuuwEHY]\n","protected":false},"excerpt":{"rendered":"<p>PONENTE: Manuel Mar\u00edn Moreno CENTRO EDUCATIVO: IES C\u00e1rbula (Almod\u00f3var del R\u00edo, C\u00f3rdoba)&nbsp;<\/p>\n","protected":false},"author":168,"featured_media":590,"comment_status":"open","ping_status":"open","sticky":false,"template":"","format":"standard","meta":{"ngg_post_thumbnail":0,"footnotes":""},"categories":[380,38,648,840528,1380540],"tags":[1380551,1380550],"aioseo_notices":[],"_links":{"self":[{"href":"https:\/\/blogsaverroes.juntadeandalucia.es\/socialescordoba\/wp-json\/wp\/v2\/posts\/527"}],"collection":[{"href":"https:\/\/blogsaverroes.juntadeandalucia.es\/socialescordoba\/wp-json\/wp\/v2\/posts"}],"about":[{"href":"https:\/\/blogsaverroes.juntadeandalucia.es\/socialescordoba\/wp-json\/wp\/v2\/types\/post"}],"author":[{"embeddable":true,"href":"https:\/\/blogsaverroes.juntadeandalucia.es\/socialescordoba\/wp-json\/wp\/v2\/users\/168"}],"replies":[{"embeddable":true,"href":"https:\/\/blogsaverroes.juntadeandalucia.es\/socialescordoba\/wp-json\/wp\/v2\/comments?post=527"}],"version-history":[{"count":4,"href":"https:\/\/blogsaverroes.juntadeandalucia.es\/socialescordoba\/wp-json\/wp\/v2\/posts\/527\/revisions"}],"predecessor-version":[{"id":661,"href":"https:\/\/blogsaverroes.juntadeandalucia.es\/socialescordoba\/wp-json\/wp\/v2\/posts\/527\/revisions\/661"}],"wp:featuredmedia":[{"embeddable":true,"href":"https:\/\/blogsaverroes.juntadeandalucia.es\/socialescordoba\/wp-json\/wp\/v2\/media\/590"}],"wp:attachment":[{"href":"https:\/\/blogsaverroes.juntadeandalucia.es\/socialescordoba\/wp-json\/wp\/v2\/media?parent=527"}],"wp:term":[{"taxonomy":"category","embeddable":true,"href":"https:\/\/blogsaverroes.juntadeandalucia.es\/socialescordoba\/wp-json\/wp\/v2\/categories?post=527"},{"taxonomy":"post_tag","embeddable":true,"href":"https:\/\/blogsaverroes.juntadeandalucia.es\/socialescordoba\/wp-json\/wp\/v2\/tags?post=527"}],"curies":[{"name":"wp","href":"https:\/\/api.w.org\/{rel}","templated":true}]}}