{"id":535,"date":"2020-05-07T16:00:55","date_gmt":"2020-05-07T15:00:55","guid":{"rendered":"https:\/\/blogsaverroes.juntadeandalucia.es\/socialescordoba\/?p=535"},"modified":"2020-06-03T18:06:09","modified_gmt":"2020-06-03T17:06:09","slug":"en-que-mundo-vivimos","status":"publish","type":"post","link":"https:\/\/blogsaverroes.juntadeandalucia.es\/socialescordoba\/2020\/05\/07\/en-que-mundo-vivimos\/","title":{"rendered":"\u00bfEn qu\u00e9 mundo vivimos?"},"content":{"rendered":"<h6><strong><span style=\"color: #339966\">PONENTE:<\/span><\/strong><\/h6>\n<ul>\n<li><strong>Manuel Jes\u00fas Fern\u00e1ndez Naranjo<\/strong><\/li>\n<\/ul>\n<h6><strong><span style=\"color: #339966\">CENTRO EDUCATIVO:<\/span><\/strong><\/h6>\n<ul>\n<li>IES&nbsp;<em>Virgen del Castillo<\/em> (Lebrija, Sevilla)<i>&nbsp;<\/i><\/li>\n<\/ul>\n<p><!--more--><\/p>\n<h6><strong><span style=\"color: #339966\">RESUMEN DE LA COMUNICACI\u00d3N:<\/span><\/strong><\/h6>\n<p>Pregunt\u00e9monos una serie de cosas: \u00bfCu\u00e1les son las causas de la situaci\u00f3n actual? \u00bfQu\u00e9 nos ha tra\u00eddo hasta aqu\u00ed? \u00bfQu\u00e9 est\u00e1 pasando? \u00bfC\u00f3mo se puede salir de esto? \u00bfC\u00f3mo pueden ayudar las ciencias sociales a entender todo esto? \u00bfC\u00f3mo afrontarlo desde la educaci\u00f3n online? \u00bfY si lo resolvemos en las Jornadas?<\/p>\n<h6><strong><span style=\"color: #339966\">RECURSOS:<\/span><\/strong><\/h6>\n<p>Enlace a la presentaci\u00f3n en <a href=\"https:\/\/view.genial.ly\/5eb68e8a2fb48d0d930b901f\/presentation-xii-jornadas-sociales-cep-cordoba\" target=\"_blank\" rel=\"noopener noreferrer\">Genially<\/a>:<\/p>\n<p>V\u00eddeo de la ponencia:<\/p>\n[youtube https:\/\/www.youtube.com\/watch?v=wDV7ScDBbds]\n","protected":false},"excerpt":{"rendered":"<p>PONENTE: Manuel Jes\u00fas Fern\u00e1ndez Naranjo CENTRO EDUCATIVO: IES&nbsp;Virgen del Castillo (Lebrija, Sevilla)&nbsp;<\/p>\n","protected":false},"author":168,"featured_media":574,"comment_status":"open","ping_status":"open","sticky":false,"template":"","format":"standard","meta":{"ngg_post_thumbnail":0,"footnotes":""},"categories":[38,1380540],"tags":[1380549,1380541],"aioseo_notices":[],"_links":{"self":[{"href":"https:\/\/blogsaverroes.juntadeandalucia.es\/socialescordoba\/wp-json\/wp\/v2\/posts\/535"}],"collection":[{"href":"https:\/\/blogsaverroes.juntadeandalucia.es\/socialescordoba\/wp-json\/wp\/v2\/posts"}],"about":[{"href":"https:\/\/blogsaverroes.juntadeandalucia.es\/socialescordoba\/wp-json\/wp\/v2\/types\/post"}],"author":[{"embeddable":true,"href":"https:\/\/blogsaverroes.juntadeandalucia.es\/socialescordoba\/wp-json\/wp\/v2\/users\/168"}],"replies":[{"embeddable":true,"href":"https:\/\/blogsaverroes.juntadeandalucia.es\/socialescordoba\/wp-json\/wp\/v2\/comments?post=535"}],"version-history":[{"count":6,"href":"https:\/\/blogsaverroes.juntadeandalucia.es\/socialescordoba\/wp-json\/wp\/v2\/posts\/535\/revisions"}],"predecessor-version":[{"id":657,"href":"https:\/\/blogsaverroes.juntadeandalucia.es\/socialescordoba\/wp-json\/wp\/v2\/posts\/535\/revisions\/657"}],"wp:featuredmedia":[{"embeddable":true,"href":"https:\/\/blogsaverroes.juntadeandalucia.es\/socialescordoba\/wp-json\/wp\/v2\/media\/574"}],"wp:attachment":[{"href":"https:\/\/blogsaverroes.juntadeandalucia.es\/socialescordoba\/wp-json\/wp\/v2\/media?parent=535"}],"wp:term":[{"taxonomy":"category","embeddable":true,"href":"https:\/\/blogsaverroes.juntadeandalucia.es\/socialescordoba\/wp-json\/wp\/v2\/categories?post=535"},{"taxonomy":"post_tag","embeddable":true,"href":"https:\/\/blogsaverroes.juntadeandalucia.es\/socialescordoba\/wp-json\/wp\/v2\/tags?post=535"}],"curies":[{"name":"wp","href":"https:\/\/api.w.org\/{rel}","templated":true}]}}