{"id":540,"date":"2020-05-08T07:54:08","date_gmt":"2020-05-08T06:54:08","guid":{"rendered":"https:\/\/blogsaverroes.juntadeandalucia.es\/socialescordoba\/?p=540"},"modified":"2020-06-03T17:46:16","modified_gmt":"2020-06-03T16:46:16","slug":"rinascitta-la-ciudad-del-renacimiento","status":"publish","type":"post","link":"https:\/\/blogsaverroes.juntadeandalucia.es\/socialescordoba\/2020\/05\/08\/rinascitta-la-ciudad-del-renacimiento\/","title":{"rendered":"RinasCitt\u00e0: La ciudad del renacimiento"},"content":{"rendered":"<h6><strong><span style=\"color: #339966\">PONENTE:<\/span><\/strong><\/h6>\n<ul>\n<li><strong>Jes\u00fas Mart\u00edn&nbsp; Cardoso<\/strong><\/li>\n<\/ul>\n<h6><strong><span style=\"color: #339966\">CENTRO EDUCATIVO:<\/span><\/strong><\/h6>\n<ul>\n<li>IES&nbsp;<em>El Argar <\/em>(Almer\u00eda)<i>&nbsp;<\/i><\/li>\n<\/ul>\n<p><!--more--><\/p>\n<h6><strong><span style=\"color: #339966\">RESUMEN DE LA COMUNICACI\u00d3N:<\/span><\/strong><\/h6>\n<p>El proyecto de RinasCitt\u00e0 es un propuesta para estudiar la ciudad del renacimiento asumiendo el rol de un arquitecto o arquitecta que participa en un concurso para obtener el premio al mejor dise\u00f1o. Para m\u00e1s referencias ver el proyecto: https:\/\/jmartincardoso.wixsite.com\/rinascitta<\/p>\n<h6><strong><span style=\"color: #339966\">RECURSOS:<\/span><\/strong><\/h6>\n<p>Enlace a la p\u00e1gina web del proyecto.<\/p>\n<p><a href=\"https:\/\/jmartincardoso.wixsite.com\/rinascitta\" target=\"_blank\" rel=\"noopener noreferrer\">https:\/\/jmartincardoso.wixsite.com\/rinascitta<\/a><\/p>\n<p>V\u00eddeo de la ponencia:<\/p>\n[youtube https:\/\/www.youtube.com\/watch?v=m74q10kGQP8]\n","protected":false},"excerpt":{"rendered":"<p>PONENTE: Jes\u00fas Mart\u00edn&nbsp; Cardoso CENTRO EDUCATIVO: IES&nbsp;El Argar (Almer\u00eda)&nbsp;<\/p>\n","protected":false},"author":168,"featured_media":582,"comment_status":"open","ping_status":"open","sticky":false,"template":"","format":"standard","meta":{"ngg_post_thumbnail":0,"footnotes":""},"categories":[661,38,1380540],"tags":[1380557,1380559,1380560,1380561],"aioseo_notices":[],"_links":{"self":[{"href":"https:\/\/blogsaverroes.juntadeandalucia.es\/socialescordoba\/wp-json\/wp\/v2\/posts\/540"}],"collection":[{"href":"https:\/\/blogsaverroes.juntadeandalucia.es\/socialescordoba\/wp-json\/wp\/v2\/posts"}],"about":[{"href":"https:\/\/blogsaverroes.juntadeandalucia.es\/socialescordoba\/wp-json\/wp\/v2\/types\/post"}],"author":[{"embeddable":true,"href":"https:\/\/blogsaverroes.juntadeandalucia.es\/socialescordoba\/wp-json\/wp\/v2\/users\/168"}],"replies":[{"embeddable":true,"href":"https:\/\/blogsaverroes.juntadeandalucia.es\/socialescordoba\/wp-json\/wp\/v2\/comments?post=540"}],"version-history":[{"count":4,"href":"https:\/\/blogsaverroes.juntadeandalucia.es\/socialescordoba\/wp-json\/wp\/v2\/posts\/540\/revisions"}],"predecessor-version":[{"id":653,"href":"https:\/\/blogsaverroes.juntadeandalucia.es\/socialescordoba\/wp-json\/wp\/v2\/posts\/540\/revisions\/653"}],"wp:featuredmedia":[{"embeddable":true,"href":"https:\/\/blogsaverroes.juntadeandalucia.es\/socialescordoba\/wp-json\/wp\/v2\/media\/582"}],"wp:attachment":[{"href":"https:\/\/blogsaverroes.juntadeandalucia.es\/socialescordoba\/wp-json\/wp\/v2\/media?parent=540"}],"wp:term":[{"taxonomy":"category","embeddable":true,"href":"https:\/\/blogsaverroes.juntadeandalucia.es\/socialescordoba\/wp-json\/wp\/v2\/categories?post=540"},{"taxonomy":"post_tag","embeddable":true,"href":"https:\/\/blogsaverroes.juntadeandalucia.es\/socialescordoba\/wp-json\/wp\/v2\/tags?post=540"}],"curies":[{"name":"wp","href":"https:\/\/api.w.org\/{rel}","templated":true}]}}