{"id":719,"date":"2021-04-06T15:46:42","date_gmt":"2021-04-06T14:46:42","guid":{"rendered":"https:\/\/blogsaverroes.juntadeandalucia.es\/socialescordoba\/?p=719"},"modified":"2021-05-11T16:55:29","modified_gmt":"2021-05-11T15:55:29","slug":"descifrando-la-historia-elaborar-materiales-para-la-didactica-de-la-historia","status":"publish","type":"post","link":"https:\/\/blogsaverroes.juntadeandalucia.es\/socialescordoba\/2021\/04\/06\/descifrando-la-historia-elaborar-materiales-para-la-didactica-de-la-historia\/","title":{"rendered":"Descifrando la historia. Elaborar materiales para la did\u00e1ctica de la historia"},"content":{"rendered":"<h6><strong><span style=\"color: #339966\">PONENTE:<\/span><\/strong><\/h6>\n<ul>\n<li>\n<p class=\"western\" align=\"justify\"><strong>Antonio Osuna Navarrete<\/strong><\/p>\n<\/li>\n<\/ul>\n<h6><strong><span style=\"color: #339966\">CENTRO EDUCATIVO:<\/span><\/strong><\/h6>\n<ul>\n<li>&nbsp;IES <em>Santa Rosa de Lima<\/em>&nbsp;(C\u00f3rdoba)<\/li>\n<\/ul>\n<p><!--more--><\/p>\n<h6><strong><span style=\"color: #339966\">RESUMEN DE LA COMUNICACI\u00d3N:<\/span><\/strong><\/h6>\n<p>Lo primero, deciros que yo defiendo una forma de trabajar en historia que es el trabajo con fuentes, entender la historia m\u00e1s que conocer la historia. Lo segundo, que es algo para el d\u00eda a d\u00eda, para que el alumnado se vaya adentrando en el trabajo hist\u00f3rico y adquiriendo competencias propias de nuestra ciencia. Por \u00faltimo, indicar que mi ponencia (ser\u00eda la primera vez que hablo de esto en publico) tratar\u00eda sobre qu\u00e9 competencias ense\u00f1ar al alumnado y c\u00f3mo, a trav\u00e9s del cambio del modelo de trabajo de nuestra materia: usar los textos como fuentes y como objeto de an\u00e1lisis, c\u00f3mo prepararlos para que el alumnado aprenda a desentra\u00f1ar, desgranar qu\u00e9 es la historia, qu\u00e9 debe ver en ella m\u00e1s all\u00e1 de la simple comprensi\u00f3n lectora. Es un cambio de did\u00e1ctica que haga a nuestra materia m\u00e1s pr\u00e1ctica. La ponencia ser\u00eda una exposici\u00f3n breve de varios formatos de trabajo que he ido creando y que se trabajan desde 1\u00baESO para que llegados a 4\u00ba el alumnado tenga unas herramientas b\u00e1sicas y propias de nuestra materia.<\/p>\n<h6><strong><span style=\"color: #339966\">RECURSOS:<\/span><\/strong><\/h6>\n<ul>\n<li><a href=\"https:\/\/view.genial.ly\/60858d21a3d4370d3ddf0c91\/presentation-descifrando-la-historia\" target=\"_blank\" rel=\"noopener noreferrer\">Enlace a la presentaci\u00f3n en Genially<\/a><\/li>\n<\/ul>\n<p>&nbsp;<\/p>\n<div style=\"width: 100%\">\n<div style=\"padding-bottom: 56.25%;padding-top: 0;height: 0\"><iframe src=\"https:\/\/view.genial.ly\/60858d21a3d4370d3ddf0c91\" width=\"600px\" height=\"350px\" frameborder=\"0\" scrolling=\"yes\"><span data-mce-type=\"bookmark\" style=\"width: 0px;overflow: hidden;line-height: 0\" class=\"mce_SELRES_start\">\ufeff<\/span><\/iframe><\/div>\n<ul>\n<li><strong>V\u00eddeo de la comunicaci\u00f3n:<\/strong><\/li>\n<\/ul>\n<p><iframe title=\"Antonio Osuna: Descifrando la historia. Elaborar materiales para la did\u00e1ctica de la historia\" width=\"500\" height=\"281\" src=\"https:\/\/www.youtube.com\/embed\/dwPBl_EDKtI?feature=oembed&#038;wmode=opaque\" frameborder=\"0\" allow=\"accelerometer; autoplay; clipboard-write; encrypted-media; gyroscope; picture-in-picture; web-share\" referrerpolicy=\"strict-origin-when-cross-origin\" allowfullscreen><\/iframe><\/p>\n<\/div>\n","protected":false},"excerpt":{"rendered":"<p>PONENTE: Antonio Osuna Navarrete CENTRO EDUCATIVO: &nbsp;IES Santa Rosa de Lima&nbsp;(C\u00f3rdoba)<\/p>\n","protected":false},"author":168,"featured_media":761,"comment_status":"open","ping_status":"open","sticky":false,"template":"","format":"standard","meta":{"ngg_post_thumbnail":0,"footnotes":""},"categories":[380,38,1380578],"tags":[1380541,1380597,1380554],"aioseo_notices":[],"_links":{"self":[{"href":"https:\/\/blogsaverroes.juntadeandalucia.es\/socialescordoba\/wp-json\/wp\/v2\/posts\/719"}],"collection":[{"href":"https:\/\/blogsaverroes.juntadeandalucia.es\/socialescordoba\/wp-json\/wp\/v2\/posts"}],"about":[{"href":"https:\/\/blogsaverroes.juntadeandalucia.es\/socialescordoba\/wp-json\/wp\/v2\/types\/post"}],"author":[{"embeddable":true,"href":"https:\/\/blogsaverroes.juntadeandalucia.es\/socialescordoba\/wp-json\/wp\/v2\/users\/168"}],"replies":[{"embeddable":true,"href":"https:\/\/blogsaverroes.juntadeandalucia.es\/socialescordoba\/wp-json\/wp\/v2\/comments?post=719"}],"version-history":[{"count":6,"href":"https:\/\/blogsaverroes.juntadeandalucia.es\/socialescordoba\/wp-json\/wp\/v2\/posts\/719\/revisions"}],"predecessor-version":[{"id":828,"href":"https:\/\/blogsaverroes.juntadeandalucia.es\/socialescordoba\/wp-json\/wp\/v2\/posts\/719\/revisions\/828"}],"wp:featuredmedia":[{"embeddable":true,"href":"https:\/\/blogsaverroes.juntadeandalucia.es\/socialescordoba\/wp-json\/wp\/v2\/media\/761"}],"wp:attachment":[{"href":"https:\/\/blogsaverroes.juntadeandalucia.es\/socialescordoba\/wp-json\/wp\/v2\/media?parent=719"}],"wp:term":[{"taxonomy":"category","embeddable":true,"href":"https:\/\/blogsaverroes.juntadeandalucia.es\/socialescordoba\/wp-json\/wp\/v2\/categories?post=719"},{"taxonomy":"post_tag","embeddable":true,"href":"https:\/\/blogsaverroes.juntadeandalucia.es\/socialescordoba\/wp-json\/wp\/v2\/tags?post=719"}],"curies":[{"name":"wp","href":"https:\/\/api.w.org\/{rel}","templated":true}]}}