{"id":727,"date":"2021-04-06T16:09:30","date_gmt":"2021-04-06T15:09:30","guid":{"rendered":"https:\/\/blogsaverroes.juntadeandalucia.es\/socialescordoba\/?p=727"},"modified":"2021-05-11T12:05:17","modified_gmt":"2021-05-11T11:05:17","slug":"entre-solea-y-bulerias-bailes-y-cantes-de-mi-tierra","status":"publish","type":"post","link":"https:\/\/blogsaverroes.juntadeandalucia.es\/socialescordoba\/2021\/04\/06\/entre-solea-y-bulerias-bailes-y-cantes-de-mi-tierra\/","title":{"rendered":"Entre sole\u00e1 y buler\u00edas: bailes y cantes de mi tierra"},"content":{"rendered":"<h6><strong><span style=\"color: #339966\">PONENTES:<\/span><\/strong><\/h6>\n<ul>\n<li><strong>M\u00aa Adela Camacho Manarel<\/strong><\/li>\n<li><strong>Ornella Monedero Nieto<\/strong><\/li>\n<\/ul>\n<h6><strong><span style=\"color: #339966\">CENTRO EDUCATIVO:<\/span><\/strong><\/h6>\n<ul>\n<li>&nbsp;IES <em>Las Lagunas<\/em> (Mijas, M\u00e1laga)<\/li>\n<\/ul>\n<p><!--more--><\/p>\n<h6><strong><span style=\"color: #339966\">RESUMEN DE LA COMUNICACI\u00d3N:<\/span><\/strong><\/h6>\n<p>Mi compa\u00f1era Ornella Monedero Nieto y yo hemos sido galardonadas con el tercer premio de Andaluc\u00eda 2020: Flamenco en el aula (creaci\u00f3n de materiales) con la experiencia \u00abEntre sole\u00e1 y buler\u00edas: cantes y bailes de mi tierra\u00bb, por presentar una forma distinta de acercar el flamenco a nuestro alumnado. Trabajamos metodolog\u00edas activas dentro de una gamificaci\u00f3n orientada a cualquier nivel del alumnado (nosotras lo aplicamos a 1\u00ba bachillerato) y de car\u00e1cter intranivelar.<\/p>\n<h6><strong><span style=\"color: #339966\">RECURSOS:<\/span><\/strong><\/h6>\n<ul>\n<li><a href=\"https:\/\/view.genial.ly\/60883352f842180d230905ca\" target=\"_blank\" rel=\"noopener noreferrer\">Presentaci\u00f3n en genially<\/a><\/li>\n<\/ul>\n<p>&nbsp;<\/p>\n<div style=\"width: 100%\">\n<div style=\"padding-bottom: 57.75%;padding-top: 0;height: 0\"><iframe src=\"https:\/\/view.genial.ly\/60883352f842180d230905ca\" width=\"600px\" height=\"350px\" frameborder=\"0\" scrolling=\"yes\"><\/iframe><\/div>\n<ul>\n<li>V\u00eddeo de la ponencia:<\/li>\n<\/ul>\n<p><iframe title=\"M\u00aa Adela Camacho y Ornella Monedero. Entre sole\u00e1 y buler\u00edas: bailes y cantes de mi tierra\" width=\"500\" height=\"281\" src=\"https:\/\/www.youtube.com\/embed\/5sIJdfGCyhw?feature=oembed&#038;wmode=opaque\" frameborder=\"0\" allow=\"accelerometer; autoplay; clipboard-write; encrypted-media; gyroscope; picture-in-picture; web-share\" referrerpolicy=\"strict-origin-when-cross-origin\" allowfullscreen><\/iframe><\/p>\n<\/div>\n","protected":false},"excerpt":{"rendered":"<p>PONENTES: M\u00aa Adela Camacho Manarel Ornella Monedero Nieto CENTRO EDUCATIVO: &nbsp;IES Las Lagunas (Mijas, M\u00e1laga)<\/p>\n","protected":false},"author":168,"featured_media":728,"comment_status":"open","ping_status":"open","sticky":false,"template":"","format":"standard","meta":{"ngg_post_thumbnail":0,"footnotes":""},"categories":[1380579,38,648,1380578],"tags":[1380603,1380558,1380604],"aioseo_notices":[],"_links":{"self":[{"href":"https:\/\/blogsaverroes.juntadeandalucia.es\/socialescordoba\/wp-json\/wp\/v2\/posts\/727"}],"collection":[{"href":"https:\/\/blogsaverroes.juntadeandalucia.es\/socialescordoba\/wp-json\/wp\/v2\/posts"}],"about":[{"href":"https:\/\/blogsaverroes.juntadeandalucia.es\/socialescordoba\/wp-json\/wp\/v2\/types\/post"}],"author":[{"embeddable":true,"href":"https:\/\/blogsaverroes.juntadeandalucia.es\/socialescordoba\/wp-json\/wp\/v2\/users\/168"}],"replies":[{"embeddable":true,"href":"https:\/\/blogsaverroes.juntadeandalucia.es\/socialescordoba\/wp-json\/wp\/v2\/comments?post=727"}],"version-history":[{"count":8,"href":"https:\/\/blogsaverroes.juntadeandalucia.es\/socialescordoba\/wp-json\/wp\/v2\/posts\/727\/revisions"}],"predecessor-version":[{"id":807,"href":"https:\/\/blogsaverroes.juntadeandalucia.es\/socialescordoba\/wp-json\/wp\/v2\/posts\/727\/revisions\/807"}],"wp:featuredmedia":[{"embeddable":true,"href":"https:\/\/blogsaverroes.juntadeandalucia.es\/socialescordoba\/wp-json\/wp\/v2\/media\/728"}],"wp:attachment":[{"href":"https:\/\/blogsaverroes.juntadeandalucia.es\/socialescordoba\/wp-json\/wp\/v2\/media?parent=727"}],"wp:term":[{"taxonomy":"category","embeddable":true,"href":"https:\/\/blogsaverroes.juntadeandalucia.es\/socialescordoba\/wp-json\/wp\/v2\/categories?post=727"},{"taxonomy":"post_tag","embeddable":true,"href":"https:\/\/blogsaverroes.juntadeandalucia.es\/socialescordoba\/wp-json\/wp\/v2\/tags?post=727"}],"curies":[{"name":"wp","href":"https:\/\/api.w.org\/{rel}","templated":true}]}}