{"id":946,"date":"2023-04-07T10:44:37","date_gmt":"2023-04-07T09:44:37","guid":{"rendered":"https:\/\/blogsaverroes.juntadeandalucia.es\/socialescordoba\/?p=946"},"modified":"2023-04-07T10:44:37","modified_gmt":"2023-04-07T09:44:37","slug":"edad-moderna-y-comic-o-ensenar-historia-con-tebeos-iii","status":"publish","type":"post","link":"https:\/\/blogsaverroes.juntadeandalucia.es\/socialescordoba\/2023\/04\/07\/edad-moderna-y-comic-o-ensenar-historia-con-tebeos-iii\/","title":{"rendered":"Edad Moderna y Comic (o ense\u00f1ar historia con tebeos (III))"},"content":{"rendered":"<h6><strong><span style=\"color: #339966\">PONENTE:<\/span><\/strong><\/h6>\n<ul>\n<li>\n<p class=\"western\" align=\"justify\"><span style=\"font-family: Times New Roman, sans-serif\"><span style=\"font-size: medium\"><span style=\"color: #000000\"><span style=\"font-family: Arial, sans-serif\"><span style=\"font-size: small\"><span lang=\"es-ES\"><span style=\"font-family: Liberation Sans, sans-serif\"><i><b>J<\/b><\/i><\/span><\/span><\/span><\/span><\/span><span style=\"color: #000000\"><span style=\"font-family: Arial, sans-serif\"><span style=\"font-size: small\"><span lang=\"es-ES\"><span style=\"font-family: Liberation Sans, sans-serif\"><b>uan Antonio Gavil\u00e1n S\u00e1nchez<\/b><\/span><\/span><\/span><\/span><\/span><\/span><\/span><\/p>\n<\/li>\n<\/ul>\n<h6><strong><span style=\"color: #339966\">CENTRO EDUCATIVO:<\/span><\/strong><\/h6>\n<ul>\n<li>&nbsp;IES <em>Grupo C\u00e1ntico<\/em><\/li>\n<\/ul>\n<p><!--more--><\/p>\n<h6><strong><span style=\"color: #339966\">RESUMEN DE LA COMUNICACI\u00d3N:<\/span><\/strong><\/h6>\n<div class=\"\" role=\"listitem\">\n<div class=\"OxAavc NVbRL\" data-item-id=\"14082730\">\n<div class=\"Ih4Dzb\">\n<div class=\"q4tvle JqSWld yqQS1\">Como no hay dos sin tres, en mi periplo por el mundo del c\u00f3mic fijamos nuestra atenci\u00f3n sobre aquellos que tratan temas enmarcados cronol\u00f3gicamente entre los siglos XV y XVIII.<\/div>\n<\/div>\n<\/div>\n<\/div>\n<div class=\"\" role=\"listitem\">\n<div class=\"OxAavc\" data-other-input=\"qSV85\" data-other-hidden=\"MfYA1e\" data-item-id=\"1558335473\">\n<div class=\"pYfr3c\">\n<div class=\"prOLdf\">\n<div class=\"g53bl\">\n<div id=\"c623\" class=\"cTDvob D1wxyf RjsPE\" role=\"heading\" aria-describedby=\"i.desc.1558335473\">&nbsp;<\/div>\n<\/div>\n<\/div>\n<\/div>\n<\/div>\n<\/div>\n<h6><strong><span style=\"color: #339966\">RECURSOS:<\/span><\/strong><\/h6>\n<ul>\n<li>&nbsp;<\/li>\n<\/ul>\n<h6><strong><span style=\"color: #339966\">V\u00cdDEO DE LA PONENCIA:<\/span><\/strong><\/h6>\n","protected":false},"excerpt":{"rendered":"<p>PONENTE: Juan Antonio Gavil\u00e1n S\u00e1nchez CENTRO EDUCATIVO: &nbsp;IES Grupo C\u00e1ntico<\/p>\n","protected":false},"author":168,"featured_media":864,"comment_status":"open","ping_status":"open","sticky":false,"template":"","format":"standard","meta":{"ngg_post_thumbnail":0,"footnotes":""},"categories":[380,38,1380641],"tags":[1380577,1380644],"aioseo_notices":[],"_links":{"self":[{"href":"https:\/\/blogsaverroes.juntadeandalucia.es\/socialescordoba\/wp-json\/wp\/v2\/posts\/946"}],"collection":[{"href":"https:\/\/blogsaverroes.juntadeandalucia.es\/socialescordoba\/wp-json\/wp\/v2\/posts"}],"about":[{"href":"https:\/\/blogsaverroes.juntadeandalucia.es\/socialescordoba\/wp-json\/wp\/v2\/types\/post"}],"author":[{"embeddable":true,"href":"https:\/\/blogsaverroes.juntadeandalucia.es\/socialescordoba\/wp-json\/wp\/v2\/users\/168"}],"replies":[{"embeddable":true,"href":"https:\/\/blogsaverroes.juntadeandalucia.es\/socialescordoba\/wp-json\/wp\/v2\/comments?post=946"}],"version-history":[{"count":1,"href":"https:\/\/blogsaverroes.juntadeandalucia.es\/socialescordoba\/wp-json\/wp\/v2\/posts\/946\/revisions"}],"predecessor-version":[{"id":947,"href":"https:\/\/blogsaverroes.juntadeandalucia.es\/socialescordoba\/wp-json\/wp\/v2\/posts\/946\/revisions\/947"}],"wp:featuredmedia":[{"embeddable":true,"href":"https:\/\/blogsaverroes.juntadeandalucia.es\/socialescordoba\/wp-json\/wp\/v2\/media\/864"}],"wp:attachment":[{"href":"https:\/\/blogsaverroes.juntadeandalucia.es\/socialescordoba\/wp-json\/wp\/v2\/media?parent=946"}],"wp:term":[{"taxonomy":"category","embeddable":true,"href":"https:\/\/blogsaverroes.juntadeandalucia.es\/socialescordoba\/wp-json\/wp\/v2\/categories?post=946"},{"taxonomy":"post_tag","embeddable":true,"href":"https:\/\/blogsaverroes.juntadeandalucia.es\/socialescordoba\/wp-json\/wp\/v2\/tags?post=946"}],"curies":[{"name":"wp","href":"https:\/\/api.w.org\/{rel}","templated":true}]}}