{"id":969,"date":"2023-04-07T11:26:46","date_gmt":"2023-04-07T10:26:46","guid":{"rendered":"https:\/\/blogsaverroes.juntadeandalucia.es\/socialescordoba\/?p=969"},"modified":"2023-04-07T11:26:46","modified_gmt":"2023-04-07T10:26:46","slug":"la-historia-y-la-geografia-en-el-sistema-educativo-frances-desde-una-perspectiva-comparada","status":"publish","type":"post","link":"https:\/\/blogsaverroes.juntadeandalucia.es\/socialescordoba\/2023\/04\/07\/la-historia-y-la-geografia-en-el-sistema-educativo-frances-desde-una-perspectiva-comparada\/","title":{"rendered":"La Historia y la Geograf\u00eda en el sistema educativo franc\u00e9s desde una perspectiva comparada"},"content":{"rendered":"<h6><strong><span style=\"color: #339966\">PONENTE:<\/span><\/strong><\/h6>\n<ul>\n<li>\n<p class=\"western\" align=\"justify\"><span style=\"font-family: Liberation Sans, sans-serif\"><span style=\"font-size: small\"><span style=\"color: #000000\"><b>Alberto de los R<\/b><\/span><span style=\"color: #000000\"><span lang=\"es-ES\"><b>\u00edos<\/b><\/span><\/span> <span style=\"color: #000000\"><b>S<\/b><\/span><span style=\"color: #000000\"><span lang=\"es-ES\"><b>\u00e1nchez<\/b><\/span><\/span><\/span><\/span><\/p>\n<\/li>\n<\/ul>\n<h6><strong><span style=\"color: #339966\">CENTRO EDUCATIVO:<\/span><\/strong><\/h6>\n<ul>\n<li>\n<p class=\"western\" align=\"justify\"><span style=\"font-family: Liberation Sans, sans-serif\"><span style=\"font-size: small\"><span style=\"color: #000000\">Asesor t<\/span><span style=\"color: #000000\"><span lang=\"es-ES\">\u00e9cnico. Embajada de Espa\u00f1a en Francia <\/span><\/span><\/span><\/span><\/p>\n<\/li>\n<\/ul>\n<p><!--more--><\/p>\n<h6><strong><span style=\"color: #339966\">RESUMEN DE LA COMUNICACI\u00d3N:<\/span><\/strong><\/h6>\n<div class=\"\" role=\"listitem\">\n<div class=\"OxAavc NVbRL\" data-item-id=\"14082730\">\n<div class=\"Ih4Dzb\">\n<div class=\"q4tvle JqSWld yqQS1\">\n<div class=\"\" role=\"listitem\">\n<div class=\"OxAavc NVbRL\" data-item-id=\"14082730\">\n<div class=\"Ih4Dzb\">\n<div class=\"q4tvle JqSWld yqQS1\">\n<div class=\"\" role=\"listitem\">\n<div class=\"OxAavc NVbRL\" data-item-id=\"14082730\">\n<div class=\"Ih4Dzb\">\n<div class=\"q4tvle JqSWld yqQS1\">\n<div class=\"\" role=\"listitem\">\n<div class=\"OxAavc NVbRL\" data-item-id=\"14082730\">\n<div class=\"Ih4Dzb\">\n<div class=\"q4tvle JqSWld yqQS1\">\n<div class=\"\" role=\"listitem\">\n<div class=\"OxAavc NVbRL\" data-item-id=\"14082730\">\n<div class=\"Ih4Dzb\">\n<div class=\"q4tvle JqSWld yqQS1\">\n<div class=\"\" role=\"listitem\">\n<div class=\"OxAavc NVbRL\" data-item-id=\"14082730\">\n<div class=\"Ih4Dzb\">\n<div class=\"q4tvle JqSWld yqQS1\">\n<div class=\"\" role=\"listitem\">\n<div class=\"OxAavc NVbRL\" data-item-id=\"14082730\">\n<div class=\"Ih4Dzb\">\n<div class=\"q4tvle JqSWld yqQS1\">En esta ponencia pretendemos realizar una visi\u00f3n comparada de la situaci\u00f3n de la ense\u00f1anza de las materias de Geograf\u00eda e&nbsp; Historia en Francia y Espa\u00f1a con un ponente que ha estado nadando en ambas aguas y que posee esa necesaria visi\u00f3n vivida para hacer dicha comparativa.<\/div>\n<\/div>\n<\/div>\n<\/div>\n<\/div>\n<\/div>\n<\/div>\n<\/div>\n<\/div>\n<\/div>\n<\/div>\n<\/div>\n<\/div>\n<\/div>\n<\/div>\n<\/div>\n<\/div>\n<\/div>\n<\/div>\n<\/div>\n<\/div>\n<\/div>\n<\/div>\n<\/div>\n<\/div>\n<\/div>\n<\/div>\n<\/div>\n<div class=\"\" role=\"listitem\">\n<div class=\"OxAavc\" data-other-input=\"qSV85\" data-other-hidden=\"MfYA1e\" data-item-id=\"1558335473\">\n<div class=\"pYfr3c\">\n<div class=\"prOLdf\">\n<div class=\"g53bl\">\n<div id=\"c623\" class=\"cTDvob D1wxyf RjsPE\" role=\"heading\" aria-describedby=\"i.desc.1558335473\">&nbsp;<\/div>\n<\/div>\n<\/div>\n<\/div>\n<\/div>\n<\/div>\n<h6><strong><span style=\"color: #339966\">RECURSOS:<\/span><\/strong><\/h6>\n<ul>\n<li>&nbsp;<\/li>\n<\/ul>\n<h6><strong><span style=\"color: #339966\">V\u00cdDEO DE LA PONENCIA:<\/span><\/strong><\/h6>\n","protected":false},"excerpt":{"rendered":"<p>PONENTE: Alberto de los R\u00edos S\u00e1nchez CENTRO EDUCATIVO: Asesor t\u00e9cnico. Embajada de Espa\u00f1a en Francia<\/p>\n","protected":false},"author":168,"featured_media":970,"comment_status":"open","ping_status":"open","sticky":false,"template":"","format":"standard","meta":{"ngg_post_thumbnail":0,"footnotes":""},"categories":[74,380,38,1380641],"tags":[1380541,1380659,1380658],"aioseo_notices":[],"_links":{"self":[{"href":"https:\/\/blogsaverroes.juntadeandalucia.es\/socialescordoba\/wp-json\/wp\/v2\/posts\/969"}],"collection":[{"href":"https:\/\/blogsaverroes.juntadeandalucia.es\/socialescordoba\/wp-json\/wp\/v2\/posts"}],"about":[{"href":"https:\/\/blogsaverroes.juntadeandalucia.es\/socialescordoba\/wp-json\/wp\/v2\/types\/post"}],"author":[{"embeddable":true,"href":"https:\/\/blogsaverroes.juntadeandalucia.es\/socialescordoba\/wp-json\/wp\/v2\/users\/168"}],"replies":[{"embeddable":true,"href":"https:\/\/blogsaverroes.juntadeandalucia.es\/socialescordoba\/wp-json\/wp\/v2\/comments?post=969"}],"version-history":[{"count":1,"href":"https:\/\/blogsaverroes.juntadeandalucia.es\/socialescordoba\/wp-json\/wp\/v2\/posts\/969\/revisions"}],"predecessor-version":[{"id":971,"href":"https:\/\/blogsaverroes.juntadeandalucia.es\/socialescordoba\/wp-json\/wp\/v2\/posts\/969\/revisions\/971"}],"wp:featuredmedia":[{"embeddable":true,"href":"https:\/\/blogsaverroes.juntadeandalucia.es\/socialescordoba\/wp-json\/wp\/v2\/media\/970"}],"wp:attachment":[{"href":"https:\/\/blogsaverroes.juntadeandalucia.es\/socialescordoba\/wp-json\/wp\/v2\/media?parent=969"}],"wp:term":[{"taxonomy":"category","embeddable":true,"href":"https:\/\/blogsaverroes.juntadeandalucia.es\/socialescordoba\/wp-json\/wp\/v2\/categories?post=969"},{"taxonomy":"post_tag","embeddable":true,"href":"https:\/\/blogsaverroes.juntadeandalucia.es\/socialescordoba\/wp-json\/wp\/v2\/tags?post=969"}],"curies":[{"name":"wp","href":"https:\/\/api.w.org\/{rel}","templated":true}]}}