{"id":972,"date":"2023-04-07T11:30:19","date_gmt":"2023-04-07T10:30:19","guid":{"rendered":"https:\/\/blogsaverroes.juntadeandalucia.es\/socialescordoba\/?p=972"},"modified":"2023-04-07T11:50:41","modified_gmt":"2023-04-07T10:50:41","slug":"prresentacion-de-las-xv-jornadas-de-intercambio-de-experiencias-en-geografia-historia-e-historia-del-arte","status":"publish","type":"post","link":"https:\/\/blogsaverroes.juntadeandalucia.es\/socialescordoba\/2023\/04\/07\/prresentacion-de-las-xv-jornadas-de-intercambio-de-experiencias-en-geografia-historia-e-historia-del-arte\/","title":{"rendered":"PRESENTACI\u00d3N DE LAS XV JORNADAS DE INTERCAMBIO DE EXPERIENCIAS EN GEOGRAF\u00cdA, HISTORIA E HISTORIA DEL ARTE"},"content":{"rendered":"<p align=\"justify\"><span style=\"font-family: Liberation Sans, sans-serif\"><span style=\"font-size: small\"><span style=\"color: #000000\">El CEP convoca las <\/span><span style=\"color: #000000\"><b>X<\/b><\/span><b>V<\/b><b> Jornadas de Intercambio de Experiencias Did\u00e1cticas en Ciencias Sociales, Geograf\u00eda e Historia. <\/b>Despu<span style=\"color: #000000\">\u00e9s de dos ediciones realizadas de manera virtual, vamos a volver al formato prepand\u00e9mico pero a\u00f1adiendo la posibilidad de seguir el desarrollo de las ponencias tambi\u00e9n mediante la plataforma virtual. Un formato h\u00edbrido para unas jornadas que quieren recuperar el objetivo inicial de intercambiar experiencias, ideas y sugerencias encaminadas a dinamizar el \u00e1rea y las materias que la componen. <\/span><b> <\/b><\/span><\/span><span style=\"font-family: Liberation Sans, sans-serif\"><span style=\"font-size: small\">.<b> <\/b><\/span><\/span><\/p>\n<p align=\"left\"><span style=\"font-family: Liberation Sans, sans-serif\"><span style=\"font-size: small\"><b>OBJETIVOS<\/b><\/span><\/span><\/p>\n<ul>\n<li>\n<p align=\"justify\"><span style=\"font-family: Liberation Sans, sans-serif\"><span style=\"font-size: small\">Conocer y difundir las buenas pr\u00e1cticas que se realizan en el \u00e1mbito de las Ciencias Sociales.<\/span><\/span><\/p>\n<\/li>\n<li>\n<p align=\"left\"><span style=\"font-family: Liberation Sans, sans-serif\"><span style=\"font-size: small\">Crear nuevos instrumentos de comunicaci\u00f3n, as\u00ed como un espacio de encuentro para el profesorado del \u00e1mbito.<\/span><\/span><\/p>\n<\/li>\n<li>\n<p align=\"left\"><span style=\"font-family: Liberation Sans, sans-serif\"><span style=\"font-size: small\">Incentivar la participaci\u00f3n activa del profesorado a trav\u00e9s de comunicaciones, propuestas o debates.<\/span><\/span><\/p>\n<\/li>\n<li>\n<p align=\"left\"><span style=\"font-family: Liberation Sans, sans-serif\"><span style=\"font-size: small\">Promover la formaci\u00f3n y actualizaci\u00f3n del profesorado.<\/span><\/span><\/p>\n<\/li>\n<li>\n<p align=\"left\"><span style=\"font-family: Liberation Sans, sans-serif\"><span style=\"font-size: small\">Creaci\u00f3n de una red de profesorado de Ciencias Sociales.<\/span><\/span><\/p>\n<\/li>\n<\/ul>\n<p><img fetchpriority=\"high\" decoding=\"async\" class=\"wp-image-973 size-medium aligncenter\" src=\"https:\/\/blogsaverroes.juntadeandalucia.es\/socialescordoba\/files\/2023\/04\/XV-jornadas-version-2-212x300.png\" alt=\"\" width=\"212\" height=\"300\" srcset=\"https:\/\/blogsaverroes.juntadeandalucia.es\/socialescordoba\/files\/2023\/04\/XV-jornadas-version-2-212x300.png 212w, https:\/\/blogsaverroes.juntadeandalucia.es\/socialescordoba\/files\/2023\/04\/XV-jornadas-version-2-724x1024.png 724w, https:\/\/blogsaverroes.juntadeandalucia.es\/socialescordoba\/files\/2023\/04\/XV-jornadas-version-2-768x1086.png 768w, https:\/\/blogsaverroes.juntadeandalucia.es\/socialescordoba\/files\/2023\/04\/XV-jornadas-version-2-1086x1536.png 1086w, https:\/\/blogsaverroes.juntadeandalucia.es\/socialescordoba\/files\/2023\/04\/XV-jornadas-version-2-700x990.png 700w, https:\/\/blogsaverroes.juntadeandalucia.es\/socialescordoba\/files\/2023\/04\/XV-jornadas-version-2-332x470.png 332w, https:\/\/blogsaverroes.juntadeandalucia.es\/socialescordoba\/files\/2023\/04\/XV-jornadas-version-2.png 1131w\" sizes=\"(max-width: 212px) 100vw, 212px\" \/><\/p>\n","protected":false},"excerpt":{"rendered":"<p>El CEP convoca las XV Jornadas de Intercambio de Experiencias Did\u00e1cticas en Ciencias Sociales, Geograf\u00eda e Historia. Despu\u00e9s de dos ediciones realizadas de manera virtual, vamos a volver al formato prepand\u00e9mico pero a\u00f1adiendo la&#46;&#46;&#46;<\/p>\n","protected":false},"author":168,"featured_media":973,"comment_status":"open","ping_status":"open","sticky":false,"template":"","format":"standard","meta":{"ngg_post_thumbnail":0,"footnotes":""},"categories":[1380641],"tags":[],"aioseo_notices":[],"_links":{"self":[{"href":"https:\/\/blogsaverroes.juntadeandalucia.es\/socialescordoba\/wp-json\/wp\/v2\/posts\/972"}],"collection":[{"href":"https:\/\/blogsaverroes.juntadeandalucia.es\/socialescordoba\/wp-json\/wp\/v2\/posts"}],"about":[{"href":"https:\/\/blogsaverroes.juntadeandalucia.es\/socialescordoba\/wp-json\/wp\/v2\/types\/post"}],"author":[{"embeddable":true,"href":"https:\/\/blogsaverroes.juntadeandalucia.es\/socialescordoba\/wp-json\/wp\/v2\/users\/168"}],"replies":[{"embeddable":true,"href":"https:\/\/blogsaverroes.juntadeandalucia.es\/socialescordoba\/wp-json\/wp\/v2\/comments?post=972"}],"version-history":[{"count":2,"href":"https:\/\/blogsaverroes.juntadeandalucia.es\/socialescordoba\/wp-json\/wp\/v2\/posts\/972\/revisions"}],"predecessor-version":[{"id":986,"href":"https:\/\/blogsaverroes.juntadeandalucia.es\/socialescordoba\/wp-json\/wp\/v2\/posts\/972\/revisions\/986"}],"wp:featuredmedia":[{"embeddable":true,"href":"https:\/\/blogsaverroes.juntadeandalucia.es\/socialescordoba\/wp-json\/wp\/v2\/media\/973"}],"wp:attachment":[{"href":"https:\/\/blogsaverroes.juntadeandalucia.es\/socialescordoba\/wp-json\/wp\/v2\/media?parent=972"}],"wp:term":[{"taxonomy":"category","embeddable":true,"href":"https:\/\/blogsaverroes.juntadeandalucia.es\/socialescordoba\/wp-json\/wp\/v2\/categories?post=972"},{"taxonomy":"post_tag","embeddable":true,"href":"https:\/\/blogsaverroes.juntadeandalucia.es\/socialescordoba\/wp-json\/wp\/v2\/tags?post=972"}],"curies":[{"name":"wp","href":"https:\/\/api.w.org\/{rel}","templated":true}]}}