{"id":506,"date":"2025-04-11T22:15:38","date_gmt":"2025-04-11T20:15:38","guid":{"rendered":"https:\/\/blogsaverroes.juntadeandalucia.es\/solera\/?p=506"},"modified":"2025-04-11T22:17:40","modified_gmt":"2025-04-11T20:17:40","slug":"506","status":"publish","type":"post","link":"https:\/\/blogsaverroes.juntadeandalucia.es\/solera\/2025\/04\/11\/506\/","title":{"rendered":"Easter"},"content":{"rendered":"<p>\u00a1Hola, peque\u00f1os exploradores! Hoy, en nuestro cole, celebramos una fiesta muy especial: Easter.<\/p>\n<p>La Pascua es una \u00e9poca llena de alegr\u00eda y color, donde celebramos la llegada de la primavera y el despertar de la naturaleza. Es un momento para compartir con nuestros amigos y familia, y para disfrutar de divertidas tradiciones. \u00bfSab\u00edas que el conejito de Pascua es un s\u00edmbolo de esta fiesta? Seg\u00fan la leyenda, este simp\u00e1tico animalito trae huevos de chocolate y los esconde para que los ni\u00f1os los encuentren. \u00a1Qu\u00e9 emoci\u00f3n!<\/p>\n<p>En nuestro cole, hemos preparado varias actividades para celebrar la Pascua: b\u00fasqueda de huevos, manualidades, juegos. La Pascua es un momento para compartir, re\u00edr y disfrutar de la compa\u00f1\u00eda de nuestros amigos y profes. \u00a1As\u00ed que prep\u00e1rense para un d\u00eda lleno de diversi\u00f3n y alegr\u00eda!<\/p>\n<p><img loading=\"lazy\" decoding=\"async\" class=\"alignleft size-medium wp-image-507\" src=\"https:\/\/blogsaverroes.juntadeandalucia.es\/solera\/files\/2025\/04\/IMG_20250409_121235-225x300.jpg\" alt=\"\" width=\"225\" height=\"300\" srcset=\"https:\/\/blogsaverroes.juntadeandalucia.es\/solera\/files\/2025\/04\/IMG_20250409_121235-225x300.jpg 225w, https:\/\/blogsaverroes.juntadeandalucia.es\/solera\/files\/2025\/04\/IMG_20250409_121235-768x1024.jpg 768w, https:\/\/blogsaverroes.juntadeandalucia.es\/solera\/files\/2025\/04\/IMG_20250409_121235-1152x1536.jpg 1152w, https:\/\/blogsaverroes.juntadeandalucia.es\/solera\/files\/2025\/04\/IMG_20250409_121235-1536x2048.jpg 1536w, https:\/\/blogsaverroes.juntadeandalucia.es\/solera\/files\/2025\/04\/IMG_20250409_121235-scaled.jpg 1920w\" sizes=\"(max-width: 225px) 100vw, 225px\" \/> <img loading=\"lazy\" decoding=\"async\" class=\"alignleft size-medium wp-image-508\" src=\"https:\/\/blogsaverroes.juntadeandalucia.es\/solera\/files\/2025\/04\/IMG_20250409_121241-225x300.jpg\" alt=\"\" width=\"225\" height=\"300\" srcset=\"https:\/\/blogsaverroes.juntadeandalucia.es\/solera\/files\/2025\/04\/IMG_20250409_121241-225x300.jpg 225w, https:\/\/blogsaverroes.juntadeandalucia.es\/solera\/files\/2025\/04\/IMG_20250409_121241-768x1024.jpg 768w, https:\/\/blogsaverroes.juntadeandalucia.es\/solera\/files\/2025\/04\/IMG_20250409_121241-1152x1536.jpg 1152w, https:\/\/blogsaverroes.juntadeandalucia.es\/solera\/files\/2025\/04\/IMG_20250409_121241-1536x2048.jpg 1536w, https:\/\/blogsaverroes.juntadeandalucia.es\/solera\/files\/2025\/04\/IMG_20250409_121241-scaled.jpg 1920w\" sizes=\"(max-width: 225px) 100vw, 225px\" \/> <img loading=\"lazy\" decoding=\"async\" class=\"alignleft size-medium wp-image-509\" src=\"https:\/\/blogsaverroes.juntadeandalucia.es\/solera\/files\/2025\/04\/IMG_20250410_111633-225x300.jpg\" alt=\"\" width=\"225\" height=\"300\" srcset=\"https:\/\/blogsaverroes.juntadeandalucia.es\/solera\/files\/2025\/04\/IMG_20250410_111633-225x300.jpg 225w, https:\/\/blogsaverroes.juntadeandalucia.es\/solera\/files\/2025\/04\/IMG_20250410_111633-768x1024.jpg 768w, https:\/\/blogsaverroes.juntadeandalucia.es\/solera\/files\/2025\/04\/IMG_20250410_111633-1152x1536.jpg 1152w, https:\/\/blogsaverroes.juntadeandalucia.es\/solera\/files\/2025\/04\/IMG_20250410_111633-1536x2048.jpg 1536w, https:\/\/blogsaverroes.juntadeandalucia.es\/solera\/files\/2025\/04\/IMG_20250410_111633-scaled.jpg 1920w\" sizes=\"(max-width: 225px) 100vw, 225px\" \/> <img loading=\"lazy\" decoding=\"async\" class=\"alignleft size-medium wp-image-510\" src=\"https:\/\/blogsaverroes.juntadeandalucia.es\/solera\/files\/2025\/04\/IMG_20250411_125759-300x225.jpg\" alt=\"\" width=\"300\" height=\"225\" srcset=\"https:\/\/blogsaverroes.juntadeandalucia.es\/solera\/files\/2025\/04\/IMG_20250411_125759-300x225.jpg 300w, https:\/\/blogsaverroes.juntadeandalucia.es\/solera\/files\/2025\/04\/IMG_20250411_125759-1024x768.jpg 1024w, https:\/\/blogsaverroes.juntadeandalucia.es\/solera\/files\/2025\/04\/IMG_20250411_125759-768x576.jpg 768w, https:\/\/blogsaverroes.juntadeandalucia.es\/solera\/files\/2025\/04\/IMG_20250411_125759-1536x1152.jpg 1536w, https:\/\/blogsaverroes.juntadeandalucia.es\/solera\/files\/2025\/04\/IMG_20250411_125759-2048x1536.jpg 2048w\" sizes=\"(max-width: 300px) 100vw, 300px\" \/> <img loading=\"lazy\" decoding=\"async\" class=\"alignleft size-medium wp-image-511\" src=\"https:\/\/blogsaverroes.juntadeandalucia.es\/solera\/files\/2025\/04\/IMG_20250411_125815-225x300.jpg\" alt=\"\" width=\"225\" height=\"300\" srcset=\"https:\/\/blogsaverroes.juntadeandalucia.es\/solera\/files\/2025\/04\/IMG_20250411_125815-225x300.jpg 225w, https:\/\/blogsaverroes.juntadeandalucia.es\/solera\/files\/2025\/04\/IMG_20250411_125815-768x1024.jpg 768w, https:\/\/blogsaverroes.juntadeandalucia.es\/solera\/files\/2025\/04\/IMG_20250411_125815-1152x1536.jpg 1152w, https:\/\/blogsaverroes.juntadeandalucia.es\/solera\/files\/2025\/04\/IMG_20250411_125815-1536x2048.jpg 1536w, https:\/\/blogsaverroes.juntadeandalucia.es\/solera\/files\/2025\/04\/IMG_20250411_125815-scaled.jpg 1920w\" sizes=\"(max-width: 225px) 100vw, 225px\" \/> <img loading=\"lazy\" decoding=\"async\" class=\"alignleft size-medium wp-image-512\" src=\"https:\/\/blogsaverroes.juntadeandalucia.es\/solera\/files\/2025\/04\/IMG_20250411_130142-225x300.jpg\" alt=\"\" width=\"225\" height=\"300\" srcset=\"https:\/\/blogsaverroes.juntadeandalucia.es\/solera\/files\/2025\/04\/IMG_20250411_130142-225x300.jpg 225w, https:\/\/blogsaverroes.juntadeandalucia.es\/solera\/files\/2025\/04\/IMG_20250411_130142-768x1024.jpg 768w, https:\/\/blogsaverroes.juntadeandalucia.es\/solera\/files\/2025\/04\/IMG_20250411_130142-1152x1536.jpg 1152w, https:\/\/blogsaverroes.juntadeandalucia.es\/solera\/files\/2025\/04\/IMG_20250411_130142-1536x2048.jpg 1536w, https:\/\/blogsaverroes.juntadeandalucia.es\/solera\/files\/2025\/04\/IMG_20250411_130142-scaled.jpg 1920w\" sizes=\"(max-width: 225px) 100vw, 225px\" \/> <img loading=\"lazy\" decoding=\"async\" class=\"alignleft size-medium wp-image-513\" src=\"https:\/\/blogsaverroes.juntadeandalucia.es\/solera\/files\/2025\/04\/IMG_20250411_132052-300x225.jpg\" alt=\"\" width=\"300\" height=\"225\" srcset=\"https:\/\/blogsaverroes.juntadeandalucia.es\/solera\/files\/2025\/04\/IMG_20250411_132052-300x225.jpg 300w, https:\/\/blogsaverroes.juntadeandalucia.es\/solera\/files\/2025\/04\/IMG_20250411_132052-1024x768.jpg 1024w, https:\/\/blogsaverroes.juntadeandalucia.es\/solera\/files\/2025\/04\/IMG_20250411_132052-768x576.jpg 768w, https:\/\/blogsaverroes.juntadeandalucia.es\/solera\/files\/2025\/04\/IMG_20250411_132052-1536x1152.jpg 1536w, https:\/\/blogsaverroes.juntadeandalucia.es\/solera\/files\/2025\/04\/IMG_20250411_132052-2048x1536.jpg 2048w\" sizes=\"(max-width: 300px) 100vw, 300px\" \/><\/p>\n","protected":false},"excerpt":{"rendered":"<p>\u00a1Hola, peque\u00f1os exploradores! Hoy, en nuestro cole, celebramos una fiesta muy especial: Easter. La Pascua es una \u00e9poca llena de alegr\u00eda y color, donde celebramos la llegada de la primavera y el despertar de&#46;&#46;&#46;<\/p>\n","protected":false},"author":19988,"featured_media":510,"comment_status":"open","ping_status":"open","sticky":false,"template":"","format":"standard","meta":{"footnotes":""},"categories":[3,4],"tags":[30,2],"aioseo_notices":[],"_links":{"self":[{"href":"https:\/\/blogsaverroes.juntadeandalucia.es\/solera\/wp-json\/wp\/v2\/posts\/506"}],"collection":[{"href":"https:\/\/blogsaverroes.juntadeandalucia.es\/solera\/wp-json\/wp\/v2\/posts"}],"about":[{"href":"https:\/\/blogsaverroes.juntadeandalucia.es\/solera\/wp-json\/wp\/v2\/types\/post"}],"author":[{"embeddable":true,"href":"https:\/\/blogsaverroes.juntadeandalucia.es\/solera\/wp-json\/wp\/v2\/users\/19988"}],"replies":[{"embeddable":true,"href":"https:\/\/blogsaverroes.juntadeandalucia.es\/solera\/wp-json\/wp\/v2\/comments?post=506"}],"version-history":[{"count":2,"href":"https:\/\/blogsaverroes.juntadeandalucia.es\/solera\/wp-json\/wp\/v2\/posts\/506\/revisions"}],"predecessor-version":[{"id":516,"href":"https:\/\/blogsaverroes.juntadeandalucia.es\/solera\/wp-json\/wp\/v2\/posts\/506\/revisions\/516"}],"wp:featuredmedia":[{"embeddable":true,"href":"https:\/\/blogsaverroes.juntadeandalucia.es\/solera\/wp-json\/wp\/v2\/media\/510"}],"wp:attachment":[{"href":"https:\/\/blogsaverroes.juntadeandalucia.es\/solera\/wp-json\/wp\/v2\/media?parent=506"}],"wp:term":[{"taxonomy":"category","embeddable":true,"href":"https:\/\/blogsaverroes.juntadeandalucia.es\/solera\/wp-json\/wp\/v2\/categories?post=506"},{"taxonomy":"post_tag","embeddable":true,"href":"https:\/\/blogsaverroes.juntadeandalucia.es\/solera\/wp-json\/wp\/v2\/tags?post=506"}],"curies":[{"name":"wp","href":"https:\/\/api.w.org\/{rel}","templated":true}]}}