{"id":14,"date":"2021-03-26T20:19:40","date_gmt":"2021-03-26T20:19:40","guid":{"rendered":"https:\/\/blogsaverroes.juntadeandalucia.es\/tallerdetecnologia\/?p=14"},"modified":"2021-03-29T21:21:14","modified_gmt":"2021-03-29T21:21:14","slug":"tarea-3-2","status":"publish","type":"post","link":"https:\/\/blogsaverroes.juntadeandalucia.es\/tallerdetecnologia\/tarea-3-2\/","title":{"rendered":"Tarea 3.2"},"content":{"rendered":"<ul id=\"yui_3_17_2_1_1616788301734_45\">\n<li>\u00bfQu\u00e9 es Agrega2? es un repositorio muy potente, formado por nodos auton\u00f3micos, que permite publicar y autopublicar contenidos y crear secuencias de contenidos para los alumnos, adem\u00e1s de modificar dichos contenidos.<\/li>\n<li>\u00bfQu\u00e9 es CREA? es una plataforma web de la Consejer\u00eda de Educaci\u00f3n y Deporte que ofrece los materiales dise\u00f1ados para alumnado adulto que cursa la ESA, Bachillerato y Ense\u00f1anzas de R\u00e9gimen Especial.<\/li>\n<li>\u00bfQu\u00e9 es Procom\u00fan? es un paso m\u00e1s en el desarrollo de Agrega2, adem\u00e1s de poder buscar, acceder y compartir los recursos alojados en Agrega incorpora el componente social, adem\u00e1s proporciona comunidades, art\u00edculos, eventos, debates, preguntas, etc.&nbsp;<\/li>\n<li>\u00bfQu\u00e9 recursos puedo encontrar en ellos? Puedes encontrar objetos b\u00e1sicos como Im\u00e1genes, Sonido, Videos, Otros, y Objetos de aprendizaje. Ejemplos de contenido adecuado a la tem\u00e1tica de mi blog, (uno por cada servicio):&nbsp;<\/li>\n<\/ul>\n<p><a href=\"http:\/\/procomun.educalab.es\/es\/ode\/view\/1424482100592\">http:\/\/procomun.educalab.es\/es\/ode\/view\/1424482100592<\/a><\/p>\n<p><span style=\"font-size: 8pt\">Fuente: <a href=\"http:\/\/procomun.educalab.es\/es\">Procomun<\/a>. Licencia <a href=\"https:\/\/creativecommons.org\/licenses\/?lang=es_ES\">CC BY NC-SA<\/a><\/span><\/p>\n<p><a href=\"http:\/\/agrega.juntadeandalucia.es\/visualizar\/es\/es-an_2018050412_9012410\/false\">AGREGA2<\/a><\/p>\n<p><span style=\"font-size: 8pt\">Fuente: <a href=\"http:\/\/agrega.educacion.es\/visualizadorcontenidos2\/Portada\/Portada.do;jsessionid=A14DF91153E1ADD5E5B8B923AA1CDF67\">Agrega2<\/a>. Licencia <a href=\"https:\/\/creativecommons.org\/licenses\/?lang=es_ES\">CC BY NC-SA<\/a><\/span><\/p>\n<p>http:\/\/agrega.educacion.es\/visualizar\/es\/es_2014110112_9084820\/false &nbsp; &nbsp;(la pagina de CREA da error: https:\/\/www.juntadeandalucia.es\/educacion\/permanente\/materiales\/)<\/p>\n<p><span style=\"font-size: 8pt\">Fuente: <a href=\"http:\/\/agrega.educacion.es\/visualizadorcontenidos2\/Portada\/Portada.do;jsessionid=A14DF91153E1ADD5E5B8B923AA1CDF67\">Agrega2<\/a>. Licencia <a href=\"https:\/\/creativecommons.org\/licenses\/?lang=es_ES\">CC BY NC-SA<\/a><\/span><\/p>\n<ul id=\"yui_3_17_2_1_1616788301734_45\">\n<li>Explica c\u00f3mo se organiza la informaci\u00f3n y comenta alg\u00fan filtro de b\u00fasqueda espec\u00edfico para tu uso educativo. Se clasifica por Etapas, Niveles, Materias y Contenidos; Se puede filtrar a trav\u00e9s del motor de b\u00fasqueda interno de Agrega, mediante motores de b\u00fasqueda externos como Google, Bing o Yahoo, o por \u00c1rbol o Ruta curricular.<\/li>\n<li>\u00bfQu\u00e9 son las categor\u00edas? \u00bfY etiquetas? Supongo que las categor\u00edas es la forma en la que se clasifica la informaci\u00f3n y las etiquetas son palabras clave.<\/li>\n<\/ul>\n","protected":false},"excerpt":{"rendered":"<p>\u00bfQu\u00e9 es Agrega2? es un repositorio muy potente, formado por nodos auton\u00f3micos, que permite publicar y autopublicar contenidos y crear secuencias de contenidos para los alumnos, adem\u00e1s de modificar dichos contenidos. \u00bfQu\u00e9 es CREA? es una plataforma web de la Consejer\u00eda de Educaci\u00f3n y Deporte que ofrece los materiales dise\u00f1ados para alumnado adulto que cursa &hellip; <\/p>\n<p><a class=\"more-link btn\" href=\"https:\/\/blogsaverroes.juntadeandalucia.es\/tallerdetecnologia\/tarea-3-2\/\">Seguir leyendo<\/a><\/p>\n","protected":false},"author":12734,"featured_media":0,"comment_status":"open","ping_status":"open","sticky":false,"template":"","format":"standard","meta":{"ngg_post_thumbnail":0,"footnotes":""},"categories":[2],"tags":[8],"aioseo_notices":[],"_links":{"self":[{"href":"https:\/\/blogsaverroes.juntadeandalucia.es\/tallerdetecnologia\/wp-json\/wp\/v2\/posts\/14"}],"collection":[{"href":"https:\/\/blogsaverroes.juntadeandalucia.es\/tallerdetecnologia\/wp-json\/wp\/v2\/posts"}],"about":[{"href":"https:\/\/blogsaverroes.juntadeandalucia.es\/tallerdetecnologia\/wp-json\/wp\/v2\/types\/post"}],"author":[{"embeddable":true,"href":"https:\/\/blogsaverroes.juntadeandalucia.es\/tallerdetecnologia\/wp-json\/wp\/v2\/users\/12734"}],"replies":[{"embeddable":true,"href":"https:\/\/blogsaverroes.juntadeandalucia.es\/tallerdetecnologia\/wp-json\/wp\/v2\/comments?post=14"}],"version-history":[{"count":3,"href":"https:\/\/blogsaverroes.juntadeandalucia.es\/tallerdetecnologia\/wp-json\/wp\/v2\/posts\/14\/revisions"}],"predecessor-version":[{"id":19,"href":"https:\/\/blogsaverroes.juntadeandalucia.es\/tallerdetecnologia\/wp-json\/wp\/v2\/posts\/14\/revisions\/19"}],"wp:attachment":[{"href":"https:\/\/blogsaverroes.juntadeandalucia.es\/tallerdetecnologia\/wp-json\/wp\/v2\/media?parent=14"}],"wp:term":[{"taxonomy":"category","embeddable":true,"href":"https:\/\/blogsaverroes.juntadeandalucia.es\/tallerdetecnologia\/wp-json\/wp\/v2\/categories?post=14"},{"taxonomy":"post_tag","embeddable":true,"href":"https:\/\/blogsaverroes.juntadeandalucia.es\/tallerdetecnologia\/wp-json\/wp\/v2\/tags?post=14"}],"curies":[{"name":"wp","href":"https:\/\/api.w.org\/{rel}","templated":true}]}}