{"id":681,"date":"2018-03-05T18:32:44","date_gmt":"2018-03-05T18:32:44","guid":{"rendered":"http:\/\/blogsaverroes.juntadeandalucia.es\/tdahytgcjaen\/?p=681"},"modified":"2018-06-27T20:18:00","modified_gmt":"2018-06-27T20:18:00","slug":"modelos-de-programas-especificos","status":"publish","type":"post","link":"https:\/\/blogsaverroes.juntadeandalucia.es\/tdahytgcjaen\/2018\/03\/05\/modelos-de-programas-especificos\/","title":{"rendered":"MODELOS DE PROGRAMAS ESPEC\u00cdFICOS"},"content":{"rendered":"<p><img loading=\"lazy\" decoding=\"async\" class=\"wp-image-683 alignleft\" src=\"https:\/\/blogsaverroes.juntadeandalucia.es\/tdahytgcjaen\/files\/2018\/03\/portada-cuaderno-pt_mini.jpg\" alt=\"\" width=\"357\" height=\"345\" srcset=\"https:\/\/blogsaverroes.juntadeandalucia.es\/tdahytgcjaen\/files\/2018\/03\/portada-cuaderno-pt_mini.jpg 800w, https:\/\/blogsaverroes.juntadeandalucia.es\/tdahytgcjaen\/files\/2018\/03\/portada-cuaderno-pt_mini-300x290.jpg 300w, https:\/\/blogsaverroes.juntadeandalucia.es\/tdahytgcjaen\/files\/2018\/03\/portada-cuaderno-pt_mini-768x742.jpg 768w, https:\/\/blogsaverroes.juntadeandalucia.es\/tdahytgcjaen\/files\/2018\/03\/portada-cuaderno-pt_mini-24x24.jpg 24w, https:\/\/blogsaverroes.juntadeandalucia.es\/tdahytgcjaen\/files\/2018\/03\/portada-cuaderno-pt_mini-36x36.jpg 36w, https:\/\/blogsaverroes.juntadeandalucia.es\/tdahytgcjaen\/files\/2018\/03\/portada-cuaderno-pt_mini-48x46.jpg 48w\" sizes=\"(max-width: 357px) 100vw, 357px\" \/><\/p>\n<p>&nbsp;<\/p>\n<p>&nbsp;<\/p>\n<p>&nbsp;<\/p>\n<p>&nbsp;<\/p>\n<p>&nbsp;<\/p>\n<p style=\"text-align: justify\"><span style=\"color: #000080;line-height: inherit\">Como todos sab\u00e9is, el presente curso escolar 2017-2018, la provincia de Ja\u00e9n ya cuenta con una maestra PT especialista en TGC, con destino en el IES con la poblaci\u00f3n TDAH y TGC m\u00e1s elevada.<\/span><\/p>\n<p>&nbsp;<\/p>\n<p style=\"text-align: justify\"><span style=\"color: #000080\">&nbsp; &nbsp; &nbsp;Con el fin de ayudar a los maestros\/as especialistas en Pedagog\u00eda Terap\u00e9utica en su tarea de elaboraci\u00f3n de la medida educativa espec\u00edfica adscrita a muchos de nuestros alumnos con necesidades educativas -\u00abPROGRAMA ESPEC\u00cdFICO\u00bb-, facilita los siguientes documentos, muy generales, para su adaptaci\u00f3n y uso:<\/span><\/p>\n<p>&nbsp; &nbsp; &nbsp; &nbsp; &nbsp; &nbsp; &nbsp; &nbsp; &nbsp; &nbsp; &nbsp; &nbsp; &nbsp; &nbsp; &nbsp; &nbsp; &nbsp; &nbsp; &nbsp;&nbsp;<span style=\"color: #000080\">&nbsp;1. PE general para un nee TDAH:<\/span><\/p>\n<p style=\"text-align: center\"><span style=\"color: #000080\"><a href=\"https:\/\/blogsaverroes.juntadeandalucia.es\/tdahytgcjaen\/files\/2018\/03\/MODELO-PE_TDAH.odt\">MODELO PE_TDAH<\/a><\/span><\/p>\n<p><span style=\"color: #000080\">&nbsp; &nbsp; &nbsp; &nbsp; &nbsp; &nbsp; &nbsp; &nbsp; &nbsp; &nbsp; &nbsp; &nbsp; &nbsp; &nbsp; &nbsp; &nbsp; &nbsp; &nbsp; &nbsp; &nbsp;2. PE para un nee TDAH, subtipo d\u00e9ficit de atenci\u00f3n:<\/span><\/p>\n<p style=\"text-align: center\"><span style=\"color: #000080\"><a href=\"https:\/\/blogsaverroes.juntadeandalucia.es\/tdahytgcjaen\/files\/2018\/03\/MODELO-PE_TDAH-DA.odt\">MODELO PE_TDAH-DA<\/a><\/span><\/p>\n<p><span style=\"color: #000080\">&nbsp; &nbsp; &nbsp; &nbsp; &nbsp; &nbsp; &nbsp; &nbsp; &nbsp; &nbsp; &nbsp; &nbsp; &nbsp; &nbsp; &nbsp; &nbsp; &nbsp; &nbsp; &nbsp; &nbsp;3. Fotograf\u00edas de material utilizado con nee TDAH en el Aula de Apoyo a la Integraci\u00f3n:<\/span><\/p>\n<p style=\"text-align: center\"><span style=\"color: #000080\"><a href=\"https:\/\/blogsaverroes.juntadeandalucia.es\/tdahytgcjaen\/files\/2018\/03\/imagenes-recursos-web.odt\">imagenes recursos web<\/a><\/span><\/p>\n<p>&nbsp;<\/p>\n<p style=\"text-align: center\">&nbsp;<\/p>\n","protected":false},"excerpt":{"rendered":"<p>&nbsp; &nbsp; &nbsp; &nbsp; &nbsp; Como todos sab\u00e9is, el presente curso escolar 2017-2018, la provincia de Ja\u00e9n ya cuenta con una maestra PT especialista en&hellip;<\/p>\n","protected":false},"author":1160,"featured_media":0,"comment_status":"closed","ping_status":"closed","sticky":false,"template":"","format":"standard","meta":{"ngg_post_thumbnail":0,"footnotes":""},"categories":[798856,832828],"tags":[],"aioseo_notices":[],"_links":{"self":[{"href":"https:\/\/blogsaverroes.juntadeandalucia.es\/tdahytgcjaen\/wp-json\/wp\/v2\/posts\/681"}],"collection":[{"href":"https:\/\/blogsaverroes.juntadeandalucia.es\/tdahytgcjaen\/wp-json\/wp\/v2\/posts"}],"about":[{"href":"https:\/\/blogsaverroes.juntadeandalucia.es\/tdahytgcjaen\/wp-json\/wp\/v2\/types\/post"}],"author":[{"embeddable":true,"href":"https:\/\/blogsaverroes.juntadeandalucia.es\/tdahytgcjaen\/wp-json\/wp\/v2\/users\/1160"}],"replies":[{"embeddable":true,"href":"https:\/\/blogsaverroes.juntadeandalucia.es\/tdahytgcjaen\/wp-json\/wp\/v2\/comments?post=681"}],"version-history":[{"count":6,"href":"https:\/\/blogsaverroes.juntadeandalucia.es\/tdahytgcjaen\/wp-json\/wp\/v2\/posts\/681\/revisions"}],"predecessor-version":[{"id":715,"href":"https:\/\/blogsaverroes.juntadeandalucia.es\/tdahytgcjaen\/wp-json\/wp\/v2\/posts\/681\/revisions\/715"}],"wp:attachment":[{"href":"https:\/\/blogsaverroes.juntadeandalucia.es\/tdahytgcjaen\/wp-json\/wp\/v2\/media?parent=681"}],"wp:term":[{"taxonomy":"category","embeddable":true,"href":"https:\/\/blogsaverroes.juntadeandalucia.es\/tdahytgcjaen\/wp-json\/wp\/v2\/categories?post=681"},{"taxonomy":"post_tag","embeddable":true,"href":"https:\/\/blogsaverroes.juntadeandalucia.es\/tdahytgcjaen\/wp-json\/wp\/v2\/tags?post=681"}],"curies":[{"name":"wp","href":"https:\/\/api.w.org\/{rel}","templated":true}]}}