{"id":783,"date":"2018-10-30T20:13:59","date_gmt":"2018-10-30T20:13:59","guid":{"rendered":"https:\/\/blogsaverroes.juntadeandalucia.es\/tdahytgcjaen\/?p=783"},"modified":"2019-09-02T10:56:15","modified_gmt":"2019-09-02T10:56:15","slug":"investigaciones","status":"publish","type":"post","link":"https:\/\/blogsaverroes.juntadeandalucia.es\/tdahytgcjaen\/2018\/10\/30\/investigaciones\/","title":{"rendered":"INVESTIGACIONES"},"content":{"rendered":"<p style=\"text-align: right\"><img loading=\"lazy\" decoding=\"async\" class=\"alignnone size-full wp-image-882 alignleft\" src=\"https:\/\/blogsaverroes.juntadeandalucia.es\/tdahytgcjaen\/files\/2018\/10\/estudios-e-investigaciones.jpg\" alt=\"\" width=\"326\" height=\"155\" srcset=\"https:\/\/blogsaverroes.juntadeandalucia.es\/tdahytgcjaen\/files\/2018\/10\/estudios-e-investigaciones.jpg 326w, https:\/\/blogsaverroes.juntadeandalucia.es\/tdahytgcjaen\/files\/2018\/10\/estudios-e-investigaciones-300x143.jpg 300w, https:\/\/blogsaverroes.juntadeandalucia.es\/tdahytgcjaen\/files\/2018\/10\/estudios-e-investigaciones-24x11.jpg 24w, https:\/\/blogsaverroes.juntadeandalucia.es\/tdahytgcjaen\/files\/2018\/10\/estudios-e-investigaciones-36x17.jpg 36w, https:\/\/blogsaverroes.juntadeandalucia.es\/tdahytgcjaen\/files\/2018\/10\/estudios-e-investigaciones-48x23.jpg 48w\" sizes=\"(max-width: 326px) 100vw, 326px\" \/><\/p>\n<p>&nbsp;<\/p>\n<p><span style=\"color: #333399\"><strong>LOS ADULTOS CON TDAH SON M\u00c1S CREATIVOS (15\/10\/2018)<\/strong><\/span><\/p>\n<p><a href=\"https:\/\/www.redaccionmedica.com\/secciones\/psiquiatria\/los-adultos-con-tdah-son-mas-creativos-segun-un-estudio-6265\">https:\/\/www.redaccionmedica.com\/secciones\/psiquiatria\/los-adultos-con-tdah-son-mas-creativos-segun-un-estudio-6265<\/a><\/p>\n<p>&nbsp;<\/p>\n<p><strong><span style=\"color: #333399\">ANOMAL\u00cdAS MICROESTRUCTURALES DE LA MATERIA BLANCA DE LAS V\u00cdAS FRONTALES EN NI\u00d1OS CON TDAH MEDIANTE MODELOS DE DIFUSI\u00d3N AVANZADOS (31\/07\/2019)<\/span><\/strong><\/p>\n<p><a href=\"https:\/\/psiquiatria.com\/trastornos-infantiles-y-de-la-adolescencia\/deteccion-de-anomalias-microestructurales-de-la-materia-blanca-de-las-vias-frontales-en-ninos-con-tdah-mediante-modelos-de-difusion-avanzados\/\">https:\/\/psiquiatria.com\/trastornos-infantiles-y-de-la-adolescencia\/deteccion-de-anomalias-microestructurales-de-la-materia-blanca-de-las-vias-frontales-en-ninos-con-tdah-mediante-modelos-de-difusion-avanzados\/<\/a><\/p>\n<p>&nbsp;<\/p>\n<p><span style=\"color: #333399\"><strong>UN ESTUDIO HALLA LOS GENES IMPLICADOS EN LA APARICI\u00d3N DEL TDAH, autismo, trastorno bipolar, depresi\u00f3n y esquizofrenia (22\/08\/2019)<\/strong><\/span><\/p>\n<p><a href=\"https:\/\/psiquiatria.com\/trastorno-bipolar\/un-estudio-halla-los-genes-implicados-en-la-aparicion-del-tdah-autismo-trastorno-bipolar-depresion-y-esquizofrenia\/\">https:\/\/psiquiatria.com\/trastorno-bipolar\/un-estudio-halla-los-genes-implicados-en-la-aparicion-del-tdah-autismo-trastorno-bipolar-depresion-y-esquizofrenia\/<\/a><\/p>\n<p>&nbsp;<\/p>\n<p><span style=\"color: #333399\"><strong>UNA APP EXPERIMENTAL AYUDA A MEJORAR LA CAPACIDAD DE ATENCI\u00d3N EN TDAH (02\/07\/2019)<\/strong><\/span><\/p>\n<p><a href=\"https:\/\/psiquiatria.com\/trastornos-infantiles-y-de-la-adolescencia\/una-app-experimental-ayuda-a-mejorar-la-capacidad-de-atencion-en-tdah\/\">https:\/\/psiquiatria.com\/trastornos-infantiles-y-de-la-adolescencia\/una-app-experimental-ayuda-a-mejorar-la-capacidad-de-atencion-en-tdah\/<\/a><\/p>\n<p>&nbsp;<\/p>\n<p><strong><span style=\"color: #333399\">EFICACIA DE LOS TRATAMIENTOS NO FARMACOL\u00d3GICOS EN LOS S\u00cdNTOMAS DE INTERNALIZACI\u00d3N COM\u00d3RBIDOS DE ADULTOS CON TRASTORNO POR D\u00c9FICIT DE ATENCI\u00d3N E HIPERACTIVIDAD (26\/07\/2019)<\/span><\/strong><\/p>\n<p><a href=\"https:\/\/psiquiatria.com\/tdah-hiperactividad\/eficacia-de-los-tratamientos-no-farmacologicos-en-los-sintomas-de-internalizacion-comorbidos-de-adultos-con-trastorno-por-deficit-de-atencion-e-hiperactividad\/\">https:\/\/psiquiatria.com\/tdah-hiperactividad\/eficacia-de-los-tratamientos-no-farmacologicos-en-los-sintomas-de-internalizacion-comorbidos-de-adultos-con-trastorno-por-deficit-de-atencion-e-hiperactividad\/<\/a><\/p>\n<p>&nbsp;<\/p>\n<p><span style=\"color: #333399\"><strong>UNA REVISI\u00d3N MUESTRA LOS BENEFICIOS DE TRATAR CON F\u00c1RMACOS EL TDAH (01\/08\/2019)<\/strong><\/span><\/p>\n<p><a href=\"https:\/\/psiquiatria.com\/trastornos-infantiles-y-de-la-adolescencia\/una-revision-muestra-los-beneficios-de-tratar-con-farmacos-el-tdah\/\">https:\/\/psiquiatria.com\/trastornos-infantiles-y-de-la-adolescencia\/una-revision-muestra-los-beneficios-de-tratar-con-farmacos-el-tdah\/<\/a><\/p>\n<p>&nbsp;<\/p>\n<p><span style=\"color: #333399\"><strong>LA RELACI\u00d3N ENTRE EL CRONOTIPO Y LA OBESIDAD EN NI\u00d1OS Y ADOLESCENTES CON TDAH (29\/07\/2019)<\/strong><\/span><\/p>\n<p><a href=\"https:\/\/psiquiatria.com\/trastornos-infantiles-y-de-la-adolescencia\/la-relacion-entre-el-cronotipo-y-la-obesidad-en-ninos-y-adolescentes-con-tdah\/\">https:\/\/psiquiatria.com\/trastornos-infantiles-y-de-la-adolescencia\/la-relacion-entre-el-cronotipo-y-la-obesidad-en-ninos-y-adolescentes-con-tdah\/<\/a><\/p>\n<p>&nbsp;<\/p>\n<p><span style=\"color: #333399\"><strong>ESTIGMA DE LA ENFERMEDAD MENTAL: CONCEPTOS, CONSECUENCIAS E INICIATIVAS PARA REDUCIR EL ESTIGMA (29\/07\/2019)<\/strong><\/span><\/p>\n<p><a href=\"https:\/\/psiquiatria.com\/psiquiatria-general\/estigma-de-la-enfermedad-mental-conceptos-consecuencias-e-iniciativas-para-reducir-el-estigma\/\">https:\/\/psiquiatria.com\/psiquiatria-general\/estigma-de-la-enfermedad-mental-conceptos-consecuencias-e-iniciativas-para-reducir-el-estigma\/<\/a><\/p>\n<p>&nbsp;<\/p>\n<p><span style=\"color: #333399\"><strong>MODELO NEUROFUNCIONAL DE LA CONCIENCIA: BASES NEUROFISIOL\u00d3GICAS Y COGNITIVAS (16\/08\/2019)<\/strong><\/span><\/p>\n<p><a href=\"https:\/\/www.neurologia.com\/articulo\/2019072\">https:\/\/www.neurologia.com\/articulo\/2019072<\/a><\/p>\n<p>&nbsp;<\/p>\n","protected":false},"excerpt":{"rendered":"<p>&nbsp; LOS ADULTOS CON TDAH SON M\u00c1S CREATIVOS (15\/10\/2018) https:\/\/www.redaccionmedica.com\/secciones\/psiquiatria\/los-adultos-con-tdah-son-mas-creativos-segun-un-estudio-6265 &nbsp; ANOMAL\u00cdAS MICROESTRUCTURALES DE LA MATERIA BLANCA DE LAS V\u00cdAS FRONTALES EN NI\u00d1OS CON TDAH&hellip;<\/p>\n","protected":false},"author":1160,"featured_media":0,"comment_status":"closed","ping_status":"closed","sticky":false,"template":"","format":"standard","meta":{"ngg_post_thumbnail":0,"footnotes":""},"categories":[11483,799896],"tags":[],"aioseo_notices":[],"_links":{"self":[{"href":"https:\/\/blogsaverroes.juntadeandalucia.es\/tdahytgcjaen\/wp-json\/wp\/v2\/posts\/783"}],"collection":[{"href":"https:\/\/blogsaverroes.juntadeandalucia.es\/tdahytgcjaen\/wp-json\/wp\/v2\/posts"}],"about":[{"href":"https:\/\/blogsaverroes.juntadeandalucia.es\/tdahytgcjaen\/wp-json\/wp\/v2\/types\/post"}],"author":[{"embeddable":true,"href":"https:\/\/blogsaverroes.juntadeandalucia.es\/tdahytgcjaen\/wp-json\/wp\/v2\/users\/1160"}],"replies":[{"embeddable":true,"href":"https:\/\/blogsaverroes.juntadeandalucia.es\/tdahytgcjaen\/wp-json\/wp\/v2\/comments?post=783"}],"version-history":[{"count":18,"href":"https:\/\/blogsaverroes.juntadeandalucia.es\/tdahytgcjaen\/wp-json\/wp\/v2\/posts\/783\/revisions"}],"predecessor-version":[{"id":893,"href":"https:\/\/blogsaverroes.juntadeandalucia.es\/tdahytgcjaen\/wp-json\/wp\/v2\/posts\/783\/revisions\/893"}],"wp:attachment":[{"href":"https:\/\/blogsaverroes.juntadeandalucia.es\/tdahytgcjaen\/wp-json\/wp\/v2\/media?parent=783"}],"wp:term":[{"taxonomy":"category","embeddable":true,"href":"https:\/\/blogsaverroes.juntadeandalucia.es\/tdahytgcjaen\/wp-json\/wp\/v2\/categories?post=783"},{"taxonomy":"post_tag","embeddable":true,"href":"https:\/\/blogsaverroes.juntadeandalucia.es\/tdahytgcjaen\/wp-json\/wp\/v2\/tags?post=783"}],"curies":[{"name":"wp","href":"https:\/\/api.w.org\/{rel}","templated":true}]}}