{"id":830,"date":"2019-04-22T08:17:34","date_gmt":"2019-04-22T08:17:34","guid":{"rendered":"https:\/\/blogsaverroes.juntadeandalucia.es\/tdahytgcjaen\/?p=830"},"modified":"2019-04-22T08:17:34","modified_gmt":"2019-04-22T08:17:34","slug":"programa-pdp-programa-de-desarrollo-personal","status":"publish","type":"post","link":"https:\/\/blogsaverroes.juntadeandalucia.es\/tdahytgcjaen\/2019\/04\/22\/programa-pdp-programa-de-desarrollo-personal\/","title":{"rendered":"Programa PDP. Programa de desarrollo personal"},"content":{"rendered":"<h1><strong><span style=\"color: #0000ff\"><a href=\"https:\/\/blogsaverroes.juntadeandalucia.es\/tdahytgcjaen\/files\/2019\/04\/Programa-PDP.jpg\"><img loading=\"lazy\" decoding=\"async\" class=\"alignnone size-full wp-image-832\" src=\"https:\/\/blogsaverroes.juntadeandalucia.es\/tdahytgcjaen\/files\/2019\/04\/Programa-PDP.jpg\" alt=\"\" width=\"200\" height=\"297\" srcset=\"https:\/\/blogsaverroes.juntadeandalucia.es\/tdahytgcjaen\/files\/2019\/04\/Programa-PDP.jpg 200w, https:\/\/blogsaverroes.juntadeandalucia.es\/tdahytgcjaen\/files\/2019\/04\/Programa-PDP-16x24.jpg 16w, https:\/\/blogsaverroes.juntadeandalucia.es\/tdahytgcjaen\/files\/2019\/04\/Programa-PDP-24x36.jpg 24w, https:\/\/blogsaverroes.juntadeandalucia.es\/tdahytgcjaen\/files\/2019\/04\/Programa-PDP-32x48.jpg 32w\" sizes=\"(max-width: 200px) 100vw, 200px\" \/><\/a>&nbsp; &nbsp; &nbsp;<span style=\"color: #000080\">Programa PDP<\/span><\/span><\/strong><\/h1>\n<h6><span style=\"color: #000080\"><strong>&nbsp; &nbsp; &nbsp; &nbsp; &nbsp; &nbsp; &nbsp; &nbsp; &nbsp; &nbsp; &nbsp; &nbsp; &nbsp; &nbsp; &nbsp; &nbsp; &nbsp; &nbsp; &nbsp; &nbsp; &nbsp; &nbsp; &nbsp; &nbsp; &nbsp; &nbsp; &nbsp; &nbsp; &nbsp; &nbsp; &nbsp; &nbsp; &nbsp; &nbsp; &nbsp; &nbsp;Programa de Desarrollo Personal<\/strong><\/span><\/h6>\n<p style=\"text-align: justify\"><span style=\"color: #0000ff\">El desarrollo personal tiene mucha relaci\u00f3n con lo que se ha dado en llamar inteligencia emocional y su importancia en el equilibrio afectivo personal y la socializaci\u00f3n de los ni\u00f1os, adolescentes y j\u00f3venes.&nbsp;El objetivo de este programa es ayudar a los ni\u00f1os, adolescentes y j\u00f3venes a aprender a vivir y encontrar la felicidad siendo conscientes de sus capacidades y limitaciones, as\u00ed como de sus aciertos y errores.<\/span><\/p>\n<p style=\"text-align: justify\"><span style=\"color: #0000ff\">&nbsp; &nbsp; &nbsp; &nbsp; &nbsp;Con este programa, a trav\u00e9s de diversas actividades, se trabaja la potenciaci\u00f3n del <strong>autoconcepto<\/strong>, la <strong>autoestima<\/strong> y la <strong>autoeficacia<\/strong>, la <strong>motivaci\u00f3n intr\u00ednseca<\/strong> y el <strong>control emocional<\/strong> y de la <strong>ansiedad<\/strong>, la <strong>comunicaci\u00f3n<\/strong>, el <strong>conocimiento de uno mismo y de los dem\u00e1s<\/strong>, la <strong>comprensi\u00f3n<\/strong>, la <strong>empat\u00eda y dem\u00e1s afectos<\/strong>, y la <strong>cooperaci\u00f3n<\/strong> con los dem\u00e1s a la hora de actuar y relacionarse para la superaci\u00f3n de los problemas que se presentan en la vida cada d\u00eda, tanto en la escuela como en la familia, en el grupo de amigos y en la sociedad en general, cada vez m\u00e1s compleja y pluricultural. <\/span><\/p>\n<p style=\"text-align: justify\"><span style=\"color: #0000ff\">&nbsp; &nbsp; &nbsp; &nbsp; &nbsp;Este programa, publicado por la editorial Pir\u00e1mide, est\u00e1 estructurado en sesiones y, en cada una de ellas, se incluye la explicaci\u00f3n de los contenidos que se van a tratar, las actividades para los participantes y una gu\u00eda para el monitor que describe los pasos que se deben seguir en cada una;.incluye un CD-ROM con el material necesario para llevar a cabo cada sesi\u00f3n: fichas para los participantes, transparencias, presentaciones en pantalla y paneles.<\/span><\/p>\n<p>&nbsp;<\/p>\n","protected":false},"excerpt":{"rendered":"<p>&nbsp; &nbsp; &nbsp;Programa PDP &nbsp; &nbsp; &nbsp; &nbsp; &nbsp; &nbsp; &nbsp; &nbsp; &nbsp; &nbsp; &nbsp; &nbsp; &nbsp; &nbsp; &nbsp; &nbsp; &nbsp; &nbsp; &nbsp; &nbsp; &nbsp;&hellip;<\/p>\n","protected":false},"author":1160,"featured_media":0,"comment_status":"closed","ping_status":"closed","sticky":false,"template":"","format":"standard","meta":{"ngg_post_thumbnail":0,"footnotes":""},"categories":[798856,832828],"tags":[],"aioseo_notices":[],"_links":{"self":[{"href":"https:\/\/blogsaverroes.juntadeandalucia.es\/tdahytgcjaen\/wp-json\/wp\/v2\/posts\/830"}],"collection":[{"href":"https:\/\/blogsaverroes.juntadeandalucia.es\/tdahytgcjaen\/wp-json\/wp\/v2\/posts"}],"about":[{"href":"https:\/\/blogsaverroes.juntadeandalucia.es\/tdahytgcjaen\/wp-json\/wp\/v2\/types\/post"}],"author":[{"embeddable":true,"href":"https:\/\/blogsaverroes.juntadeandalucia.es\/tdahytgcjaen\/wp-json\/wp\/v2\/users\/1160"}],"replies":[{"embeddable":true,"href":"https:\/\/blogsaverroes.juntadeandalucia.es\/tdahytgcjaen\/wp-json\/wp\/v2\/comments?post=830"}],"version-history":[{"count":3,"href":"https:\/\/blogsaverroes.juntadeandalucia.es\/tdahytgcjaen\/wp-json\/wp\/v2\/posts\/830\/revisions"}],"predecessor-version":[{"id":834,"href":"https:\/\/blogsaverroes.juntadeandalucia.es\/tdahytgcjaen\/wp-json\/wp\/v2\/posts\/830\/revisions\/834"}],"wp:attachment":[{"href":"https:\/\/blogsaverroes.juntadeandalucia.es\/tdahytgcjaen\/wp-json\/wp\/v2\/media?parent=830"}],"wp:term":[{"taxonomy":"category","embeddable":true,"href":"https:\/\/blogsaverroes.juntadeandalucia.es\/tdahytgcjaen\/wp-json\/wp\/v2\/categories?post=830"},{"taxonomy":"post_tag","embeddable":true,"href":"https:\/\/blogsaverroes.juntadeandalucia.es\/tdahytgcjaen\/wp-json\/wp\/v2\/tags?post=830"}],"curies":[{"name":"wp","href":"https:\/\/api.w.org\/{rel}","templated":true}]}}