{"id":1963,"date":"2020-09-28T09:05:15","date_gmt":"2020-09-28T07:05:15","guid":{"rendered":"https:\/\/blogsaverroes.juntadeandalucia.es\/tde\/?p=1963"},"modified":"2021-02-16T11:58:05","modified_gmt":"2021-02-16T10:58:05","slug":"yo-uso-ipasen-y-moodle","status":"publish","type":"post","link":"https:\/\/blogsaverroes.juntadeandalucia.es\/tde\/yo-uso-ipasen-y-moodle\/","title":{"rendered":"Yo uso iPasen y Moodle"},"content":{"rendered":"<p>Esta iniciativa surge de la necesidad de trabajar algunas competencias digitales del alumnado contempladas en el Marco #DigComp, concretamente las relacionadas con el \u201c\u00e1rea de competencia 2: Comunicaci\u00f3n y Colaboraci\u00f3n online\u201d cuyo insuficiente desarrollo ha&nbsp; quedado de manifiesto&nbsp; en nuestro alumnado durante la situaci\u00f3n determinada por la pandemia, pese a ser considerado <em>nativo digital<\/em>.&nbsp; Concretamente, se persigue objetivo de ayudarle en el manejo de la plataforma educativa <strong>Moodle Centros<\/strong>, una de las herramientas oficiales que nos ofrece la Consejer\u00eda de Educaci\u00f3n y Deporte sin recurrir a ninguna otra plataforma externa, ni empresa, ofreciendo as\u00ed la seguridad de la privacidad de los datos en menores.<\/p>\n<p>Mediante las indicaciones que se le plantean se reduce adem\u00e1s la brecha digital, nos abstraemos de clases y niveles dando la posibilidad de poder usar tanto las <strong>APP iPasen<\/strong> y <strong>Moodle<\/strong> para SmartPhones y las versiones de escritorio para PC, usando estas herramientas en las diferentes plataformas. Quiz\u00e1s muchas familias no dispongan de los medios t\u00e9cnicos para realizar algunas tareas pero una foto de una tarea y enviarla a Moodle con el m\u00f3vil de un padre, madre o familiar siempre est\u00e1 al alcance de todos.<\/p>\n<p>En el <a href=\"https:\/\/iesalandalus.org\/joomla\/index.php\/comunidades-de-aprendizaje\">IES Al-\u00c1ndalus<\/a> (Almer\u00eda) se usan los medios y herramientas oficiales que la Consejer\u00eda de Educaci\u00f3n ha desarrollado en el \u00e1mbito educativo, por los motivos anteriormente mencionados, que no son otros que garantizar la protecci\u00f3n de datos del alumnado menor de edad y evitar el incumplimiento de los t\u00e9rminos de licencias de otras plataformas.<\/p>\n<p>Para ello, el proyecto que se recoge en <a href=\"https:\/\/iesalandalus.org\/educatic\">https:\/\/iesalandalus.org\/educatic<\/a> ofrece <strong>los temas de iPasen y Moodle <\/strong>con tutoriales para el alumnado muy f\u00e1ciles de seguir promoviendo su autonom\u00eda. Estos tutoriales contienen im\u00e1genes explicativas de todos los pasos y se proponen una serie de actividades llamadas retos que contienen la soluci\u00f3n en videotutoriales de tan solo un minuto de duraci\u00f3n haciendo muy sencillo el seguimiento. Est\u00e1n tanto en la APP como en la versi\u00f3n escritorio para PC de iPasen y Moodle.&nbsp;<\/p>\n<p>Tanto iPasen y Moodle utilizan el Usuario IdEA (Identificativo Educativo Andaluz) como forma de acceso para permitir la comunicaci\u00f3n del alumnado con el profesorado en un entorno seguro en el caso de iPasen, mientras que el uso de Moodle posibilita el seguimiento online de sus clases adelant\u00e1ndonos a una posible ense\u00f1anza a distancia consecuencia de la situaci\u00f3n actual. Es necesario integrar la tecnolog\u00eda en el proceso de ense\u00f1anza-aprendizaje desarrollando competencias digitales dentro del Marco Europeo #DigComp y en este sentido el profesorado desempe\u00f1a un papel fundamental como gu\u00eda y orientaci\u00f3n del alumnado.<\/p>\n<p>El contenido de la web se resume en tres temas fundamentales y b\u00e1sicos: correo electr\u00f3nico y configuraci\u00f3n de la APP, fundamentos de iPasen y aspectos b\u00e1sicos de Moodle Centros para el alumnado.<\/p>\n<p><img loading=\"lazy\" decoding=\"async\" class=\"alignnone wp-image-1964 size-full\" src=\"https:\/\/blogsaverroes.juntadeandalucia.es\/tde\/files\/2020\/09\/imagen-INDICE.png\" alt=\"\" width=\"288\" height=\"342\" srcset=\"https:\/\/blogsaverroes.juntadeandalucia.es\/tde\/files\/2020\/09\/imagen-INDICE.png 288w, https:\/\/blogsaverroes.juntadeandalucia.es\/tde\/files\/2020\/09\/imagen-INDICE-253x300.png 253w, https:\/\/blogsaverroes.juntadeandalucia.es\/tde\/files\/2020\/09\/imagen-INDICE-20x24.png 20w, https:\/\/blogsaverroes.juntadeandalucia.es\/tde\/files\/2020\/09\/imagen-INDICE-30x36.png 30w, https:\/\/blogsaverroes.juntadeandalucia.es\/tde\/files\/2020\/09\/imagen-INDICE-40x48.png 40w\" sizes=\"(max-width: 288px) 100vw, 288px\" \/><\/p>\n<p>La estructura de cada punto es la siguiente:<\/p>\n<ul>\n<li>Cada tema tiene en el primer nivel un caso pr\u00e1ctico que sirve de introducci\u00f3n, en forma de di\u00e1logo entre estudiantes que se representan mediante su avatar, describiendo casos reales que se pueden dar entre el alumnado.<\/li>\n<\/ul>\n<p><img loading=\"lazy\" decoding=\"async\" class=\"alignnone wp-image-1965 size-full\" src=\"https:\/\/blogsaverroes.juntadeandalucia.es\/tde\/files\/2020\/09\/imagen2.png\" alt=\"\" width=\"1752\" height=\"630\" srcset=\"https:\/\/blogsaverroes.juntadeandalucia.es\/tde\/files\/2020\/09\/imagen2.png 1752w, https:\/\/blogsaverroes.juntadeandalucia.es\/tde\/files\/2020\/09\/imagen2-300x108.png 300w, https:\/\/blogsaverroes.juntadeandalucia.es\/tde\/files\/2020\/09\/imagen2-1024x368.png 1024w, https:\/\/blogsaverroes.juntadeandalucia.es\/tde\/files\/2020\/09\/imagen2-768x276.png 768w, https:\/\/blogsaverroes.juntadeandalucia.es\/tde\/files\/2020\/09\/imagen2-1536x552.png 1536w, https:\/\/blogsaverroes.juntadeandalucia.es\/tde\/files\/2020\/09\/imagen2-24x9.png 24w, https:\/\/blogsaverroes.juntadeandalucia.es\/tde\/files\/2020\/09\/imagen2-36x13.png 36w, https:\/\/blogsaverroes.juntadeandalucia.es\/tde\/files\/2020\/09\/imagen2-48x17.png 48w\" sizes=\"(max-width: 1752px) 100vw, 1752px\" \/><\/p>\n<ul>\n<li>A continuaci\u00f3n se expone mediante im\u00e1genes representativas el proceso de la tarea de ese punto. Se usa <strong>poco texto y muchas im\u00e1genes<\/strong> con la finalidad de hacerlo f\u00e1cil y r\u00e1pido.<\/li>\n<\/ul>\n<p><img loading=\"lazy\" decoding=\"async\" class=\"alignnone wp-image-1966 size-full\" src=\"https:\/\/blogsaverroes.juntadeandalucia.es\/tde\/files\/2020\/09\/imagen3.png\" alt=\"\" width=\"1006\" height=\"721\" srcset=\"https:\/\/blogsaverroes.juntadeandalucia.es\/tde\/files\/2020\/09\/imagen3.png 1006w, https:\/\/blogsaverroes.juntadeandalucia.es\/tde\/files\/2020\/09\/imagen3-300x215.png 300w, https:\/\/blogsaverroes.juntadeandalucia.es\/tde\/files\/2020\/09\/imagen3-768x550.png 768w, https:\/\/blogsaverroes.juntadeandalucia.es\/tde\/files\/2020\/09\/imagen3-24x17.png 24w, https:\/\/blogsaverroes.juntadeandalucia.es\/tde\/files\/2020\/09\/imagen3-36x26.png 36w, https:\/\/blogsaverroes.juntadeandalucia.es\/tde\/files\/2020\/09\/imagen3-48x34.png 48w\" sizes=\"(max-width: 1006px) 100vw, 1006px\" \/><\/p>\n<ul>\n<li>Como conclusi\u00f3n de cada tema se propone un reto. Este reto se resolver\u00e1 visualizando el video explicativo.<\/li>\n<\/ul>\n<p><img loading=\"lazy\" decoding=\"async\" class=\"alignnone wp-image-1967 size-large\" src=\"https:\/\/blogsaverroes.juntadeandalucia.es\/tde\/files\/2020\/09\/imagen-4-1024x476.png\" alt=\"\" width=\"1024\" height=\"476\" srcset=\"https:\/\/blogsaverroes.juntadeandalucia.es\/tde\/files\/2020\/09\/imagen-4-1024x476.png 1024w, https:\/\/blogsaverroes.juntadeandalucia.es\/tde\/files\/2020\/09\/imagen-4-300x139.png 300w, https:\/\/blogsaverroes.juntadeandalucia.es\/tde\/files\/2020\/09\/imagen-4-768x357.png 768w, https:\/\/blogsaverroes.juntadeandalucia.es\/tde\/files\/2020\/09\/imagen-4-1536x714.png 1536w, https:\/\/blogsaverroes.juntadeandalucia.es\/tde\/files\/2020\/09\/imagen-4-24x11.png 24w, https:\/\/blogsaverroes.juntadeandalucia.es\/tde\/files\/2020\/09\/imagen-4-36x17.png 36w, https:\/\/blogsaverroes.juntadeandalucia.es\/tde\/files\/2020\/09\/imagen-4-48x22.png 48w, https:\/\/blogsaverroes.juntadeandalucia.es\/tde\/files\/2020\/09\/imagen-4.png 1739w\" sizes=\"(max-width: 1024px) 100vw, 1024px\" \/><\/p>\n<p><strong>Tema 1. Correo electr\u00f3nico:<\/strong><\/p>\n<ul>\n<li>Se plantea para que el alumnado conozca la estructura de un mensaje y sepa qu\u00e9 cosas no se deben hacer en el env\u00edo de un email a otra persona. Tambi\u00e9n se deja claro que su uso queda restringido a mayores de 14 a\u00f1os en Espa\u00f1a; por eso nos centramos en los otros dos temas de iPasen y Moodle.<\/li>\n<\/ul>\n<p>&nbsp;<\/p>\n<p><strong>Tema 2.<\/strong> <strong>iPasen<\/strong>:<\/p>\n<ul>\n<li>Acceso a la aplicaci\u00f3n desde la APP con el perfil del alumnado mediante el usuario IdEA.<\/li>\n<li>Comunicaci\u00f3n alumnado-profesorado. Env\u00edo de mensajes con archivos adjuntos.<\/li>\n<\/ul>\n<p>&nbsp;<\/p>\n<p><strong>Tema 3<\/strong>, <strong>Bucear en Moodle<\/strong>:<\/p>\n<ul>\n<li>Acceso a la aplicaci\u00f3n tanto desde la APP como desde el PC.<\/li>\n<li>Mensajer\u00eda y comunicaci\u00f3n. Se explica que es una alternativa al correo electr\u00f3nico, que permite enviar y recibir mensajes entre el alumnado y de \u00e9ste con el profesorado. Se deja constancia de que esta opci\u00f3n solo est\u00e1 funcionando actualmente en el PC.<\/li>\n<li>Enviar tareas es muy sencillo con la APP y as\u00ed queda reflejado, adem\u00e1s se tambi\u00e9n se hace en el PC.<\/li>\n<li>Videoconferencias, de momento solo en la versi\u00f3n PC, en la versi\u00f3n de la APP hay fallos de permisos a\u00fan, aunque s\u00ed se puede compartir el enlace de forma externa.<\/li>\n<li>C\u00f3mo ver las notas y retroalimentaci\u00f3n que el profesorado hace de las tareas, aspecto fundamental y prioritario sobre la calificaci\u00f3n.<\/li>\n<\/ul>\n<p>La situaci\u00f3n actual impone la necesidad de una transformaci\u00f3n digital en la educaci\u00f3n, que pasa por la adaptaci\u00f3n a los medios t\u00e9cnicos disponibles, que garanticen un uso seguro para el alumnado, y la&nbsp; fluidez en su manejo. Para conseguirlo, se impone que el profesorado evolucione en su competencia digital docente, de manera que sea capaz de desempe\u00f1ar ese papel de gu\u00eda de alumnos y alumnas, acompa\u00f1\u00e1ndolos en este proceso: empezar por el manejo y correcto uso de estas herramientas es fundamental para iniciar el recorrido de la transformaci\u00f3n.<\/p>\n<p>&#8211;<u>Enlace<\/u>: <a href=\"https:\/\/iesalandalus.org\/educatic\">https:\/\/iesalandalus.org\/educatic<\/a><\/p>\n<p><u>-Nivel educativo:<\/u> IES, CEIP o cualquier otro centro que use las herramientas iPasen y Moodle Centros.<\/p>\n<p><u>-Etiquetas:<\/u>&nbsp; #competenciadigital, #transformaci\u00f3ndigitaleducativa, #TDE, #DigComp, #DigCompEdu, #DigCompOrg, #educaciondigital, #moodlecentros, #moodle, #ipasen<\/p>\n<p><u>&#8211; Autor\u00eda:&nbsp; <\/u><\/p>\n<p>Antonio Cervantes, profesor de inform\u00e1tica del IES Al-\u00c1ndalus en Almer\u00eda. Coordinador #TDE.<\/p>\n<p>Antonio.cervantes@iesalandalus.org<\/p>\n<p><em>\u201cNo hay creatividad sin diversi\u00f3n, no hay innovaci\u00f3n sin creatividad, no hay \u00e9xito sin innovaci\u00f3n.\u201d<\/em><\/p>\n<p><img loading=\"lazy\" decoding=\"async\" class=\"alignnone size-medium wp-image-1968\" src=\"https:\/\/blogsaverroes.juntadeandalucia.es\/tde\/files\/2020\/09\/imagen5-300x266.jpeg\" alt=\"\" width=\"300\" height=\"266\" srcset=\"https:\/\/blogsaverroes.juntadeandalucia.es\/tde\/files\/2020\/09\/imagen5-300x266.jpeg 300w, https:\/\/blogsaverroes.juntadeandalucia.es\/tde\/files\/2020\/09\/imagen5-1024x909.jpeg 1024w, https:\/\/blogsaverroes.juntadeandalucia.es\/tde\/files\/2020\/09\/imagen5-768x682.jpeg 768w, https:\/\/blogsaverroes.juntadeandalucia.es\/tde\/files\/2020\/09\/imagen5-1536x1364.jpeg 1536w, https:\/\/blogsaverroes.juntadeandalucia.es\/tde\/files\/2020\/09\/imagen5-24x21.jpeg 24w, https:\/\/blogsaverroes.juntadeandalucia.es\/tde\/files\/2020\/09\/imagen5-36x32.jpeg 36w, https:\/\/blogsaverroes.juntadeandalucia.es\/tde\/files\/2020\/09\/imagen5-48x43.jpeg 48w, https:\/\/blogsaverroes.juntadeandalucia.es\/tde\/files\/2020\/09\/imagen5.jpeg 1600w\" sizes=\"(max-width: 300px) 100vw, 300px\" \/><\/p>\n<!--themify_builder_content-->\n<div id=\"themify_builder_content-1963\" data-postid=\"1963\" class=\"themify_builder_content themify_builder_content-1963 themify_builder tf_clear\">\n    <\/div>\n<!--\/themify_builder_content-->\n","protected":false},"excerpt":{"rendered":"<p>Esta iniciativa surge de la necesidad de trabajar algunas competencias digitales del alumnado contempladas en el Marco #DigComp, concretamente las relacionadas con el \u201c\u00e1rea de competencia 2: Comunicaci\u00f3n y Colaboraci\u00f3n online\u201d cuyo insuficiente desarrollo ha&nbsp; quedado de manifiesto&nbsp; en nuestro alumnado durante la situaci\u00f3n determinada por la pandemia, pese a ser considerado nativo digital.&nbsp; Concretamente, [&hellip;]<\/p>\n","protected":false},"author":7872,"featured_media":1964,"comment_status":"open","ping_status":"open","sticky":false,"template":"","format":"standard","meta":{"ngg_post_thumbnail":0,"footnotes":""},"categories":[478742],"tags":[],"aioseo_notices":[],"_links":{"self":[{"href":"https:\/\/blogsaverroes.juntadeandalucia.es\/tde\/wp-json\/wp\/v2\/posts\/1963"}],"collection":[{"href":"https:\/\/blogsaverroes.juntadeandalucia.es\/tde\/wp-json\/wp\/v2\/posts"}],"about":[{"href":"https:\/\/blogsaverroes.juntadeandalucia.es\/tde\/wp-json\/wp\/v2\/types\/post"}],"author":[{"embeddable":true,"href":"https:\/\/blogsaverroes.juntadeandalucia.es\/tde\/wp-json\/wp\/v2\/users\/7872"}],"replies":[{"embeddable":true,"href":"https:\/\/blogsaverroes.juntadeandalucia.es\/tde\/wp-json\/wp\/v2\/comments?post=1963"}],"version-history":[{"count":5,"href":"https:\/\/blogsaverroes.juntadeandalucia.es\/tde\/wp-json\/wp\/v2\/posts\/1963\/revisions"}],"predecessor-version":[{"id":2948,"href":"https:\/\/blogsaverroes.juntadeandalucia.es\/tde\/wp-json\/wp\/v2\/posts\/1963\/revisions\/2948"}],"wp:featuredmedia":[{"embeddable":true,"href":"https:\/\/blogsaverroes.juntadeandalucia.es\/tde\/wp-json\/wp\/v2\/media\/1964"}],"wp:attachment":[{"href":"https:\/\/blogsaverroes.juntadeandalucia.es\/tde\/wp-json\/wp\/v2\/media?parent=1963"}],"wp:term":[{"taxonomy":"category","embeddable":true,"href":"https:\/\/blogsaverroes.juntadeandalucia.es\/tde\/wp-json\/wp\/v2\/categories?post=1963"},{"taxonomy":"post_tag","embeddable":true,"href":"https:\/\/blogsaverroes.juntadeandalucia.es\/tde\/wp-json\/wp\/v2\/tags?post=1963"}],"curies":[{"name":"wp","href":"https:\/\/api.w.org\/{rel}","templated":true}]}}