{"id":506,"date":"2023-12-02T10:34:31","date_gmt":"2023-12-02T10:34:31","guid":{"rendered":"https:\/\/blogsaverroes.juntadeandalucia.es\/tdevirgendelacaridad\/?p=506"},"modified":"2023-12-02T10:36:54","modified_gmt":"2023-12-02T10:36:54","slug":"la-hora-del-codigo-educaandcode","status":"publish","type":"post","link":"https:\/\/blogsaverroes.juntadeandalucia.es\/tdevirgendelacaridad\/2023\/12\/02\/la-hora-del-codigo-educaandcode\/","title":{"rendered":"LA HORA DEL C\u00d3DIGO #EducaAndCode"},"content":{"rendered":"<p dir=\"ltr\">Desde la asesor\u00eda t\u00e9cnica Digital (ATD) , se ponen en contacto con nosotros para invitarnos al siguiente evento:<\/p>\n<p dir=\"ltr\">Se aproxima la celebraci\u00f3n de la \u201c<a href=\"https:\/\/hourofcode.com\/es\" target=\"_blank\" rel=\"noopener noreferrer\" data-saferedirecturl=\"https:\/\/www.google.com\/url?q=https:\/\/hourofcode.com\/es&amp;source=gmail&amp;ust=1701592791030000&amp;usg=AOvVaw3KK2DU7sEw_QE5fJAwd2zB\">Hora del C\u00f3digo<\/a>\u201d. Este evento es una iniciativa internacional de <a href=\"http:\/\/code.org\/\" target=\"_blank\" rel=\"noopener noreferrer\" data-saferedirecturl=\"https:\/\/www.google.com\/url?q=http:\/\/code.org&amp;source=gmail&amp;ust=1701592791030000&amp;usg=AOvVaw0R7l0R4HbeRjqqq8uGNYit\">Code.org<\/a> que promueve el desarrollo del pensamiento computacional del alumnado.<\/p>\n<p dir=\"ltr\" style=\"text-align: left\">Durante este evento se anima a participar en actividades de programaci\u00f3n durante al menos una hora, demostrando que la codificaci\u00f3n puede ser accesible, divertida y gratificante para cualquier persona, sin importar su experiencia previa en el tema. La idea es inspirar el inter\u00e9s de nuestros alumnos y alumnas en este \u00e1mbito y destacar c\u00f3mo la programaci\u00f3n puede ser una habilidad \u00fatil en el mundo actual.&nbsp;<\/p>\n<p dir=\"ltr\">Desde la Consejer\u00eda de Desarrollo Educativo y Formaci\u00f3n Profesional y la <a href=\"https:\/\/x.com\/DGTaTEd\/status\/1729877338392027139?s=20\" target=\"_blank\" rel=\"noopener noreferrer\" data-saferedirecturl=\"https:\/\/www.google.com\/url?q=https:\/\/x.com\/DGTaTEd\/status\/1729877338392027139?s%3D20&amp;source=gmail&amp;ust=1701592791031000&amp;usg=AOvVaw0quUQRanKod6Yij83Ww6SQ\">Direcci\u00f3n General de Tecnolog\u00edas Avanzadas y Transformaci\u00f3n Educativa<\/a> de la Junta de Andaluc\u00eda, queremos promover la participaci\u00f3n en esta iniciativa durante el mes de diciembre, por lo que ofrecemos la posibilidad de inscribirse en la misma a trav\u00e9s del portal <a href=\"https:\/\/www.juntadeandalucia.es\/educacion\/eaprendizaje\/la-hora-del-codigo\/\" target=\"_blank\" rel=\"noopener noreferrer\" data-saferedirecturl=\"https:\/\/www.google.com\/url?q=https:\/\/www.juntadeandalucia.es\/educacion\/eaprendizaje\/la-hora-del-codigo\/&amp;source=gmail&amp;ust=1701592791031000&amp;usg=AOvVaw20Pd1C-d1Wu-Abo9xZ5Tmu\">eAprendizaje<\/a> donde, adem\u00e1s, encontrar\u00e1 varios recursos de ayuda:<\/p>\n<ul>\n<li>\n<p dir=\"ltr\" role=\"presentation\">Selecci\u00f3n de actividades en l\u00ednea y desenchufadas clasificadas por nivel de acceso libre y que no requieren registro, as\u00ed como otros recursos de inter\u00e9s.<\/p>\n<\/li>\n<li>\n<p dir=\"ltr\" role=\"presentation\">Mapa interactivo con la geolocalizaci\u00f3n de los centros educativos andaluces inscritos en la #EducaAndCode.<\/p>\n<\/li>\n<\/ul>\n<p dir=\"ltr\">Tambi\u00e9n os animamos a asistir al webinar informativo que hemos organizado para la ocasi\u00f3n y que ofrecemos en las siguientes fechas y tramos horarios:<\/p>\n<p>&nbsp;<\/p>\n<div dir=\"ltr\" align=\"center\">\n<table>\n<colgroup>\n<col width=\"160\">\n<col width=\"165\">\n<col width=\"110\">\n<col width=\"7\"><\/colgroup>\n<tbody>\n<tr>\n<td>\n<p dir=\"ltr\">D\u00cdA<\/p>\n<\/td>\n<td>\n<p dir=\"ltr\">HORA<\/p>\n<\/td>\n<td colspan=\"2\">\n<p dir=\"ltr\">ENLACE<\/p>\n<\/td>\n<\/tr>\n<tr>\n<td>\n<p dir=\"ltr\">Lunes 4\/12\/2023<\/p>\n<\/td>\n<td>\n<p dir=\"ltr\">11.00- 12.00<\/p>\n<\/td>\n<td colspan=\"2\">\n<p dir=\"ltr\"><a href=\"https:\/\/educacionadistancia-jda.webex.com\/educacionadistancia-jda\/j.php?MTID=m5919ae0f0c4b1ffd3b59353138e963d8\" target=\"_blank\" rel=\"noopener noreferrer\" data-saferedirecturl=\"https:\/\/www.google.com\/url?q=https:\/\/educacionadistancia-jda.webex.com\/educacionadistancia-jda\/j.php?MTID%3Dm5919ae0f0c4b1ffd3b59353138e963d8&amp;source=gmail&amp;ust=1701592791031000&amp;usg=AOvVaw1geDce1CTh-gXBFoVmy9TB\">Enlace<\/a><\/p>\n<\/td>\n<\/tr>\n<tr>\n<td>\n<p dir=\"ltr\">Lunes 4\/12\/2023<\/p>\n<\/td>\n<td>\n<p dir=\"ltr\">17.00 &#8211; 18.00<\/p>\n<\/td>\n<td colspan=\"2\">\n<p dir=\"ltr\"><a href=\"https:\/\/educacionadistancia-jda.webex.com\/educacionadistancia-jda\/j.php?MTID=m469458384ce54407192ef0de75a27693\" target=\"_blank\" rel=\"noopener noreferrer\" data-saferedirecturl=\"https:\/\/www.google.com\/url?q=https:\/\/educacionadistancia-jda.webex.com\/educacionadistancia-jda\/j.php?MTID%3Dm469458384ce54407192ef0de75a27693&amp;source=gmail&amp;ust=1701592791031000&amp;usg=AOvVaw0Ptsttt-cm7UeH5tn0SVEy\">Enlace<\/a><\/p>\n<\/td>\n<\/tr>\n<tr>\n<td>\n<p dir=\"ltr\">Martes 12\/12\/2023<\/p>\n<\/td>\n<td>\n<p dir=\"ltr\">11.00- 12.00<\/p>\n<\/td>\n<td colspan=\"2\">\n<p dir=\"ltr\"><a href=\"https:\/\/educacionadistancia-jda.webex.com\/educacionadistancia-jda\/j.php?MTID=mac9c63b3776ac83f42b6662e6c13063a\" target=\"_blank\" rel=\"noopener noreferrer\" data-saferedirecturl=\"https:\/\/www.google.com\/url?q=https:\/\/educacionadistancia-jda.webex.com\/educacionadistancia-jda\/j.php?MTID%3Dmac9c63b3776ac83f42b6662e6c13063a&amp;source=gmail&amp;ust=1701592791031000&amp;usg=AOvVaw3-urekJR_bVsyNWcAStRJ4\">Enlace<\/a><\/p>\n<\/td>\n<\/tr>\n<tr>\n<td>\n<p dir=\"ltr\">Martes 12\/12\/2023<\/p>\n<\/td>\n<td>\n<p dir=\"ltr\">17.00 &#8211; 18.00<\/p>\n<\/td>\n<td colspan=\"2\">\n<p dir=\"ltr\"><a href=\"https:\/\/educacionadistancia-jda.webex.com\/educacionadistancia-jda\/j.php?MTID=m9b6a435b5d7374bfcb149a7c5400d425\" target=\"_blank\" rel=\"noopener noreferrer\" data-saferedirecturl=\"https:\/\/www.google.com\/url?q=https:\/\/educacionadistancia-jda.webex.com\/educacionadistancia-jda\/j.php?MTID%3Dm9b6a435b5d7374bfcb149a7c5400d425&amp;source=gmail&amp;ust=1701592791031000&amp;usg=AOvVaw3HyWDWLgLS39f4ezQ_VDDR\">Enlace<\/a><\/p>\n<\/td>\n<\/tr>\n<\/tbody>\n<\/table>\n<\/div>\n<p>&nbsp;<\/p>\n<p dir=\"ltr\">Este webinar se ha dise\u00f1ado con el objetivo de ayudar a los centros, incluso a aquellos que se atrevan a iniciarse en el mundo de la programaci\u00f3n por primera vez, a organizar su #EducaAndCode.<\/p>\n<p dir=\"ltr\">Su desarrollo puede enriquecer las actividades propuestas por su centro dentro de las L\u00edneas de Actuaci\u00f3n del \u00c1mbito de Conocimiento STEAM del Programa CIMA.<\/p>\n<p>Desde la ATD nos recuerdan:&nbsp;<\/p>\n<p dir=\"ltr\">\u00ab<em>Si vas a realizar alguna difusi\u00f3n de la actividad en las RR.SS. de tu centro, no olvides a\u00f1adir los hashtag<\/em><\/p>\n<p dir=\"ltr\"><span style=\"color: #0000ff\"><em> #EducaAndCode <\/em><\/span><\/p>\n<p dir=\"ltr\"><span style=\"color: #0000ff\"><em>#HourofCode <\/em><\/span><\/p>\n<p dir=\"ltr\"><span style=\"color: #0000ff\"><em>#ProgramaCIMA<\/em><\/span><\/p>\n<p dir=\"ltr\">\u00ab<\/p>\n<p dir=\"ltr\">&nbsp;<\/p>\n<p>&nbsp;<\/p>\n<p dir=\"ltr\">&nbsp;<\/p>\n","protected":false},"excerpt":{"rendered":"<p>Desde la asesor\u00eda t\u00e9cnica Digital (ATD) , se ponen en contacto con nosotros para invitarnos al siguiente evento: Se aproxima la celebraci\u00f3n de la \u201cHora del C\u00f3digo\u201d. Este evento es una iniciativa internacional de&#46;&#46;&#46;<\/p>\n","protected":false},"author":18498,"featured_media":507,"comment_status":"open","ping_status":"open","sticky":false,"template":"","format":"standard","meta":{"ngg_post_thumbnail":0,"footnotes":""},"categories":[21],"tags":[],"aioseo_notices":[],"_links":{"self":[{"href":"https:\/\/blogsaverroes.juntadeandalucia.es\/tdevirgendelacaridad\/wp-json\/wp\/v2\/posts\/506"}],"collection":[{"href":"https:\/\/blogsaverroes.juntadeandalucia.es\/tdevirgendelacaridad\/wp-json\/wp\/v2\/posts"}],"about":[{"href":"https:\/\/blogsaverroes.juntadeandalucia.es\/tdevirgendelacaridad\/wp-json\/wp\/v2\/types\/post"}],"author":[{"embeddable":true,"href":"https:\/\/blogsaverroes.juntadeandalucia.es\/tdevirgendelacaridad\/wp-json\/wp\/v2\/users\/18498"}],"replies":[{"embeddable":true,"href":"https:\/\/blogsaverroes.juntadeandalucia.es\/tdevirgendelacaridad\/wp-json\/wp\/v2\/comments?post=506"}],"version-history":[{"count":2,"href":"https:\/\/blogsaverroes.juntadeandalucia.es\/tdevirgendelacaridad\/wp-json\/wp\/v2\/posts\/506\/revisions"}],"predecessor-version":[{"id":509,"href":"https:\/\/blogsaverroes.juntadeandalucia.es\/tdevirgendelacaridad\/wp-json\/wp\/v2\/posts\/506\/revisions\/509"}],"wp:featuredmedia":[{"embeddable":true,"href":"https:\/\/blogsaverroes.juntadeandalucia.es\/tdevirgendelacaridad\/wp-json\/wp\/v2\/media\/507"}],"wp:attachment":[{"href":"https:\/\/blogsaverroes.juntadeandalucia.es\/tdevirgendelacaridad\/wp-json\/wp\/v2\/media?parent=506"}],"wp:term":[{"taxonomy":"category","embeddable":true,"href":"https:\/\/blogsaverroes.juntadeandalucia.es\/tdevirgendelacaridad\/wp-json\/wp\/v2\/categories?post=506"},{"taxonomy":"post_tag","embeddable":true,"href":"https:\/\/blogsaverroes.juntadeandalucia.es\/tdevirgendelacaridad\/wp-json\/wp\/v2\/tags?post=506"}],"curies":[{"name":"wp","href":"https:\/\/api.w.org\/{rel}","templated":true}]}}