{"id":517,"date":"2012-10-15T12:01:00","date_gmt":"2012-10-15T12:01:00","guid":{"rendered":"https:\/\/blogsaverroes.juntadeandalucia.es\/tecnoinfe\/2012\/10\/15\/lomce-vs-loe\/"},"modified":"2012-10-15T12:01:00","modified_gmt":"2012-10-15T12:01:00","slug":"lomce-vs-loe","status":"publish","type":"post","link":"https:\/\/blogsaverroes.juntadeandalucia.es\/tecnoinfe\/2012\/10\/15\/lomce-vs-loe\/","title":{"rendered":"Lomce vs Loe"},"content":{"rendered":"<div style=\"text-align: justify\">Pod\u00e9is consultar el <a href=\"http:\/\/www.juntadeandalucia.es\/educacion\/colabora\/web\/redfp.bienvenida\/documentos\/-\/document_library\/view\/350712\/382903?_20_redirect=http%3A%2F%2Fwww.juntadeandalucia.es%2Feducacion%2Fcolabora%2Fweb%2Fredfp.bienvenida%2Fdocumentos%2F-%2Fdocument_library%2Fview%2F350712%3F_20_redirect%3Dhttp%253A%252F%252Fwww.juntadeandalucia.es%252Feducacion%252Fcolabora%252Fweb%252Fredfp.bienvenida%252Fdocumentos%252F-%252Fdocument_library%252Fview%252F339247%253F_20_redirect%253Dhttp%25253A%25252F%25252Fwww.juntadeandalucia.es%25252Feducacion%25252Fcolabora%25252Fweb%25252Fredfp.bienvenida%25252Fdocumentos%25253Fp_p_id%25253D20%252526p_p_lifecycle%25253D0%252526p_p_state%25253Dnormal%252526p_p_mode%25253Dview%252526p_p_col_id%25253Dcolumn-1%252526p_p_col_count%25253D1\" target=\"_blank\" rel=\"noopener noreferrer\">siguiente documento<\/a> donde se hace una comparativa de la Lomce con la Loe.<\/div>\n<div style=\"text-align: justify\"><\/div>\n<div style=\"text-align: justify\">\u00bfcreeis que la LOMCE &nbsp;va a afectar al trabajo de los docentes?&nbsp;<\/div>\n<p><\/p>\n<div style=\"text-align: justify\"><\/div>\n<div style=\"text-align: justify\">Pod\u00e9is ver el blog de un docente que ha decidido publicar su visi\u00f3n anal\u00edtica de los temas que a el le interesan.<\/div>\n<div style=\"text-align: justify\"><\/div>\n<div style=\"text-align: justify\"><a href=\"http:\/\/lomceanalizada.tumblr.com\/\">http:\/\/lomceanalizada.tumblr.com\/<\/a><\/div>\n<div style=\"text-align: justify\"><\/div>\n<div style=\"text-align: justify\">Aparte, en el <a href=\"http:\/\/www.educacion.gob.es\/horizontales\/ministerio\/campanas\/lomce.html\">ministerio<\/a> habilitaron un correo para recibir sugerencias&#8230;&nbsp;<\/div>\n<div style=\"text-align: justify\"><\/div>\n<p><\/p>\n","protected":false},"excerpt":{"rendered":"<p>Pod\u00e9is consultar el siguiente documento donde se hace una comparativa de la Lomce con la Loe. \u00bfcreeis que la LOMCE &nbsp;va a afectar al trabajo de los docentes?&nbsp; Pod\u00e9is ver el blog de un&#46;&#46;&#46;<\/p>\n","protected":false},"author":11126,"featured_media":0,"comment_status":"open","ping_status":"open","sticky":false,"template":"","format":"standard","meta":{"ngg_post_thumbnail":0,"footnotes":""},"categories":[19],"tags":[],"aioseo_notices":[],"_links":{"self":[{"href":"https:\/\/blogsaverroes.juntadeandalucia.es\/tecnoinfe\/wp-json\/wp\/v2\/posts\/517"}],"collection":[{"href":"https:\/\/blogsaverroes.juntadeandalucia.es\/tecnoinfe\/wp-json\/wp\/v2\/posts"}],"about":[{"href":"https:\/\/blogsaverroes.juntadeandalucia.es\/tecnoinfe\/wp-json\/wp\/v2\/types\/post"}],"author":[{"embeddable":true,"href":"https:\/\/blogsaverroes.juntadeandalucia.es\/tecnoinfe\/wp-json\/wp\/v2\/users\/11126"}],"replies":[{"embeddable":true,"href":"https:\/\/blogsaverroes.juntadeandalucia.es\/tecnoinfe\/wp-json\/wp\/v2\/comments?post=517"}],"version-history":[{"count":0,"href":"https:\/\/blogsaverroes.juntadeandalucia.es\/tecnoinfe\/wp-json\/wp\/v2\/posts\/517\/revisions"}],"wp:attachment":[{"href":"https:\/\/blogsaverroes.juntadeandalucia.es\/tecnoinfe\/wp-json\/wp\/v2\/media?parent=517"}],"wp:term":[{"taxonomy":"category","embeddable":true,"href":"https:\/\/blogsaverroes.juntadeandalucia.es\/tecnoinfe\/wp-json\/wp\/v2\/categories?post=517"},{"taxonomy":"post_tag","embeddable":true,"href":"https:\/\/blogsaverroes.juntadeandalucia.es\/tecnoinfe\/wp-json\/wp\/v2\/tags?post=517"}],"curies":[{"name":"wp","href":"https:\/\/api.w.org\/{rel}","templated":true}]}}