{"id":554,"date":"2012-02-20T23:42:00","date_gmt":"2012-02-20T23:42:00","guid":{"rendered":"https:\/\/blogsaverroes.juntadeandalucia.es\/tecnoinfe\/2012\/02\/20\/wert-para-creer\/"},"modified":"2012-02-20T23:42:00","modified_gmt":"2012-02-20T23:42:00","slug":"wert-para-creer","status":"publish","type":"post","link":"https:\/\/blogsaverroes.juntadeandalucia.es\/tecnoinfe\/2012\/02\/20\/wert-para-creer\/","title":{"rendered":"Wert para creer"},"content":{"rendered":"<p><\/p>\n<div style=\"clear: both;text-align: center\"><a href=\"http:\/\/4.bp.blogspot.com\/-xJX50EBDaCs\/T0LZhZVkN0I\/AAAAAAAAADU\/yo8o67i0LPs\/s1600\/Wert_y_sus_mentiras%5B5%5D.jpg\" style=\"clear: left;float: left;margin-bottom: 1em;margin-right: 1em\"><img loading=\"lazy\" decoding=\"async\" border=\"0\" height=\"312\" src=\"http:\/\/4.bp.blogspot.com\/-xJX50EBDaCs\/T0LZhZVkN0I\/AAAAAAAAADU\/yo8o67i0LPs\/s320\/Wert_y_sus_mentiras%5B5%5D.jpg\" width=\"320\" \/><\/a><\/div>\n<div style=\"text-align: justify\">Nos referimos a Jos\u00e9 Ignacio Wert. El flamante nuevo ministro del gobierno Rajoy, que est\u00e1 marcando el record de exhibicionismo y desverg\u00fcenza del nuevo ejecutivo.<\/div>\n<div style=\"text-align: justify\"><\/div>\n<div style=\"text-align: justify\">\u00bfQu\u00e9 m\u00e9ritos tiene este extertuliano para ser ministro? \u00bfPor qu\u00e9 se ha ganado la fama de centrista antes de llegar al cargo? \u00bfPor qu\u00e9 ha entrado en el Ministerio como elefante en cacharrer\u00eda?<\/div>\n<div style=\"text-align: justify\"><\/div>\n<div style=\"text-align: justify\">No puedo entender c\u00f3mo este tipo ha llegado a ser ministro. O mejor dicho, s\u00f3lo puedo entenderlo por una raz\u00f3n: Es el ministro-experimento. Rajoy le est\u00e1 utilizando para centrar la atenci\u00f3n en su \u00e1rea y despistar al personal en los temas econ\u00f3micos. Y tambi\u00e9n para probar (\u00e9l tal Wert, que es un cursi y un pedante, dir\u00eda testar) el rechazo de ciertas decisiones entre la ciudadan\u00eda. Le est\u00e1 quemando a conciencia, sabiendo que le sustituir\u00e1, pero que de momento le est\u00e1 sirviendo para ver c\u00f3mo responde la opini\u00f3n p\u00fablica.<\/div>\n<div style=\"text-align: justify\"><\/div>\n<div style=\"text-align: justify\"><\/div>\n<div style=\"text-align: justify\">Nada m\u00e1s estrenar el cargo, sale diciendo que cambia el plan de estudios y que se carga Educaci\u00f3n para la Ciudadan\u00eda. Todo porque es una asignatura adoctrinadora. Y para probarlo, miente y pone un ejemplo de un libro que no es de texto y por lo tanto no se da en esa asignatura. Otro falsario de tres al cuarto.<\/div>\n<div style=\"text-align: justify\"><\/div>\n<div style=\"text-align: justify\">A los pocos d\u00edas, decide por art\u00edculo 33 y para hacerse notar \u2013no puedo encontrar otra explicaci\u00f3n\u2014, cambia los temarios de las oposiciones de profesores, cuando llevaban cuatro meses estudi\u00e1ndolo y para ex\u00e1menes que se van a hacer en junio de este a\u00f1o. Total, los opositores han perdido cuatro meses de estudiar un temario que no les vale y adem\u00e1s deben comprar el nuevo que cuesta unos 300 euros. \u00a1Magn\u00edfica decisi\u00f3n! Se ve que no pod\u00eda esperar hasta que pasaran las pr\u00f3ximas oposiciones.<\/div>\n<div style=\"text-align: justify\"><\/div>\n<div style=\"text-align: justify\">Unos d\u00edas despu\u00e9s, con el tema de los tele\u00f1ecos del Canal Plus Francia, decide llamar xen\u00f3fobos a los franceses, ante la cr\u00edtica \u00e1cida que hacen a la superioridad deportiva espa\u00f1ola, dando a entender que es por que se drogan \u2013tema Contador. Bueno, pues a los dos d\u00edas el \u201cbuen hombre\u201d dice que en Espa\u00f1a hay un problema con el dopaje. Una coherencia total.<\/div>\n<div style=\"text-align: justify\"><\/div>\n<div style=\"text-align: justify\">En una entrevista el ministro habla de que las universidades m\u00e1s importantes son las m\u00e1s mercantilizadas. Las que son totalmente privadas. O sea que ya sabemos a d\u00f3nde va a ir el dinero de nuestro impuestos para la educaci\u00f3n universitaria.<\/div>\n<div style=\"text-align: justify\"><\/div>\n<div style=\"text-align: justify\">Y ahora, resulta que ha decidido cambiar el sistema de asignaci\u00f3n de becas. En vez de otorgarlas por los ingresos familiares, el nuevo criterio ser\u00e1 el rendimiento de los alumnos y no la renta.&nbsp;<\/div>\n<div style=\"text-align: justify\"><\/div>\n<div style=\"text-align: justify\">Vista la situaci\u00f3n econ\u00f3mica boyante de la que disfruta nuestro pa\u00eds, lo l\u00f3gico es pensar que las becas para los pobres no valen la pena. Es gente que en este mundo plutocr\u00e1tico y de medradores no tiene lugar. Los pobres bastante tienen con ser pobres, s\u00f3lo faltar\u00eda que quisieran estudiar. Porque, \u00bfqui\u00e9n desempe\u00f1ar\u00eda los trabajos mal remunerados y de baja calificaci\u00f3n? Salvo que sean unos lumbreras, mejor que trabajen. \u00bfTrabajar? Era una broma, mejor que se apunten al paro.<\/div>\n<div style=\"text-align: justify\"><\/div>\n<div style=\"text-align: justify\">No me dir\u00e1n que el se\u00f1or ministro ha perdido el tiempo. \u00bfHay qui\u00e9n d\u00e9 m\u00e1s por menos? Ha tomado varias decisiones en mes y medio y todas conflictivas. Y en alguna, mintiendo miserablemente.<\/div>\n<div style=\"text-align: justify\"><\/div>\n<div style=\"text-align: justify\">Este es el ejemplo de ministro moderado, de centro, que nos han colocado. \u00bfPuede hacer m\u00e1s da\u00f1o un ministro en menos tiempo?&nbsp;<\/div>\n<div style=\"text-align: justify\"><\/div>\n<div style=\"text-align: justify\">\u00a1Wert para creer!<\/div>\n<div style=\"text-align: justify\"><\/div>\n<div style=\"text-align: justify\">Fuente: <a href=\"http:\/\/rafa-almazan.blogspot.com\/2012\/02\/wert-para-creer.html\" target=\"_blank\" rel=\"noopener noreferrer\">Rafa Garc\u00eda Almaz\u00e1<\/a><\/div>\n","protected":false},"excerpt":{"rendered":"<p>Nos referimos a Jos\u00e9 Ignacio Wert. El flamante nuevo ministro del gobierno Rajoy, que est\u00e1 marcando el record de exhibicionismo y desverg\u00fcenza del nuevo ejecutivo. \u00bfQu\u00e9 m\u00e9ritos tiene este extertuliano para ser ministro? \u00bfPor&#46;&#46;&#46;<\/p>\n","protected":false},"author":11126,"featured_media":0,"comment_status":"open","ping_status":"open","sticky":false,"template":"","format":"standard","meta":{"ngg_post_thumbnail":0,"footnotes":""},"categories":[19],"tags":[],"aioseo_notices":[],"_links":{"self":[{"href":"https:\/\/blogsaverroes.juntadeandalucia.es\/tecnoinfe\/wp-json\/wp\/v2\/posts\/554"}],"collection":[{"href":"https:\/\/blogsaverroes.juntadeandalucia.es\/tecnoinfe\/wp-json\/wp\/v2\/posts"}],"about":[{"href":"https:\/\/blogsaverroes.juntadeandalucia.es\/tecnoinfe\/wp-json\/wp\/v2\/types\/post"}],"author":[{"embeddable":true,"href":"https:\/\/blogsaverroes.juntadeandalucia.es\/tecnoinfe\/wp-json\/wp\/v2\/users\/11126"}],"replies":[{"embeddable":true,"href":"https:\/\/blogsaverroes.juntadeandalucia.es\/tecnoinfe\/wp-json\/wp\/v2\/comments?post=554"}],"version-history":[{"count":0,"href":"https:\/\/blogsaverroes.juntadeandalucia.es\/tecnoinfe\/wp-json\/wp\/v2\/posts\/554\/revisions"}],"wp:attachment":[{"href":"https:\/\/blogsaverroes.juntadeandalucia.es\/tecnoinfe\/wp-json\/wp\/v2\/media?parent=554"}],"wp:term":[{"taxonomy":"category","embeddable":true,"href":"https:\/\/blogsaverroes.juntadeandalucia.es\/tecnoinfe\/wp-json\/wp\/v2\/categories?post=554"},{"taxonomy":"post_tag","embeddable":true,"href":"https:\/\/blogsaverroes.juntadeandalucia.es\/tecnoinfe\/wp-json\/wp\/v2\/tags?post=554"}],"curies":[{"name":"wp","href":"https:\/\/api.w.org\/{rel}","templated":true}]}}