{"id":567,"date":"2012-01-28T10:52:00","date_gmt":"2012-01-28T10:52:00","guid":{"rendered":"https:\/\/blogsaverroes.juntadeandalucia.es\/tecnoinfe\/2012\/01\/28\/docente-2-0\/"},"modified":"2012-01-28T10:52:00","modified_gmt":"2012-01-28T10:52:00","slug":"docente-2-0","status":"publish","type":"post","link":"https:\/\/blogsaverroes.juntadeandalucia.es\/tecnoinfe\/2012\/01\/28\/docente-2-0\/","title":{"rendered":"Docente 2.0."},"content":{"rendered":"<div style=\"clear: both;text-align: justify\"><\/div>\n<div style=\"clear: both;text-align: justify\"><\/div>\n<div style=\"text-align: -webkit-auto\"><b style=\"background-color: white;text-align: justify\"><span style=\"font-family: Verdana, sans-serif;font-size: large\">Docente 2.0: Educador Invisible.<\/span><\/b><\/p>\n<div style=\"text-align: justify\"><span style=\"background-color: white;font-family: Verdana, sans-serif;font-size: x-small;line-height: 1.4\"><br \/><\/span><br \/><span style=\"font-family: Verdana, sans-serif\"><span style=\"background-color: white;font-size: x-small;line-height: 1.4\">\u00bb (&#8230;)<\/span><span style=\"background-color: white;font-size: x-small;line-height: 1.4\">&nbsp;<\/span><span style=\"background-color: white;font-size: x-small;font-weight: bold;line-height: 1.4\">Un<\/span><span style=\"background-color: white;font-size: x-small;line-height: 1.4\">&nbsp;<\/span><i style=\"background-color: white;font-size: small;line-height: 1.4\"><b>Docente 2.0: Educador Invisible<\/b><\/i><span style=\"background-color: white;font-size: x-small;line-height: 1.4\">. Es aquel que sabe opinar, expresarse, comunicar, compartir, conversar, crear, producir, innovar y participar en la Web. Es aquel\/aquella trabajadora del conocimiento que:<\/span><\/span><\/div>\n<\/div>\n<div style=\"background-color: white;width: 588px\">\n<ul style=\"font-size: 12px;line-height: 1.4;margin-bottom: 0.5em;margin-left: 0px;margin-right: 0px;margin-top: 0.5em;padding-bottom: 0px;padding-left: 2.5em;padding-right: 2.5em;padding-top: 0px\">\n<li style=\"border-bottom-style: none;border-color: initial;border-left-style: none;border-right-style: none;border-top-style: none;border-width: initial;margin-bottom: 0.25em;margin-left: 0px;margin-right: 0px;margin-top: 0px;padding-bottom: 0px;padding-left: 0px;padding-right: 0px;padding-top: 0px;text-align: justify\"><span style=\"font-size: x-small\"><span style=\"font-family: Verdana, sans-serif\"><b>Trasciende las cuatro paredes del sal\u00f3n<\/b>: Ofrece webinars, webcasts, screencasts, podcasts, bloguea, tuitea, conversa y sabe comunicar en diferentes contornos de aprendizaje. Tiene la habilidad de dispersarse entre el mundo f\u00edsico y virtual en el momento adecuado.<\/span><\/span><\/li>\n<li style=\"border-bottom-style: none;border-color: initial;border-left-style: none;border-right-style: none;border-top-style: none;border-width: initial;margin-bottom: 0.25em;margin-left: 0px;margin-right: 0px;margin-top: 0px;padding-bottom: 0px;padding-left: 0px;padding-right: 0px;padding-top: 0px;text-align: justify\"><span style=\"font-size: x-small\"><span style=\"font-family: Verdana, sans-serif\"><b>Ense\u00f1a de manera informal y descentralizada<\/b>: Utiliza lo que ocurre en el mundo para conectar a los estudiantes con el aprendizaje significativo y permanente. Es un educador impredecible, ca\u00f3tico, flexible y democr\u00e1tico.<\/span><\/span><\/li>\n<li style=\"border-bottom-style: none;border-color: initial;border-left-style: none;border-right-style: none;border-top-style: none;border-width: initial;margin-bottom: 0.25em;margin-left: 0px;margin-right: 0px;margin-top: 0px;padding-bottom: 0px;padding-left: 0px;padding-right: 0px;padding-top: 0px;text-align: justify\"><span style=\"font-size: x-small\"><span style=\"font-family: Verdana, sans-serif\"><b>Tiene identidad digital<\/b>: Administra cursos LMS: Moodle\/Blackboard\/Chamilo\/Edu.2.0. Pero adem\u00e1s posee un blog, p\u00e1gina personal, portafolio electr\u00f3nico, p\u00e1gina wiki, canal de v\u00eddeos y presentaciones flash.&nbsp;<\/span><\/span><span style=\"font-size: x-small\"><span style=\"font-family: Verdana, sans-serif\"><\/span><\/span><span style=\"font-size: x-small\"><span style=\"font-family: Verdana, sans-serif\"><br \/><\/span><\/span><\/li>\n<li style=\"border-bottom-style: none;border-color: initial;border-left-style: none;border-right-style: none;border-top-style: none;border-width: initial;margin-bottom: 0.25em;margin-left: 0px;margin-right: 0px;margin-top: 0px;padding-bottom: 0px;padding-left: 0px;padding-right: 0px;padding-top: 0px;text-align: justify\"><span style=\"font-size: x-small\"><span style=\"font-family: Verdana, sans-serif\"><b>Comparte lo que sabe<\/b>: Participa en actividades presenciales y virtuales sin esperar nada a cambio.&nbsp;<\/span><\/span><span style=\"font-size: x-small\"><span style=\"font-family: Verdana, sans-serif\">Poseemos lo que somos por las contribuciones que hacemos&nbsp;<\/span><\/span><span style=\"font-size: x-small\"><span style=\"font-family: Verdana, sans-serif\">(George Siemens)<\/span><\/span><span style=\"font-size: x-small\"><span style=\"font-family: Verdana, sans-serif\">. S\u00f3lo se pierde lo que se guarda, s\u00f3lo se gana lo que se da (Antonio Machado)<\/span><\/span><\/li>\n<li style=\"border-bottom-style: none;border-color: initial;border-left-style: none;border-right-style: none;border-top-style: none;border-width: initial;margin-bottom: 0.25em;margin-left: 0px;margin-right: 0px;margin-top: 0px;padding-bottom: 0px;padding-left: 0px;padding-right: 0px;padding-top: 0px;text-align: justify\"><b><span style=\"font-size: x-small\"><span style=\"font-family: Verdana, sans-serif\">C<\/span><\/span><\/b><span style=\"font-size: x-small\"><span style=\"font-family: Verdana, sans-serif\"><b>ree en el contenido abierto<\/b>: Las ideas no son definitivas; otros ya han creado lo mismo o mejor que t\u00fa. N<\/span><\/span><span style=\"font-size: x-small\"><span style=\"font-family: Verdana, sans-serif\">o le preocupa que le roben sus ideas. El conocimiento le pertenece a la humanidad.&nbsp;<\/span><\/span><span style=\"font-size: x-small\"><span style=\"font-family: Verdana, sans-serif\">El conocimiento abierto es la energ\u00eda del siglo 21 (Cristobal Cobo).<\/span><\/span><\/li>\n<li style=\"border-bottom-style: none;border-color: initial;border-left-style: none;border-right-style: none;border-top-style: none;border-width: initial;margin-bottom: 0.25em;margin-left: 0px;margin-right: 0px;margin-top: 0px;padding-bottom: 0px;padding-left: 0px;padding-right: 0px;padding-top: 0px;text-align: justify\"><b><span style=\"font-size: x-small\"><span style=\"font-family: Verdana, sans-serif\">A<\/span><\/span><\/b><span style=\"font-size: x-small\"><span style=\"font-family: Verdana, sans-serif\"><b>prende de manera transparente<\/b>: Aprende de y con las personas, orzanizaciones y bases de datos.&nbsp;<\/span><\/span><span style=\"font-size: x-small\"><span style=\"font-family: Verdana, sans-serif\">Cuando aprendemos de forma transparente nos volvemos profesores (George Siemens).<\/span><\/span><\/li>\n<li style=\"border-bottom-style: none;border-color: initial;border-left-style: none;border-right-style: none;border-top-style: none;border-width: initial;margin-bottom: 0.25em;margin-left: 0px;margin-right: 0px;margin-top: 0px;padding-bottom: 0px;padding-left: 0px;padding-right: 0px;padding-top: 0px;text-align: justify\"><b><span style=\"font-size: x-small\"><span style=\"font-family: Verdana, sans-serif\">A<\/span><\/span><\/b><span style=\"font-size: x-small\"><span style=\"font-family: Verdana, sans-serif\"><b>umenta su nivel de productividad<\/b>: Utiliza recursos de la web para gestionar el conocimiento y procesar tareas administrativas. Utiliza dispositivos electr\u00f3nicos para conectarse con las herramientas de la web.<\/span><\/span><\/li>\n<li style=\"border-bottom-style: none;border-color: initial;border-left-style: none;border-right-style: none;border-top-style: none;border-width: initial;margin-bottom: 0.25em;margin-left: 0px;margin-right: 0px;margin-top: 0px;padding-bottom: 0px;padding-left: 0px;padding-right: 0px;padding-top: 0px;text-align: justify\"><b><span style=\"font-size: x-small\"><span style=\"font-family: Verdana, sans-serif\">I<\/span><\/span><\/b><span style=\"font-size: x-small\"><span style=\"font-family: Verdana, sans-serif\"><b>nvestiga y comparte<\/b>: Crea wikis, o lecturas en PDF en donde comparte sus hallazgos en diferentes escenarios de aprendizaje:&nbsp;<a href=\"http:\/\/www.slideshare.net\/adelgado\/diseo-de-ple-pln-pde-sle-y-coin-6937674\" style=\"color: blue;text-decoration: none\" target=\"_blank\" rel=\"noopener noreferrer\">PLE, PLN, SLE, PDE, COIN<\/a>.<\/span><\/span><\/li>\n<li style=\"border-bottom-style: none;border-color: initial;border-left-style: none;border-right-style: none;border-top-style: none;border-width: initial;margin-bottom: 0.25em;margin-left: 0px;margin-right: 0px;margin-top: 0px;padding-bottom: 0px;padding-left: 0px;padding-right: 0px;padding-top: 0px;text-align: justify\"><b><span style=\"font-size: x-small\"><span style=\"font-family: Verdana, sans-serif\">D<\/span><\/span><\/b><span style=\"font-size: x-small\"><span style=\"font-family: Verdana, sans-serif\"><b>ise\u00f1a sus propios contenidos did\u00e1cticos<\/b>: Aplica el conocimiento en variadas formas de representaci\u00f3n multimedial sin transcribir literalmente lo que dicen los impresos.<\/span><\/span><\/li>\n<li style=\"border-bottom-style: none;border-color: initial;border-left-style: none;border-right-style: none;border-top-style: none;border-width: initial;margin-bottom: 0.25em;margin-left: 0px;margin-right: 0px;margin-top: 0px;padding-bottom: 0px;padding-left: 0px;padding-right: 0px;padding-top: 0px;text-align: justify\"><b><span style=\"font-size: x-small\"><span style=\"font-family: Verdana, sans-serif\">E<\/span><\/span><\/b><span style=\"font-size: x-small\"><span style=\"font-family: Verdana, sans-serif\"><b>s ubicuo<\/b>: accede al conocimiento y se comunica con otros desde cualquier dispositivo electr\u00f3nico a cualquier hora.<\/span><\/span><\/li>\n<li style=\"border-bottom-style: none;border-color: initial;border-left-style: none;border-right-style: none;border-top-style: none;border-width: initial;margin-bottom: 0.25em;margin-left: 0px;margin-right: 0px;margin-top: 0px;padding-bottom: 0px;padding-left: 0px;padding-right: 0px;padding-top: 0px;text-align: justify\"><span style=\"font-size: x-small\"><span style=\"font-family: Verdana, sans-serif\"><b>Siempre est\u00e1 actualizado\/a<\/b>: Utiliza RSS y otros recursos automatizados para suscribirse a canales informativos.<\/span><\/span><\/li>\n<li style=\"border-bottom-style: none;border-color: initial;border-left-style: none;border-right-style: none;border-top-style: none;border-width: initial;margin-bottom: 0.25em;margin-left: 0px;margin-right: 0px;margin-top: 0px;padding-bottom: 0px;padding-left: 0px;padding-right: 0px;padding-top: 0px;text-align: justify\"><b><span style=\"font-size: x-small\"><span style=\"font-family: Verdana, sans-serif\">U<\/span><\/span><\/b><span style=\"font-size: x-small\"><span style=\"font-family: Verdana, sans-serif\"><b>tiliza m\u00e1s de una plataforma<\/b>: No existe una plataforma educativa perfecta y \u00fanica. La mejor plataforma de&nbsp;<i>eLearning<\/i>&nbsp;es UNO mismo\/a y sus estudiantes: es la ACTITUD.<\/span><\/span><\/li>\n<li style=\"border-bottom-style: none;border-color: initial;border-left-style: none;border-right-style: none;border-top-style: none;border-width: initial;margin-bottom: 0.25em;margin-left: 0px;margin-right: 0px;margin-top: 0px;padding-bottom: 0px;padding-left: 0px;padding-right: 0px;padding-top: 0px;text-align: justify\"><span style=\"font-size: x-small\"><span style=\"font-family: Verdana, sans-serif\"><b>Utiliza herramientas invisibles<\/b>: Recursos digitales de la web con las que puedes producir artefectos de contenido sin necesidad de utilizar el procesador del computador, memorias&nbsp;<i>flash<\/i>&nbsp;ni programas propietarios.<\/span><\/span><\/li>\n<li style=\"border-bottom-style: none;border-color: initial;border-left-style: none;border-right-style: none;border-top-style: none;border-width: initial;margin-bottom: 0.25em;margin-left: 0px;margin-right: 0px;margin-top: 0px;padding-bottom: 0px;padding-left: 0px;padding-right: 0px;padding-top: 0px;text-align: justify\"><b><span style=\"font-size: x-small\"><span style=\"font-family: Verdana, sans-serif\">A<\/span><\/span><\/b><span style=\"font-size: x-small\"><span style=\"font-family: Verdana, sans-serif\"><b>ccede a eventos globales<\/b>: Congresos, cumbres, seminarios, talleres, plenarias, cenferencias y diversidad de eventos v\u00eda&nbsp;<i>streaming<\/i>&nbsp;o diferidos sin tener que gastar un c\u00e9ntimo en viajes, hospeder\u00edas y traslados. Aprende de otros y con otros todo lo nuevo y actualizado.<\/span><\/span><\/li>\n<li style=\"border-bottom-style: none;border-color: initial;border-left-style: none;border-right-style: none;border-top-style: none;border-width: initial;margin-bottom: 0.25em;margin-left: 0px;margin-right: 0px;margin-top: 0px;padding-bottom: 0px;padding-left: 0px;padding-right: 0px;padding-top: 0px;text-align: justify\"><span style=\"font-size: x-small\"><span style=\"font-family: Verdana, sans-serif\"><b>Promueve la universidad verde<\/b>: Utiliza eBooks, lecturas en PDF, v\u00eddeos, y artefactos digitales sin costo alguno para los estudiantes. El ahorro en el consumo de papel y cartuchos de tinta es enorme. Ahora, la universidad se queja de los gastos recurrentes ocasionados por la tecnolog\u00eda, pero no tiene la capacidad de fomentar esta pr\u00e1ctica en su comunidad.<\/span><\/span><\/li>\n<li style=\"border-bottom-style: none;border-color: initial;border-left-style: none;border-right-style: none;border-top-style: none;border-width: initial;margin-bottom: 0.25em;margin-left: 0px;margin-right: 0px;margin-top: 0px;padding-bottom: 0px;padding-left: 0px;padding-right: 0px;padding-top: 0px;text-align: justify\"><b><span style=\"font-size: x-small\"><span style=\"font-family: Verdana, sans-serif\">T<\/span><\/span><\/b><span style=\"font-size: x-small\"><span style=\"font-family: Verdana, sans-serif\"><b>eoriza su propia pr\u00e1ctica<\/b>: No espera por talleres de desarrollo profesional, manuales o gu\u00edas pedag\u00f3gicas prescriptivas, sino que se atreve a estructurar por s\u00ed mismo\/a nuevas experiencias instruccionales. Experimenta y analiza los resultados con sus estudiantes y comparte la experiencia con la comunidad educativa.<\/span><\/span><\/li>\n<li style=\"border-bottom-style: none;border-color: initial;border-left-style: none;border-right-style: none;border-top-style: none;border-width: initial;margin-bottom: 0.25em;margin-left: 0px;margin-right: 0px;margin-top: 0px;padding-bottom: 0px;padding-left: 0px;padding-right: 0px;padding-top: 0px;text-align: justify\"><b><span style=\"font-size: x-small\"><span style=\"font-family: Verdana, sans-serif\">P<\/span><\/span><\/b><span style=\"font-size: x-small\"><span style=\"font-family: Verdana, sans-serif\"><b>articipa en redes transnacionales<\/b>: Es integrante en&nbsp;<\/span><\/span><span style=\"font-size: x-small\"><span style=\"font-family: Verdana, sans-serif\">distintas redes profesionales, sociales, de apoyo y cognitivas. Desde distintas dimensiones puede aportar o contribuir con conocimientos, experiencias o artefactos digitales para el bien com\u00fan de la red.<\/span><\/span><\/li>\n<li style=\"border-bottom-style: none;border-color: initial;border-left-style: none;border-right-style: none;border-top-style: none;border-width: initial;margin-bottom: 0.25em;margin-left: 0px;margin-right: 0px;margin-top: 0px;padding-bottom: 0px;padding-left: 0px;padding-right: 0px;padding-top: 0px;text-align: justify\"><span style=\"font-size: x-small\"><span style=\"font-family: Verdana, sans-serif\"><b>Sabe d\u00f3nde conseguir lo que necesita<\/b>: La capacidad para conseguir lo que se necesita es m\u00e1s importante que lo que ya se conoce o sabe.<\/span><\/span><\/li>\n<li style=\"border-bottom-style: none;border-color: initial;border-left-style: none;border-right-style: none;border-top-style: none;border-width: initial;margin-bottom: 0.25em;margin-left: 0px;margin-right: 0px;margin-top: 0px;padding-bottom: 0px;padding-left: 0px;padding-right: 0px;padding-top: 0px;text-align: justify\"><span style=\"font-size: x-small\"><span style=\"font-family: Verdana, sans-serif\"><b>Sabe desempe\u00f1ar m\u00faltiples funciones<\/b>: Estructurador, desarrollador, facilitador, administrador, colaborador, moderador, tutor, mentor, coach y<i>curator<\/i>.<\/span><\/span><\/li>\n<li style=\"border-bottom-style: none;border-color: initial;border-left-style: none;border-right-style: none;border-top-style: none;border-width: initial;margin-bottom: 0.25em;margin-left: 0px;margin-right: 0px;margin-top: 0px;padding-bottom: 0px;padding-left: 0px;padding-right: 0px;padding-top: 0px;text-align: justify\"><span style=\"font-size: x-small\"><span style=\"font-family: Verdana, sans-serif\"><b>Fomenta el pensamiento divergente<\/b>: Permite que sus estudiantes cuestionen lo que aprenden y vayan m\u00e1s all\u00e1 de lo que dicen los textos. Les permite crear, innovar, experimentar, empoderarse, emprender.<\/span><\/span><\/li>\n<li style=\"border-bottom-style: none;border-color: initial;border-left-style: none;border-right-style: none;border-top-style: none;border-width: initial;margin-bottom: 0.25em;margin-left: 0px;margin-right: 0px;margin-top: 0px;padding-bottom: 0px;padding-left: 0px;padding-right: 0px;padding-top: 0px;text-align: justify\"><span style=\"font-size: x-small\"><span style=\"font-family: Verdana, sans-serif\"><b>Sabe trascender lo conocido<\/b>: Los estudiantes de hoy no vienen a escuchar lo que ya est\u00e1 impreso en los textos. Vienen a experimentar, explorar, descubrir, crear, innovar y producir. Jam\u00e1s conocer\u00e1n lo desconocido, si se aferran a lo ya conocido.<\/span><\/span><\/li>\n<li style=\"border-bottom-style: none;border-color: initial;border-left-style: none;border-right-style: none;border-top-style: none;border-width: initial;margin-bottom: 0.25em;margin-left: 0px;margin-right: 0px;margin-top: 0px;padding-bottom: 0px;padding-left: 0px;padding-right: 0px;padding-top: 0px;text-align: justify\"><span style=\"font-size: x-small\"><span style=\"font-family: Verdana, sans-serif\"><b>Ense\u00f1a a aprender de los errores<\/b>: Conocer lo falso como falso es una gran experiencia, porque es la \u00fanica forma en la que uno llega poco a poco a saber lo que es la verdad. Para conocer la verdad como verdad, el camino pasa por la experiencia de conocer lo falso como falso (Osho). No podemos seguir ense\u00f1ando lo correcto, lo lineal, lo f\u00e1cil de evaluar, lo c\u00f3modo para diagnosticar. Debemos ver el aprendizaje como un camino, no como una meta a seguir.<\/span><\/span><span style=\"font-size: x-small\"><span style=\"font-family: Verdana, sans-serif\"><\/span><\/span><span style=\"font-size: x-small\"><span style=\"font-family: Verdana, sans-serif\"><\/span><\/span><\/li>\n<li style=\"border-bottom-style: none;border-color: initial;border-left-style: none;border-right-style: none;border-top-style: none;border-width: initial;margin-bottom: 0.25em;margin-left: 0px;margin-right: 0px;margin-top: 0px;padding-bottom: 0px;padding-left: 0px;padding-right: 0px;padding-top: 0px;text-align: justify\"><span style=\"font-size: x-small\"><span style=\"font-family: Verdana, sans-serif\"><b>Permite las m\u00faltiples manifestaciones de la inteligencia<\/b>: Aprobar no significa aprender. Los estudianes deben aprender a aprender, solucionar problemas complejos, manejar conflictos, pronosticar fen\u00f3menos, crear, producir, innovar y reinventarse.&nbsp;<\/span><\/span><span style=\"font-size: x-small\"><span style=\"font-family: Verdana, sans-serif\">Nuestra generaci\u00f3n ha pasado de la contemplaci\u00f3n y el silencio a la distracci\u00f3n y el movimiento&nbsp;<\/span><\/span><span style=\"font-size: x-small\"><span style=\"font-family: Verdana, sans-serif\">(George Siemens).<\/span><\/span><span style=\"font-size: x-small\"><span style=\"font-family: Verdana, sans-serif\"><\/span><\/span><\/li>\n<li style=\"border-bottom-style: none;border-color: initial;border-left-style: none;border-right-style: none;border-top-style: none;border-width: initial;margin-bottom: 0.25em;margin-left: 0px;margin-right: 0px;margin-top: 0px;padding-bottom: 0px;padding-left: 0px;padding-right: 0px;padding-top: 0px;text-align: justify\"><b><span style=\"font-size: x-small\"><span style=\"font-family: Verdana, sans-serif\">L<\/span><\/span><\/b><span style=\"font-size: x-small\"><span style=\"font-family: Verdana, sans-serif\"><b>ogra que sus estudiantes sigan conectados al aprendizaje<\/b>:&nbsp;<\/span><\/span><span style=\"font-size: x-small\"><span style=\"font-family: Verdana, sans-serif\">Deber\u00edamos tener como meta que un estudiante tuviese una red global de amistades y relaciones para el resto de su vida (Alan November, ISTE 2010). Esa es la mejor huella que un educador podr\u00eda dejar en sus estudiantes&#8230;<\/span><\/span><\/li>\n<\/ul>\n<p><span style=\"font-family: Verdana, sans-serif;font-size: x-small;line-height: 1.4\"><\/span><\/p>\n<div style=\"text-align: justify\"><span style=\"font-size: x-small;line-height: 1.4\"><span style=\"font-family: Verdana, sans-serif;line-height: 1.4\">El educador tradicional, aunque utilice la tecnolog\u00eda en sus clases, es un profesional que proviene de una era predecible en la que:<\/span><span style=\"font-family: Verdana, sans-serif;line-height: 1.4\">&nbsp;<\/span><\/span><\/div>\n<p><span style=\"font-family: Verdana, sans-serif;font-size: x-small;line-height: 1.4\"> <\/span><\/p>\n<ul style=\"font-size: 12px;line-height: 1.4;margin-bottom: 0.5em;margin-left: 0px;margin-right: 0px;margin-top: 0.5em;padding-bottom: 0px;padding-left: 2.5em;padding-right: 2.5em;padding-top: 0px\">\n<li style=\"border-bottom-style: none;border-color: initial;border-left-style: none;border-right-style: none;border-top-style: none;border-width: initial;margin-bottom: 0.25em;margin-left: 0px;margin-right: 0px;margin-top: 0px;padding-bottom: 0px;padding-left: 0px;padding-right: 0px;padding-top: 0px;text-align: justify\"><span style=\"font-size: x-small\"><span style=\"font-family: Verdana, sans-serif\">dicta sus clases a la misma hora y en el mismo lugar<\/span><\/span><\/li>\n<li style=\"border-bottom-style: none;border-color: initial;border-left-style: none;border-right-style: none;border-top-style: none;border-width: initial;margin-bottom: 0.25em;margin-left: 0px;margin-right: 0px;margin-top: 0px;padding-bottom: 0px;padding-left: 0px;padding-right: 0px;padding-top: 0px;text-align: justify\"><span style=\"font-size: x-small\"><span style=\"font-family: Verdana, sans-serif\">utiliza el mismo estilo de ense\u00f1anza: conferencia magistral y taller<\/span><\/span><\/li>\n<li style=\"border-bottom-style: none;border-color: initial;border-left-style: none;border-right-style: none;border-top-style: none;border-width: initial;margin-bottom: 0.25em;margin-left: 0px;margin-right: 0px;margin-top: 0px;padding-bottom: 0px;padding-left: 0px;padding-right: 0px;padding-top: 0px;text-align: justify\"><span style=\"font-size: x-small\"><span style=\"font-family: Verdana, sans-serif\">utiliza el mismo material did\u00e1ctico: libros, revistas especializadas y fotocopias<\/span><\/span><span style=\"font-size: x-small\"><span style=\"font-family: Verdana, sans-serif\"><\/span><\/span><\/li>\n<li style=\"border-bottom-style: none;border-color: initial;border-left-style: none;border-right-style: none;border-top-style: none;border-width: initial;margin-bottom: 0.25em;margin-left: 0px;margin-right: 0px;margin-top: 0px;padding-bottom: 0px;padding-left: 0px;padding-right: 0px;padding-top: 0px;text-align: justify\"><span style=\"font-size: x-small\"><span style=\"font-family: Verdana, sans-serif\">utiliza la misma herramienta tecnol\u00f3gica: Proyector y PowerPoint\u2122<\/span><\/span><\/li>\n<li style=\"border-bottom-style: none;border-color: initial;border-left-style: none;border-right-style: none;border-top-style: none;border-width: initial;margin-bottom: 0.25em;margin-left: 0px;margin-right: 0px;margin-top: 0px;padding-bottom: 0px;padding-left: 0px;padding-right: 0px;padding-top: 0px;text-align: justify\"><span style=\"font-size: x-small\"><span style=\"font-family: Verdana, sans-serif\">promueve el aprendizaje memor\u00edstico-repetitivo<\/span><\/span><\/li>\n<li style=\"border-bottom-style: none;border-color: initial;border-left-style: none;border-right-style: none;border-top-style: none;border-width: initial;margin-bottom: 0.25em;margin-left: 0px;margin-right: 0px;margin-top: 0px;padding-bottom: 0px;padding-left: 0px;padding-right: 0px;padding-top: 0px;text-align: justify\"><span style=\"font-size: x-small\"><span style=\"font-family: Verdana, sans-serif\">administra el mismo tipo de examen: estanradizado<\/span><\/span><\/li>\n<li style=\"border-bottom-style: none;border-color: initial;border-left-style: none;border-right-style: none;border-top-style: none;border-width: initial;margin-bottom: 0.25em;margin-left: 0px;margin-right: 0px;margin-top: 0px;padding-bottom: 0px;padding-left: 0px;padding-right: 0px;padding-top: 0px;text-align: justify\"><span style=\"font-size: x-small\"><span style=\"font-family: Verdana, sans-serif\">aclara dudas en clase o en horas de oficina presencial (si est\u00e1)<\/span><\/span><\/li>\n<li style=\"border-bottom-style: none;border-color: initial;border-left-style: none;border-right-style: none;border-top-style: none;border-width: initial;margin-bottom: 0.25em;margin-left: 0px;margin-right: 0px;margin-top: 0px;padding-bottom: 0px;padding-left: 0px;padding-right: 0px;padding-top: 0px;text-align: justify\"><span style=\"font-size: x-small\"><span style=\"font-family: Verdana, sans-serif\">utiliza el mismo conocimiento durante d\u00e9cadas<\/span><\/span><\/li>\n<li style=\"border-bottom-style: none;border-color: initial;border-left-style: none;border-right-style: none;border-top-style: none;border-width: initial;margin-bottom: 0.25em;margin-left: 0px;margin-right: 0px;margin-top: 0px;padding-bottom: 0px;padding-left: 0px;padding-right: 0px;padding-top: 0px;text-align: justify\"><span style=\"font-size: x-small\"><span style=\"font-family: Verdana, sans-serif\">s\u00f3lo est\u00e1 conectado al quehacer acad\u00e9mico<\/span><\/span><\/li>\n<li style=\"border-bottom-style: none;border-color: initial;border-left-style: none;border-right-style: none;border-top-style: none;border-width: initial;margin-bottom: 0.25em;margin-left: 0px;margin-right: 0px;margin-top: 0px;padding-bottom: 0px;padding-left: 0px;padding-right: 0px;padding-top: 0px;text-align: justify\"><span style=\"font-size: x-small\"><span style=\"font-family: Verdana, sans-serif\">siente, piensa y act\u00faa de igual manera<\/span><\/span><\/li>\n<\/ul>\n<p><span style=\"font-family: Verdana, sans-serif;font-size: x-small;line-height: 1.4\"><\/span><\/p>\n<div style=\"text-align: justify\"><span style=\"background-color: white;font-family: Verdana, sans-serif;font-size: x-small;line-height: 1.4\">Desde mi entorno laboral donde me pagan por crear, innovar, producir, dise\u00f1ar, investigar y compartir, he hecho todo lo mejor posible por lograr que la facultad utilice las nuevas herramientas de productividad. No s\u00f3lo eso, que accedan al excedente de informaci\u00f3n que les ayudar\u00e1 a actualizar sus cursos. Que existen otras nuevas formas de estructurar sus clases para anclar a los estudiantes en el proceso de aprendizaje, bas\u00e1ndose en la incorporaci\u00f3n de los recursos tecnol\u00f3gicos emergentes. Siempre hay unos pocos con el deseo genuino de aprender. Pero en general, m\u00e1s del 90% prefieren mantenerse en lo conocido porque es la manera m\u00e1s corta y f\u00e1cil de dictar sus clases. Existen muchas razones por las que los educadores deciden mantenerse en la pedagog\u00eda tradicionalista (<\/span><a href=\"http:\/\/jaquealprofeunopuntocero.blogspot.com\/2010\/03\/goog_1360226992\" style=\"background-color: white;color: blue;font-family: Verdana, sans-serif;font-size: small;line-height: 1.4;text-decoration: none\">leer<\/a><a href=\"http:\/\/edumorfosis.blogspot.com\/2011\/03\/educadores-00-excusas-para-rechazar-la.html\" style=\"background-color: white;color: blue;font-family: Verdana, sans-serif;font-size: small;line-height: 1.4;text-decoration: none\" target=\"_blank\" rel=\"noopener noreferrer\">: Educadores 0.0<\/a><span style=\"background-color: white;font-family: Verdana, sans-serif;font-size: x-small;line-height: 1.4\">).<\/span><span style=\"background-color: white;font-family: Verdana, sans-serif;font-size: x-small;line-height: 1.4\">&nbsp;<\/span><\/div>\n<p><span style=\"font-family: Verdana, sans-serif;font-size: x-small;line-height: 1.4\"> <\/span><\/p>\n<div style=\"text-align: justify\"><span style=\"background-color: white;font-family: Verdana, sans-serif;font-size: x-small;line-height: 1.4\">Lo que s\u00ed es incontenible es la proliferaci\u00f3n de<\/span><span style=\"background-color: white;font-family: Verdana, sans-serif;font-size: x-small;line-height: 1.4\">&nbsp;<\/span><b style=\"background-color: white;font-family: Verdana, sans-serif;font-size: small;line-height: 1.4\"><i>Docentes 2.0: Educadores invisibles<\/i><\/b><span style=\"background-color: white;font-family: Verdana, sans-serif;font-size: x-small;line-height: 1.4\">. \u00bfD\u00f3nde est\u00e1n esos educadores? Dispersos en dimensi\u00f3n digital: Facebook, Twitter, Blogs, Wikis, Sitios web, PLE, PLN, SLE, PDE, COIN y dem\u00e1s entornos de aprendizaje. Somos de un mismo pa\u00eds, hablamos el mismo idioma universal, compartimos las mismas necesidades y objetivos. \u00bfC\u00f3mo encontrarlos? A lo mejor los has visto en persona, pero no sabes todo lo que hacen desde la Web. S\u00edguelos&#8230; observa lo que hacen, c\u00f3mo lo hacen, ingresa en las redes educativas, accede a eventos virtuales en<\/span><i style=\"background-color: white;font-family: Verdana, sans-serif;font-size: small;line-height: 1.4\">&nbsp;streaming<\/i><span style=\"background-color: white;font-family: Verdana, sans-serif;font-size: x-small;line-height: 1.4\">, participa, escribe art\u00edculos, graba v\u00eddeos, saca fotos y cu\u00e9lgalas, con\u00e9ctate a la web y comparte con muchos de ellos. No hay que invertir un s\u00f3lo centavo. Gracias a sus aportaciones he aprendido much\u00edsimo sobre<\/span><span style=\"background-color: white;font-family: Verdana, sans-serif;font-size: x-small;line-height: 1.4\">&nbsp;<\/span><i style=\"background-color: white;font-family: Verdana, sans-serif;font-size: small;line-height: 1.4\">eLearning<\/i><span style=\"background-color: white;font-family: Verdana, sans-serif;font-size: x-small;line-height: 1.4\">, educaci\u00f3n 2.0, aprendizaje 2.0, Web 2.0\/3.0 y los paradigmas educativos contempor\u00e1neos. Muchos nos hemos convertido en una enorme familia que nos sirve de apoyo y enriquecimiento. Educadores invisibles que en un momento dado se convierten en nodos visibles de saber que trascienden los confines del tiempo, espacio y distancias geogr\u00e1ficas&#8230;\u00bb<\/span><\/div>\n<p><span style=\"font-family: Verdana, sans-serif;font-size: x-small;line-height: 1.4\"> <br \/><\/span><\/p>\n<div style=\"font-size: 12px;line-height: 1.4;text-align: right\"><span style=\"font-size: x-small\"><span style=\"font-family: Verdana, sans-serif\">Texto perteneciente al art\u00edculo publicado en&nbsp;<a href=\"http:\/\/edumorfosis.blogspot.com\/2011\/03\/docentes-20-educadores-invisibles.html?spref=tw\" target=\"_blank\" rel=\"noopener noreferrer\">Edumorfosis<\/a><\/span><\/span><\/div>\n<\/div>\n","protected":false},"excerpt":{"rendered":"<p>Docente 2.0: Educador Invisible. \u00bb (&#8230;)&nbsp;Un&nbsp;Docente 2.0: Educador Invisible. Es aquel que sabe opinar, expresarse, comunicar, compartir, conversar, crear, producir, innovar y participar en la Web. Es aquel\/aquella trabajadora del conocimiento que: Trasciende las&#46;&#46;&#46;<\/p>\n","protected":false},"author":11126,"featured_media":0,"comment_status":"open","ping_status":"open","sticky":false,"template":"","format":"standard","meta":{"ngg_post_thumbnail":0,"footnotes":""},"categories":[19],"tags":[],"aioseo_notices":[],"_links":{"self":[{"href":"https:\/\/blogsaverroes.juntadeandalucia.es\/tecnoinfe\/wp-json\/wp\/v2\/posts\/567"}],"collection":[{"href":"https:\/\/blogsaverroes.juntadeandalucia.es\/tecnoinfe\/wp-json\/wp\/v2\/posts"}],"about":[{"href":"https:\/\/blogsaverroes.juntadeandalucia.es\/tecnoinfe\/wp-json\/wp\/v2\/types\/post"}],"author":[{"embeddable":true,"href":"https:\/\/blogsaverroes.juntadeandalucia.es\/tecnoinfe\/wp-json\/wp\/v2\/users\/11126"}],"replies":[{"embeddable":true,"href":"https:\/\/blogsaverroes.juntadeandalucia.es\/tecnoinfe\/wp-json\/wp\/v2\/comments?post=567"}],"version-history":[{"count":0,"href":"https:\/\/blogsaverroes.juntadeandalucia.es\/tecnoinfe\/wp-json\/wp\/v2\/posts\/567\/revisions"}],"wp:attachment":[{"href":"https:\/\/blogsaverroes.juntadeandalucia.es\/tecnoinfe\/wp-json\/wp\/v2\/media?parent=567"}],"wp:term":[{"taxonomy":"category","embeddable":true,"href":"https:\/\/blogsaverroes.juntadeandalucia.es\/tecnoinfe\/wp-json\/wp\/v2\/categories?post=567"},{"taxonomy":"post_tag","embeddable":true,"href":"https:\/\/blogsaverroes.juntadeandalucia.es\/tecnoinfe\/wp-json\/wp\/v2\/tags?post=567"}],"curies":[{"name":"wp","href":"https:\/\/api.w.org\/{rel}","templated":true}]}}