{"id":580,"date":"2012-01-11T00:00:00","date_gmt":"2012-01-11T00:00:00","guid":{"rendered":"https:\/\/blogsaverroes.juntadeandalucia.es\/tecnoinfe\/2012\/01\/11\/como-activar-timeline-de-facebook\/"},"modified":"2012-01-11T00:00:00","modified_gmt":"2012-01-11T00:00:00","slug":"como-activar-timeline-de-facebook","status":"publish","type":"post","link":"https:\/\/blogsaverroes.juntadeandalucia.es\/tecnoinfe\/2012\/01\/11\/como-activar-timeline-de-facebook\/","title":{"rendered":"C\u00f3mo activar Timeline de Facebook"},"content":{"rendered":"<p><\/p>\n<div style=\"clear: both;text-align: left\"><a href=\"http:\/\/1.bp.blogspot.com\/-FsYdDM3tdPg\/TwzP4Hg9XiI\/AAAAAAAAA7s\/4Btsx5yIxv4\/s1600\/bio.JPG\" style=\"clear: left;float: left;margin-bottom: 1em;margin-right: 1em\"><img loading=\"lazy\" decoding=\"async\" border=\"0\" height=\"219\" src=\"http:\/\/1.bp.blogspot.com\/-FsYdDM3tdPg\/TwzP4Hg9XiI\/AAAAAAAAA7s\/4Btsx5yIxv4\/s320\/bio.JPG\" width=\"320\" \/><\/a><\/div>\n<div style=\"text-align: justify\">Para activar el timeline solo tienes  que visitar <a href=\"http:\/\/www.facebook.com\/about\/timeline\" target=\"_blank\" rel=\"noopener noreferrer\">esta p\u00e1gina<\/a> de Facebook.&nbsp;<\/div>\n<div style=\"text-align: justify\"><\/div>\n<div style=\"text-align: justify\">Importante:<\/div>\n<p><\/p>\n<div style=\"text-align: justify\">&#8211; En esa p\u00e1gina podr\u00e1s echar un vistazo a las caracter\u00edsticas del Timeline si  no lo conoc\u00edas ya.<\/div>\n<div style=\"text-align: justify\">&#8211; Una vez que est\u00e9s decidido ver\u00e1s un bot\u00f3n de color verde  justo en la parte inferior de la p\u00e1gina que te permite Activar el Timeline.<\/div>\n<div style=\"text-align: justify\">&#8211;  Si no te parece este bot\u00f3n, es posible que tu cuenta sea demasiado nueva.<\/div>\n<p><\/p>\n","protected":false},"excerpt":{"rendered":"<p>Para activar el timeline solo tienes que visitar esta p\u00e1gina de Facebook.&nbsp; Importante: &#8211; En esa p\u00e1gina podr\u00e1s echar un vistazo a las caracter\u00edsticas del Timeline si no lo conoc\u00edas ya. &#8211; Una vez&#46;&#46;&#46;<\/p>\n","protected":false},"author":11126,"featured_media":0,"comment_status":"open","ping_status":"open","sticky":false,"template":"","format":"standard","meta":{"ngg_post_thumbnail":0,"footnotes":""},"categories":[6],"tags":[],"aioseo_notices":[],"_links":{"self":[{"href":"https:\/\/blogsaverroes.juntadeandalucia.es\/tecnoinfe\/wp-json\/wp\/v2\/posts\/580"}],"collection":[{"href":"https:\/\/blogsaverroes.juntadeandalucia.es\/tecnoinfe\/wp-json\/wp\/v2\/posts"}],"about":[{"href":"https:\/\/blogsaverroes.juntadeandalucia.es\/tecnoinfe\/wp-json\/wp\/v2\/types\/post"}],"author":[{"embeddable":true,"href":"https:\/\/blogsaverroes.juntadeandalucia.es\/tecnoinfe\/wp-json\/wp\/v2\/users\/11126"}],"replies":[{"embeddable":true,"href":"https:\/\/blogsaverroes.juntadeandalucia.es\/tecnoinfe\/wp-json\/wp\/v2\/comments?post=580"}],"version-history":[{"count":0,"href":"https:\/\/blogsaverroes.juntadeandalucia.es\/tecnoinfe\/wp-json\/wp\/v2\/posts\/580\/revisions"}],"wp:attachment":[{"href":"https:\/\/blogsaverroes.juntadeandalucia.es\/tecnoinfe\/wp-json\/wp\/v2\/media?parent=580"}],"wp:term":[{"taxonomy":"category","embeddable":true,"href":"https:\/\/blogsaverroes.juntadeandalucia.es\/tecnoinfe\/wp-json\/wp\/v2\/categories?post=580"},{"taxonomy":"post_tag","embeddable":true,"href":"https:\/\/blogsaverroes.juntadeandalucia.es\/tecnoinfe\/wp-json\/wp\/v2\/tags?post=580"}],"curies":[{"name":"wp","href":"https:\/\/api.w.org\/{rel}","templated":true}]}}