{"id":1547,"date":"2015-05-20T10:39:09","date_gmt":"2015-05-20T10:39:09","guid":{"rendered":"http:\/\/blogsaverroes.juntadeandalucia.es\/temahueman\/?p=1547"},"modified":"2018-01-25T12:22:12","modified_gmt":"2018-01-25T12:22:12","slug":"premios-nacionales-a-los-equipos-docentes","status":"publish","type":"post","link":"https:\/\/blogsaverroes.juntadeandalucia.es\/temahueman\/premios-nacionales-a-los-equipos-docentes\/","title":{"rendered":"Premios Nacionales a los equipos docentes"},"content":{"rendered":"<p><a href=\"https:\/\/blogsaverroes.juntadeandalucia.es\/temahueman\/files\/2015\/05\/ministerio.jpg\"><img loading=\"lazy\" decoding=\"async\" class=\"alignnone size-medium wp-image-1720\" src=\"https:\/\/blogsaverroes.juntadeandalucia.es\/temahueman\/files\/2015\/05\/ministerio-300x82.jpg\" alt=\"gris\" width=\"300\" height=\"82\"><\/a><\/p>\n<h5 id=\"aui-3-2-0PR1-1462\" class=\"tituloDestacadoArriba colDestacadosVerde \">Convocados Premios Nacionales a los equipos docentes en el \u00e1mbito de las TIC.<\/h5>\n<div class=\"tituloDestacadoArriba colDestacadosVerde \">&nbsp;<\/div>\n<p><!--more--><\/p>\n<div class=\"tituloDestacadoArriba colDestacadosVerde \">El 7 de mayo de 2015 se ha publicado en el BOE la convocatoria oficial para estos premios, cuyo objeto es el reconocimiento al trabajo realizado por los equipos docentes de los centros educativos en las siguientes \u00e1reas: Dise\u00f1ar proyectos educativos y producir recursos vinculados a las tecnolog\u00edas de la informaci\u00f3n y comunicaci\u00f3n (TIC) para su aplicaci\u00f3n en la actividad docente; Puesta en pr\u00e1ctica de proyectos conjuntos en el \u00e1mbito de las TIC entre equipos docentes de distintos centros espa\u00f1oles.<\/div>\n<div class=\"tituloDestacadoArriba colDestacadosVerde \"><a title=\"Premios nacionales\" href=\"https:\/\/www.juntadeandalucia.es\/educacion\/portalaverroes\/noticias\/contenido\/convocados-premios-nacionales-a-los-equipos-docentes-en-el-ambito-de-las-tic\" target=\"_blank\" rel=\"noopener\">Para saber m\u00e1s&#8230;<\/a><\/div>\n","protected":false},"excerpt":{"rendered":"<p>Convocados Premios Nacionales a los equipos docentes en el \u00e1mbito de las TIC. &nbsp;<\/p>\n","protected":false},"author":1,"featured_media":1763,"comment_status":"closed","ping_status":"open","sticky":false,"template":"","format":"standard","meta":{"ngg_post_thumbnail":0,"footnotes":""},"categories":[526],"tags":[],"aioseo_notices":[],"_links":{"self":[{"href":"https:\/\/blogsaverroes.juntadeandalucia.es\/temahueman\/wp-json\/wp\/v2\/posts\/1547"}],"collection":[{"href":"https:\/\/blogsaverroes.juntadeandalucia.es\/temahueman\/wp-json\/wp\/v2\/posts"}],"about":[{"href":"https:\/\/blogsaverroes.juntadeandalucia.es\/temahueman\/wp-json\/wp\/v2\/types\/post"}],"author":[{"embeddable":true,"href":"https:\/\/blogsaverroes.juntadeandalucia.es\/temahueman\/wp-json\/wp\/v2\/users\/1"}],"replies":[{"embeddable":true,"href":"https:\/\/blogsaverroes.juntadeandalucia.es\/temahueman\/wp-json\/wp\/v2\/comments?post=1547"}],"version-history":[{"count":19,"href":"https:\/\/blogsaverroes.juntadeandalucia.es\/temahueman\/wp-json\/wp\/v2\/posts\/1547\/revisions"}],"predecessor-version":[{"id":2104,"href":"https:\/\/blogsaverroes.juntadeandalucia.es\/temahueman\/wp-json\/wp\/v2\/posts\/1547\/revisions\/2104"}],"wp:featuredmedia":[{"embeddable":true,"href":"https:\/\/blogsaverroes.juntadeandalucia.es\/temahueman\/wp-json\/wp\/v2\/media\/1763"}],"wp:attachment":[{"href":"https:\/\/blogsaverroes.juntadeandalucia.es\/temahueman\/wp-json\/wp\/v2\/media?parent=1547"}],"wp:term":[{"taxonomy":"category","embeddable":true,"href":"https:\/\/blogsaverroes.juntadeandalucia.es\/temahueman\/wp-json\/wp\/v2\/categories?post=1547"},{"taxonomy":"post_tag","embeddable":true,"href":"https:\/\/blogsaverroes.juntadeandalucia.es\/temahueman\/wp-json\/wp\/v2\/tags?post=1547"}],"curies":[{"name":"wp","href":"https:\/\/api.w.org\/{rel}","templated":true}]}}