{"id":222,"date":"2021-09-30T13:39:32","date_gmt":"2021-09-30T11:39:32","guid":{"rendered":"https:\/\/blogsaverroes.juntadeandalucia.es\/terceronaranjo\/?p=222"},"modified":"2021-09-30T13:39:32","modified_gmt":"2021-09-30T11:39:32","slug":"respira-videocuento","status":"publish","type":"post","link":"https:\/\/blogsaverroes.juntadeandalucia.es\/terceronaranjo\/2021\/09\/30\/respira-videocuento\/","title":{"rendered":"RESPIRA. VIDEOCUENTO."},"content":{"rendered":"<p>Este curso hemos retomado los momentos de respiraci\u00f3n y relajaci\u00f3n en clase. Vuelvo a recordar este precioso cuento, de In\u00e9s Castel, que puede ayudar a peque\u00f1os y mayores a tomar conciencia de nuestra respiraci\u00f3n, aprender distintos tipos de respiraciones y aprovechar esta t\u00e9cnica cono forma de relajaci\u00f3n.<\/p>\n<div class=\"post-video\"><iframe loading=\"lazy\" title=\"Respira - videocuento\" width=\"1165\" height=\"655\" src=\"https:\/\/www.youtube.com\/embed\/ibJFHBTWBDA?feature=oembed\" frameborder=\"0\" allow=\"accelerometer; autoplay; clipboard-write; encrypted-media; gyroscope; picture-in-picture; web-share\" referrerpolicy=\"strict-origin-when-cross-origin\" allowfullscreen><\/iframe><\/div>\n","protected":false},"excerpt":{"rendered":"<p>Este curso hemos retomado los momentos de respiraci\u00f3n y relajaci\u00f3n en clase. Vuelvo a recordar este precioso cuento, de In\u00e9s Castel, que puede ayudar a peque\u00f1os y mayores a tomar conciencia de nuestra respiraci\u00f3n, aprender distintos tipos de respiraciones y aprovechar esta t\u00e9cnica cono forma de relajaci\u00f3n.<\/p>\n","protected":false},"author":6681,"featured_media":223,"comment_status":"open","ping_status":"open","sticky":false,"template":"","format":"standard","meta":{"ngg_post_thumbnail":0,"footnotes":""},"categories":[45,43],"tags":[],"aioseo_notices":[],"_links":{"self":[{"href":"https:\/\/blogsaverroes.juntadeandalucia.es\/terceronaranjo\/wp-json\/wp\/v2\/posts\/222"}],"collection":[{"href":"https:\/\/blogsaverroes.juntadeandalucia.es\/terceronaranjo\/wp-json\/wp\/v2\/posts"}],"about":[{"href":"https:\/\/blogsaverroes.juntadeandalucia.es\/terceronaranjo\/wp-json\/wp\/v2\/types\/post"}],"author":[{"embeddable":true,"href":"https:\/\/blogsaverroes.juntadeandalucia.es\/terceronaranjo\/wp-json\/wp\/v2\/users\/6681"}],"replies":[{"embeddable":true,"href":"https:\/\/blogsaverroes.juntadeandalucia.es\/terceronaranjo\/wp-json\/wp\/v2\/comments?post=222"}],"version-history":[{"count":1,"href":"https:\/\/blogsaverroes.juntadeandalucia.es\/terceronaranjo\/wp-json\/wp\/v2\/posts\/222\/revisions"}],"predecessor-version":[{"id":224,"href":"https:\/\/blogsaverroes.juntadeandalucia.es\/terceronaranjo\/wp-json\/wp\/v2\/posts\/222\/revisions\/224"}],"wp:featuredmedia":[{"embeddable":true,"href":"https:\/\/blogsaverroes.juntadeandalucia.es\/terceronaranjo\/wp-json\/wp\/v2\/media\/223"}],"wp:attachment":[{"href":"https:\/\/blogsaverroes.juntadeandalucia.es\/terceronaranjo\/wp-json\/wp\/v2\/media?parent=222"}],"wp:term":[{"taxonomy":"category","embeddable":true,"href":"https:\/\/blogsaverroes.juntadeandalucia.es\/terceronaranjo\/wp-json\/wp\/v2\/categories?post=222"},{"taxonomy":"post_tag","embeddable":true,"href":"https:\/\/blogsaverroes.juntadeandalucia.es\/terceronaranjo\/wp-json\/wp\/v2\/tags?post=222"}],"curies":[{"name":"wp","href":"https:\/\/api.w.org\/{rel}","templated":true}]}}