{"id":427,"date":"2021-11-08T16:18:47","date_gmt":"2021-11-08T15:18:47","guid":{"rendered":"https:\/\/blogsaverroes.juntadeandalucia.es\/terceronaranjo\/?p=427"},"modified":"2021-11-30T15:47:24","modified_gmt":"2021-11-30T14:47:24","slug":"paco-de-lucia","status":"publish","type":"post","link":"https:\/\/blogsaverroes.juntadeandalucia.es\/terceronaranjo\/2021\/11\/08\/paco-de-lucia\/","title":{"rendered":"PACO DE LUC\u00cdA"},"content":{"rendered":"<p>Con motivo de la celebraci\u00f3n del d\u00eda del flamenco el pr\u00f3ximo 16 de noviembre, hemos trabajado en clase la figura de Paco de Luc\u00eda, autor de la obra \u00abEntre dos aguas\u00bb que escuchamos en las entradas y salidas del colegio.<\/p>\n<div class=\"post-video\"><iframe loading=\"lazy\" title=\"Paco de Lucia - Entre dos aguas (1976) full video\" width=\"1165\" height=\"874\" src=\"https:\/\/www.youtube.com\/embed\/2oyhlad64-s?feature=oembed\" frameborder=\"0\" allow=\"accelerometer; autoplay; clipboard-write; encrypted-media; gyroscope; picture-in-picture; web-share\" referrerpolicy=\"strict-origin-when-cross-origin\" allowfullscreen><\/iframe><\/div>\n<p>JUEGO R\u00cdTMICO<\/p>\n<div class=\"post-video\"><iframe loading=\"lazy\" title=\"Entre dos aguas. Ritmo con vaso.\" width=\"1165\" height=\"655\" src=\"https:\/\/www.youtube.com\/embed\/dBU4JX1YDD0?feature=oembed\" frameborder=\"0\" allow=\"accelerometer; autoplay; clipboard-write; encrypted-media; gyroscope; picture-in-picture; web-share\" referrerpolicy=\"strict-origin-when-cross-origin\" allowfullscreen><\/iframe><\/div>\n<p>Hemos escuchado esta fant\u00e1stica verrsi\u00f3n para viol\u00edn de Paco Montalvo.<\/p>\n<div class=\"post-video\"><iframe loading=\"lazy\" title=\"Paco Montalvo \u201cEntre dos Aguas\u201d Paco de Luc\u00eda\" width=\"1165\" height=\"655\" src=\"https:\/\/www.youtube.com\/embed\/m4jZcZ01rEo?feature=oembed\" frameborder=\"0\" allow=\"accelerometer; autoplay; clipboard-write; encrypted-media; gyroscope; picture-in-picture; web-share\" referrerpolicy=\"strict-origin-when-cross-origin\" allowfullscreen><\/iframe><\/div>\n<p>Tambi\u00e9n hemos escuchado el \u00abTango Piyayo\u00bb <span class=\"UYUfn oJeWuf wnIM7 fb0g6\">cantada por Camar\u00f3n de la Isla y Paco de Luc\u00eda a la guitarra.<\/span><\/p>\n<div class=\"post-video\"><iframe loading=\"lazy\" title=\"QUISIERA VOLVERME PULGA ***** CAMARON DE LA ISLA\" width=\"1165\" height=\"874\" src=\"https:\/\/www.youtube.com\/embed\/rWqgjrZWCHk?feature=oembed\" frameborder=\"0\" allow=\"accelerometer; autoplay; clipboard-write; encrypted-media; gyroscope; picture-in-picture; web-share\" referrerpolicy=\"strict-origin-when-cross-origin\" allowfullscreen><\/iframe><\/div>\n<p>BIOGRAF\u00cdA<\/p>\n<p>&nbsp;<\/p>\n<p><iframe loading=\"lazy\" src=\"\/\/www.slideshare.net\/slideshow\/embed_code\/key\/kVaSLkjyO9BcMv\" marginwidth=\"0\" marginheight=\"0\" scrolling=\"no\" width=\"595\" height=\"485\" frameborder=\"0\"> <\/iframe><\/p>\n<div style=\"margin-bottom: 5px\"><strong> <a title=\"Paco de luc\u00eda\" href=\"\/\/www.slideshare.net\/trombomba\/paco-de-luca-35033547\" target=\"_blank\" rel=\"noopener noreferrer\">Paco de luc\u00eda<\/a> <\/strong> de <strong><a href=\"https:\/\/www.slideshare.net\/trombomba\" target=\"_blank\" rel=\"noopener noreferrer\">Antonio Ma\u00f1as Perez<\/a><\/strong><\/div>\n<div>&nbsp;<\/div>\n<p><iframe loading=\"lazy\" src=\"https:\/\/wordwall.net\/es\/embed\/23c7c743b7b242e099d6f77c780ff7fe?themeId=1&amp;templateId=5\" width=\"500\" height=\"380\" frameborder=\"0\"><\/iframe><\/p>\n","protected":false},"excerpt":{"rendered":"<p>Con motivo de la celebraci\u00f3n del d\u00eda del flamenco el pr\u00f3ximo 16 de noviembre, hemos trabajado en clase la figura de Paco de Luc\u00eda, autor de la obra \u00abEntre dos aguas\u00bb que escuchamos en las entradas y salidas del colegio. JUEGO R\u00cdTMICO Hemos escuchado esta fant\u00e1stica verrsi\u00f3n para viol\u00edn de Paco Montalvo. Tambi\u00e9n hemos escuchado [&hellip;]<\/p>\n","protected":false},"author":6681,"featured_media":428,"comment_status":"open","ping_status":"open","sticky":false,"template":"","format":"standard","meta":{"ngg_post_thumbnail":0,"footnotes":""},"categories":[10,50],"tags":[],"aioseo_notices":[],"_links":{"self":[{"href":"https:\/\/blogsaverroes.juntadeandalucia.es\/terceronaranjo\/wp-json\/wp\/v2\/posts\/427"}],"collection":[{"href":"https:\/\/blogsaverroes.juntadeandalucia.es\/terceronaranjo\/wp-json\/wp\/v2\/posts"}],"about":[{"href":"https:\/\/blogsaverroes.juntadeandalucia.es\/terceronaranjo\/wp-json\/wp\/v2\/types\/post"}],"author":[{"embeddable":true,"href":"https:\/\/blogsaverroes.juntadeandalucia.es\/terceronaranjo\/wp-json\/wp\/v2\/users\/6681"}],"replies":[{"embeddable":true,"href":"https:\/\/blogsaverroes.juntadeandalucia.es\/terceronaranjo\/wp-json\/wp\/v2\/comments?post=427"}],"version-history":[{"count":5,"href":"https:\/\/blogsaverroes.juntadeandalucia.es\/terceronaranjo\/wp-json\/wp\/v2\/posts\/427\/revisions"}],"predecessor-version":[{"id":578,"href":"https:\/\/blogsaverroes.juntadeandalucia.es\/terceronaranjo\/wp-json\/wp\/v2\/posts\/427\/revisions\/578"}],"wp:featuredmedia":[{"embeddable":true,"href":"https:\/\/blogsaverroes.juntadeandalucia.es\/terceronaranjo\/wp-json\/wp\/v2\/media\/428"}],"wp:attachment":[{"href":"https:\/\/blogsaverroes.juntadeandalucia.es\/terceronaranjo\/wp-json\/wp\/v2\/media?parent=427"}],"wp:term":[{"taxonomy":"category","embeddable":true,"href":"https:\/\/blogsaverroes.juntadeandalucia.es\/terceronaranjo\/wp-json\/wp\/v2\/categories?post=427"},{"taxonomy":"post_tag","embeddable":true,"href":"https:\/\/blogsaverroes.juntadeandalucia.es\/terceronaranjo\/wp-json\/wp\/v2\/tags?post=427"}],"curies":[{"name":"wp","href":"https:\/\/api.w.org\/{rel}","templated":true}]}}