{"id":901,"date":"2022-03-08T12:47:36","date_gmt":"2022-03-08T11:47:36","guid":{"rendered":"https:\/\/blogsaverroes.juntadeandalucia.es\/terceronaranjo\/?p=901"},"modified":"2022-03-08T17:47:28","modified_gmt":"2022-03-08T16:47:28","slug":"dia-de-la-mujer-curso-21-22","status":"publish","type":"post","link":"https:\/\/blogsaverroes.juntadeandalucia.es\/terceronaranjo\/2022\/03\/08\/dia-de-la-mujer-curso-21-22\/","title":{"rendered":"D\u00cdA DE LA MUJER (Curso 21-22)"},"content":{"rendered":"<p>Este 8 de marzo, con motivo de la celebraci\u00f3n del d\u00eda de la mujer, la coordinadora de Igualdad de nuestro centro, nos propone un paquete de actividades muy motivadoras y que facilitan la toma de conciencia del papel de la mujer en nuestra sociedad y las limitaciones de los estereotipos de g\u00e9nero.<\/p>\n<p>En primer lugar nos hemos estrenado con nuestra primera \u00abTERTULIA DIAL\u00d3GICA\u00bb, que consiste en un debate o conversaci\u00f3n , que a partir de la lectura de un texto de la literatura universal, que en este caso ha sido \u00abMujercitas\u00bb permita la expresi\u00f3n de las opiniones personales y de relacionar valores universales con la propia experiencia personal.<\/p>\n<div style=\"text-align: center\">\n<div style=\"margin: 8px 0px 4px\"><a href=\"https:\/\/www.calameo.com\/books\/006979318476e0ba43c73\" target=\"_blank\" rel=\"noopener noreferrer\">\u00abMujercitas\u00bb. Cap\u00edtulo 1<\/a><\/div>\n<p><iframe loading=\"lazy\" src=\"\/\/v.calameo.com\/?bkcode=006979318476e0ba43c73&amp;mode=mini\" scrolling=\"no\" width=\"480\" height=\"300\" frameborder=\"0\"><\/iframe><\/p>\n<p style=\"text-align: left\">Pod\u00e9is escuchar la narraci\u00f3n pinchando en la palabra <a href=\"https:\/\/drive.google.com\/file\/d\/1djd16TnsbbW67IWMuwiWL81H2UT-lZOE\/view\"><span style=\"font-size: 24pt\">PODCAST<\/span><\/a><\/p>\n<p style=\"text-align: left\">Estos son algunos de los valores de la obra:<\/p>\n<p>&nbsp;<\/p>\n<div style=\"text-align: center\">\n<div style=\"margin: 8px 0px 4px\"><a href=\"https:\/\/www.calameo.com\/books\/006979318ca4e8b2c4fc6\" target=\"_blank\" rel=\"noopener noreferrer\">\u00bfQu\u00e9 Valores Ense\u00f1a Mujercitas<\/a><\/div>\n<p><iframe loading=\"lazy\" src=\"\/\/v.calameo.com\/?bkcode=006979318ca4e8b2c4fc6&amp;mode=mini\" scrolling=\"no\" width=\"480\" height=\"300\" frameborder=\"0\"><\/iframe><\/p>\n<div style=\"margin: 4px 0px 8px\"><a href=\"http:\/\/www.calameo.com\/\" target=\"_blank\" rel=\"noopener noreferrer\">Leer m\u00e1s publicaciones en Calam\u00e9o<\/a><\/div>\n<\/div>\n<p style=\"text-align: left\">Es incre\u00edble el jugo que le hemos sacado a esta breve lectura. Estas son algunas de las reflexiones finales del grupo.<\/p>\n<p style=\"text-align: left\">Hemos visto el trailler de la pel\u00edcula para imaginar los personajes, la ambientaci\u00f3n de la \u00e9poca, incluso la situaci\u00f3n hist\u00f3rica. Hemos jugado a adivinar cada una de las protagonistas analizando sus conductas y actitudes.<\/p>\n<div class=\"post-video\"><iframe loading=\"lazy\" title=\"MUJERCITAS - Tr\u00e1iler Oficial EN ESPA\u00d1OL | Sony Pictures Espa\u00f1a\" width=\"1165\" height=\"655\" src=\"https:\/\/www.youtube.com\/embed\/6SN9-6uST80?feature=oembed\" frameborder=\"0\" allow=\"accelerometer; autoplay; clipboard-write; encrypted-media; gyroscope; picture-in-picture; web-share\" referrerpolicy=\"strict-origin-when-cross-origin\" allowfullscreen><\/iframe><\/div>\n<p style=\"text-align: left\">Por otra parte, hemos visionado una serie de cortos grabados por la se\u00f1o Isabel M y protagonizados por compa\u00f1eros y compa\u00f1eras de nuestro cole. En ellos se tratan temas de discriminaci\u00f3n y de estereotipos de g\u00e9nero, es decir, de desigualdad entre hombres y mujeres.<\/p>\n<p style=\"text-align: left\">Son una oportunidad para reflexionar en familia y determinar conductas o actitudes que favorezcan esa igualdad real de oportunidades. Pincha en la imagen para verlos. Se encuentran en la parte superior derecha de la p\u00e1gina.<\/p>\n<p><a href=\"https:\/\/sites.google.com\/g.educaand.es\/8marzo\/cortos-para-pensar\"><img loading=\"lazy\" decoding=\"async\" class=\"\" src=\"https:\/\/thumbs.dreamstime.com\/b\/el-modo-de-pensar-de-hombres-97087685.jpg\" alt=\"El Modo De Pensar De Hombres Ilustraci\u00f3n del Vector - Ilustraci\u00f3n de maquillaje, misterioso: 97087685\" width=\"331\" height=\"331\"><\/a><\/p>\n<p style=\"text-align: left\">Estas son algunas de nuestras opiniones.<\/p>\n<p><a href=\"https:\/\/drive.google.com\/file\/d\/1TPXidwQCPZU7mmo1QS0U9EMPW5NfQERe\/view?usp=sharing\"><img loading=\"lazy\" decoding=\"async\" class=\"alignnone size-medium wp-image-911\" src=\"https:\/\/blogsaverroes.juntadeandalucia.es\/terceronaranjo\/files\/2022\/03\/Captura-de-pantalla-de-2022-03-08-17-34-06-e1646757348834-259x300.png\" alt=\"\" width=\"259\" height=\"300\" srcset=\"https:\/\/blogsaverroes.juntadeandalucia.es\/terceronaranjo\/files\/2022\/03\/Captura-de-pantalla-de-2022-03-08-17-34-06-e1646757348834-259x300.png 259w, https:\/\/blogsaverroes.juntadeandalucia.es\/terceronaranjo\/files\/2022\/03\/Captura-de-pantalla-de-2022-03-08-17-34-06-e1646757348834.png 604w\" sizes=\"(max-width: 259px) 100vw, 259px\" \/><\/a> <img loading=\"lazy\" decoding=\"async\" class=\"alignnone size-medium wp-image-912\" src=\"https:\/\/blogsaverroes.juntadeandalucia.es\/terceronaranjo\/files\/2022\/03\/Captura-de-pantalla-de-2022-03-08-17-33-36-e1646757380156-237x300.png\" alt=\"\" width=\"237\" height=\"300\" srcset=\"https:\/\/blogsaverroes.juntadeandalucia.es\/terceronaranjo\/files\/2022\/03\/Captura-de-pantalla-de-2022-03-08-17-33-36-e1646757380156-237x300.png 237w, https:\/\/blogsaverroes.juntadeandalucia.es\/terceronaranjo\/files\/2022\/03\/Captura-de-pantalla-de-2022-03-08-17-33-36-e1646757380156.png 614w\" sizes=\"(max-width: 237px) 100vw, 237px\" \/> <a href=\"https:\/\/drive.google.com\/file\/d\/1_dFgSIICWNAVMvNirLsDxcpWfbM9t5P9\/view?usp=sharing\"><img loading=\"lazy\" decoding=\"async\" class=\"alignnone wp-image-913 size-medium\" src=\"https:\/\/blogsaverroes.juntadeandalucia.es\/terceronaranjo\/files\/2022\/03\/Captura-de-pantalla-de-2022-03-08-17-33-16-e1646757455745-262x300.png\" alt=\"\" width=\"262\" height=\"300\" srcset=\"https:\/\/blogsaverroes.juntadeandalucia.es\/terceronaranjo\/files\/2022\/03\/Captura-de-pantalla-de-2022-03-08-17-33-16-e1646757455745-262x300.png 262w, https:\/\/blogsaverroes.juntadeandalucia.es\/terceronaranjo\/files\/2022\/03\/Captura-de-pantalla-de-2022-03-08-17-33-16-e1646757455745.png 590w\" sizes=\"(max-width: 262px) 100vw, 262px\" \/><\/a><\/p>\n<p style=\"text-align: left\">Tambi\u00e9n os dejamos un juego muy interesante para que ayud\u00e9is a conocer a mujeres compositoras de m\u00fasica que no tuvieron la oportunidad de dar a conocer sus obras.<\/p>\n<p style=\"text-align: left\">Tambi\u00e9n nos ha encantado el regalo de nuestras camisetas de igualdad. Desde hoy, todos los alumnos y alumnas y los docentes tenemos una camiseta con un mensaje muy importante.<\/p>\n<p><img loading=\"lazy\" decoding=\"async\" class=\"alignnone size-medium wp-image-907\" src=\"https:\/\/blogsaverroes.juntadeandalucia.es\/terceronaranjo\/files\/2022\/03\/IMG_20220308_134405-225x300.jpg\" alt=\"\" width=\"225\" height=\"300\" srcset=\"https:\/\/blogsaverroes.juntadeandalucia.es\/terceronaranjo\/files\/2022\/03\/IMG_20220308_134405-225x300.jpg 225w, https:\/\/blogsaverroes.juntadeandalucia.es\/terceronaranjo\/files\/2022\/03\/IMG_20220308_134405-769x1024.jpg 769w, https:\/\/blogsaverroes.juntadeandalucia.es\/terceronaranjo\/files\/2022\/03\/IMG_20220308_134405-768x1023.jpg 768w, https:\/\/blogsaverroes.juntadeandalucia.es\/terceronaranjo\/files\/2022\/03\/IMG_20220308_134405-1153x1536.jpg 1153w, https:\/\/blogsaverroes.juntadeandalucia.es\/terceronaranjo\/files\/2022\/03\/IMG_20220308_134405-1538x2048.jpg 1538w, https:\/\/blogsaverroes.juntadeandalucia.es\/terceronaranjo\/files\/2022\/03\/IMG_20220308_134405-scaled.jpg 1922w\" sizes=\"(max-width: 225px) 100vw, 225px\" \/><\/p>\n<p style=\"text-align: left\">As\u00ed de guapos y guapas estamos con nuestras nuevas camisetas, para que todo el mundo sepa que para nuestro cole, la igualdad de oportunidades entre chicos y chicas es muy importante.<\/p>\n<p><img loading=\"lazy\" decoding=\"async\" class=\"alignnone size-medium wp-image-908\" src=\"https:\/\/blogsaverroes.juntadeandalucia.es\/terceronaranjo\/files\/2022\/03\/IMG-20220308-WA0022-300x169.jpeg\" alt=\"\" width=\"300\" height=\"169\" srcset=\"https:\/\/blogsaverroes.juntadeandalucia.es\/terceronaranjo\/files\/2022\/03\/IMG-20220308-WA0022-300x169.jpeg 300w, https:\/\/blogsaverroes.juntadeandalucia.es\/terceronaranjo\/files\/2022\/03\/IMG-20220308-WA0022-1024x576.jpeg 1024w, https:\/\/blogsaverroes.juntadeandalucia.es\/terceronaranjo\/files\/2022\/03\/IMG-20220308-WA0022-768x432.jpeg 768w, https:\/\/blogsaverroes.juntadeandalucia.es\/terceronaranjo\/files\/2022\/03\/IMG-20220308-WA0022-1536x864.jpeg 1536w, https:\/\/blogsaverroes.juntadeandalucia.es\/terceronaranjo\/files\/2022\/03\/IMG-20220308-WA0022-2048x1152.jpeg 2048w\" sizes=\"(max-width: 300px) 100vw, 300px\" \/> <img loading=\"lazy\" decoding=\"async\" class=\"alignnone size-medium wp-image-909\" src=\"https:\/\/blogsaverroes.juntadeandalucia.es\/terceronaranjo\/files\/2022\/03\/IMG-20220308-WA0020-300x169.jpeg\" alt=\"\" width=\"300\" height=\"169\" srcset=\"https:\/\/blogsaverroes.juntadeandalucia.es\/terceronaranjo\/files\/2022\/03\/IMG-20220308-WA0020-300x169.jpeg 300w, https:\/\/blogsaverroes.juntadeandalucia.es\/terceronaranjo\/files\/2022\/03\/IMG-20220308-WA0020-1024x576.jpeg 1024w, https:\/\/blogsaverroes.juntadeandalucia.es\/terceronaranjo\/files\/2022\/03\/IMG-20220308-WA0020-768x432.jpeg 768w, https:\/\/blogsaverroes.juntadeandalucia.es\/terceronaranjo\/files\/2022\/03\/IMG-20220308-WA0020-1536x864.jpeg 1536w, https:\/\/blogsaverroes.juntadeandalucia.es\/terceronaranjo\/files\/2022\/03\/IMG-20220308-WA0020-2048x1152.jpeg 2048w\" sizes=\"(max-width: 300px) 100vw, 300px\" \/><\/p>\n<p>&nbsp;<\/p>\n<p style=\"text-align: left\">En clase hemos descubierto a Fanny Mendelssohn, hermana de F\u00e9lix, un famoso compositor alem\u00e1n.<\/p>\n<p>Puedes descubrir a las otras 5 mujeres con la ayuda de tu familia y amigos.<\/p>\n<p><a href=\"https:\/\/view.genial.ly\/61f97e7163252e0018875187\"><img decoding=\"async\" src=\"https:\/\/thumbnails.genial.ly\/5e9d7e9d97d8bd0fb9a6c5df\/screenshots\/25f3221a-a7e8-49d4-8f77-228a9c309da6.jpg\" alt=\"SHADOWS by Miguel \u00c1ngel Mart\u00ednez Cantillo on Genially\"><\/a><\/p>\n<div style=\"margin: 4px 0px 8px\">&nbsp;<\/div>\n<\/div>\n","protected":false},"excerpt":{"rendered":"<p>Este 8 de marzo, con motivo de la celebraci\u00f3n del d\u00eda de la mujer, la coordinadora de Igualdad de nuestro centro, nos propone un paquete de actividades muy motivadoras y que facilitan la toma de conciencia del papel de la mujer en nuestra sociedad y las limitaciones de los estereotipos de g\u00e9nero. En primer lugar [&hellip;]<\/p>\n","protected":false},"author":6681,"featured_media":905,"comment_status":"open","ping_status":"open","sticky":false,"template":"","format":"standard","meta":{"ngg_post_thumbnail":0,"footnotes":""},"categories":[43,1,8],"tags":[],"aioseo_notices":[],"_links":{"self":[{"href":"https:\/\/blogsaverroes.juntadeandalucia.es\/terceronaranjo\/wp-json\/wp\/v2\/posts\/901"}],"collection":[{"href":"https:\/\/blogsaverroes.juntadeandalucia.es\/terceronaranjo\/wp-json\/wp\/v2\/posts"}],"about":[{"href":"https:\/\/blogsaverroes.juntadeandalucia.es\/terceronaranjo\/wp-json\/wp\/v2\/types\/post"}],"author":[{"embeddable":true,"href":"https:\/\/blogsaverroes.juntadeandalucia.es\/terceronaranjo\/wp-json\/wp\/v2\/users\/6681"}],"replies":[{"embeddable":true,"href":"https:\/\/blogsaverroes.juntadeandalucia.es\/terceronaranjo\/wp-json\/wp\/v2\/comments?post=901"}],"version-history":[{"count":6,"href":"https:\/\/blogsaverroes.juntadeandalucia.es\/terceronaranjo\/wp-json\/wp\/v2\/posts\/901\/revisions"}],"predecessor-version":[{"id":914,"href":"https:\/\/blogsaverroes.juntadeandalucia.es\/terceronaranjo\/wp-json\/wp\/v2\/posts\/901\/revisions\/914"}],"wp:featuredmedia":[{"embeddable":true,"href":"https:\/\/blogsaverroes.juntadeandalucia.es\/terceronaranjo\/wp-json\/wp\/v2\/media\/905"}],"wp:attachment":[{"href":"https:\/\/blogsaverroes.juntadeandalucia.es\/terceronaranjo\/wp-json\/wp\/v2\/media?parent=901"}],"wp:term":[{"taxonomy":"category","embeddable":true,"href":"https:\/\/blogsaverroes.juntadeandalucia.es\/terceronaranjo\/wp-json\/wp\/v2\/categories?post=901"},{"taxonomy":"post_tag","embeddable":true,"href":"https:\/\/blogsaverroes.juntadeandalucia.es\/terceronaranjo\/wp-json\/wp\/v2\/tags?post=901"}],"curies":[{"name":"wp","href":"https:\/\/api.w.org\/{rel}","templated":true}]}}