{"id":339,"date":"2020-05-07T09:00:21","date_gmt":"2020-05-07T07:00:21","guid":{"rendered":"https:\/\/blogsaverroes.juntadeandalucia.es\/ticprodigieslapaz\/?p=339"},"modified":"2020-05-19T02:05:33","modified_gmt":"2020-05-19T00:05:33","slug":"aviso-via-telegram-proximo-cierre-del-programa-prodig","status":"publish","type":"post","link":"https:\/\/blogsaverroes.juntadeandalucia.es\/ticprodigieslapaz\/2020\/05\/07\/aviso-via-telegram-proximo-cierre-del-programa-prodig\/","title":{"rendered":"Aviso v\u00eda TELEGRAM pr\u00f3ximo cierre del programa PRODIG"},"content":{"rendered":"<p>En breve toca realizar la memoria del programa PRODIG, y el \u00faltimo seguimiento del profesorado a dicho programa.<br \/>\nNos hemos tenido que poner las pilas, digitalmente hablando, usando diferentes medios, plataformas, programas, todo online, para trabajar tanto entre nosotros como con el alumnado. As\u00ed que con estas circunstancias m\u00e1s con nuestro trabajo durante el curso, hemos mejorado nuestra competencia digital a\u00fan m\u00e1s, objetivo principal de nuestro programa.<\/p>\n<p>Voy a recordar algunas cosas que quiz\u00e1s os han quedado pendientes por hacer:<\/p>\n<p>&#8230;<!--more--><\/p>\n<p>Cursos online a trav\u00e9s de la plataforma MoocEdu:<br \/>\n<a href=\"https:\/\/moocedu.juntadeandalucia.es\/\">https:\/\/moocedu.juntadeandalucia.es\/<\/a><br \/>\n(recordad que se accede con el usuario IdEa de S\u00e9neca)<\/p>\n<p>Test CDD:<br \/>\n<a href=\"https:\/\/senecav2.ced.junta-andalucia.es\/seneca\/jsp\/portal\/\">https:\/\/senecav2.ced.junta-andalucia.es\/seneca\/jsp\/portal\/<\/a><br \/>\n(una vez que os identifiqu\u00e9is como \u00abprofesorado\u00bb ten\u00e9is que seguir la siguiente ruta:<br \/>\nPersonal -&gt; Competencia Digital Docente -&gt; Test CDD -&gt; \u00abCumplimentar desde los \u2026\u00bb)<\/p>\n<p>A ser posible, hacedlo entre esta semana y la siguiente, por favor.<\/p>\n<p>Gracias !<\/p>\n","protected":false},"excerpt":{"rendered":"<p>En breve toca realizar la memoria del programa PRODIG, y el \u00faltimo seguimiento del profesorado a dicho programa. Nos hemos tenido que poner las pilas, digitalmente hablando, usando diferentes medios, plataformas, programas, todo online,&#46;&#46;&#46;<\/p>\n","protected":false},"author":5084,"featured_media":0,"comment_status":"open","ping_status":"open","sticky":false,"template":"","format":"standard","meta":{"ngg_post_thumbnail":0,"footnotes":""},"categories":[1508355],"tags":[],"aioseo_notices":[],"_links":{"self":[{"href":"https:\/\/blogsaverroes.juntadeandalucia.es\/ticprodigieslapaz\/wp-json\/wp\/v2\/posts\/339"}],"collection":[{"href":"https:\/\/blogsaverroes.juntadeandalucia.es\/ticprodigieslapaz\/wp-json\/wp\/v2\/posts"}],"about":[{"href":"https:\/\/blogsaverroes.juntadeandalucia.es\/ticprodigieslapaz\/wp-json\/wp\/v2\/types\/post"}],"author":[{"embeddable":true,"href":"https:\/\/blogsaverroes.juntadeandalucia.es\/ticprodigieslapaz\/wp-json\/wp\/v2\/users\/5084"}],"replies":[{"embeddable":true,"href":"https:\/\/blogsaverroes.juntadeandalucia.es\/ticprodigieslapaz\/wp-json\/wp\/v2\/comments?post=339"}],"version-history":[{"count":1,"href":"https:\/\/blogsaverroes.juntadeandalucia.es\/ticprodigieslapaz\/wp-json\/wp\/v2\/posts\/339\/revisions"}],"predecessor-version":[{"id":340,"href":"https:\/\/blogsaverroes.juntadeandalucia.es\/ticprodigieslapaz\/wp-json\/wp\/v2\/posts\/339\/revisions\/340"}],"wp:attachment":[{"href":"https:\/\/blogsaverroes.juntadeandalucia.es\/ticprodigieslapaz\/wp-json\/wp\/v2\/media?parent=339"}],"wp:term":[{"taxonomy":"category","embeddable":true,"href":"https:\/\/blogsaverroes.juntadeandalucia.es\/ticprodigieslapaz\/wp-json\/wp\/v2\/categories?post=339"},{"taxonomy":"post_tag","embeddable":true,"href":"https:\/\/blogsaverroes.juntadeandalucia.es\/ticprodigieslapaz\/wp-json\/wp\/v2\/tags?post=339"}],"curies":[{"name":"wp","href":"https:\/\/api.w.org\/{rel}","templated":true}]}}