{"id":1177,"date":"2018-04-12T07:48:52","date_gmt":"2018-04-12T07:48:52","guid":{"rendered":"http:\/\/blogsaverroes.juntadeandalucia.es\/tictacproyectos\/?p=1177"},"modified":"2018-05-11T10:11:40","modified_gmt":"2018-05-11T10:11:40","slug":"yoga-2","status":"publish","type":"post","link":"https:\/\/blogsaverroes.juntadeandalucia.es\/tictacproyectos\/2018\/04\/12\/yoga-2\/","title":{"rendered":"Yoga"},"content":{"rendered":"<p>Podemos practicar yoga en: C\/ Pablo Garc\u00eda Baena &#8211; 6- La Carlota &#8211; C\u00f3rdoba<\/p>\n<p>-Duraci\u00f3n de cada clase: 1 hora<\/p>\n<p>-Duraci\u00f3n de la meditaci\u00f3n: 30 minutos<\/p>\n<p>-Precio clases:&nbsp;<\/p>\n<p>&nbsp; &nbsp; &nbsp;*Clase suelta: 4,5\u20ac ( la primera clase es gratuita)<\/p>\n<p>&nbsp; &nbsp; &nbsp;*Bono de 9 clases: 35\u20ac ( solo 2 clases semanales y caduca en un a\u00f1o)<\/p>\n<p>&nbsp; &nbsp; &nbsp;*Bloque con 4 semanas consecutivas: 33\u20ac con clases ilimitada<\/p>\n<p>-Horario:&nbsp;<\/p>\n<p>&nbsp;<\/p>\n<p><a href=\"https:\/\/blogsaverroes.juntadeandalucia.es\/tictacproyectos\/files\/2018\/04\/horario-yoga-1.jpg\"><img loading=\"lazy\" decoding=\"async\" class=\" wp-image-1195 aligncenter\" src=\"https:\/\/blogsaverroes.juntadeandalucia.es\/tictacproyectos\/files\/2018\/04\/horario-yoga-1-300x285.jpg\" alt=\"\" width=\"503\" height=\"477\" srcset=\"https:\/\/blogsaverroes.juntadeandalucia.es\/tictacproyectos\/files\/2018\/04\/horario-yoga-1-300x285.jpg 300w, https:\/\/blogsaverroes.juntadeandalucia.es\/tictacproyectos\/files\/2018\/04\/horario-yoga-1-24x24.jpg 24w, https:\/\/blogsaverroes.juntadeandalucia.es\/tictacproyectos\/files\/2018\/04\/horario-yoga-1-36x34.jpg 36w, https:\/\/blogsaverroes.juntadeandalucia.es\/tictacproyectos\/files\/2018\/04\/horario-yoga-1-48x46.jpg 48w\" sizes=\"(max-width: 503px) 100vw, 503px\" \/>[youtube https:\/\/www.youtube.com\/watch?v=MbBtbjNRUj4?rel=0&quot;%20frameborder=&quot;0&quot;%20allow=&quot;autoplay;%20encrypted-media&quot;%20allowfullscreen\/iframe]<\/a><\/p>\n","protected":false},"excerpt":{"rendered":"<p>Podemos practicar yoga en: C\/ Pablo Garc\u00eda Baena &#8211; 6- La Carlota &#8211; C\u00f3rdoba -Duraci\u00f3n de cada clase: 1 hora -Duraci\u00f3n de la meditaci\u00f3n: 30 minutos -Precio clases:&nbsp; &nbsp; &nbsp; &nbsp;*Clase suelta: 4,5\u20ac (&#46;&#46;&#46;<\/p>\n","protected":false},"author":5300,"featured_media":1176,"comment_status":"open","ping_status":"open","sticky":false,"template":"","format":"standard","meta":{"ngg_post_thumbnail":0,"footnotes":""},"categories":[840546],"tags":[],"aioseo_notices":[],"_links":{"self":[{"href":"https:\/\/blogsaverroes.juntadeandalucia.es\/tictacproyectos\/wp-json\/wp\/v2\/posts\/1177"}],"collection":[{"href":"https:\/\/blogsaverroes.juntadeandalucia.es\/tictacproyectos\/wp-json\/wp\/v2\/posts"}],"about":[{"href":"https:\/\/blogsaverroes.juntadeandalucia.es\/tictacproyectos\/wp-json\/wp\/v2\/types\/post"}],"author":[{"embeddable":true,"href":"https:\/\/blogsaverroes.juntadeandalucia.es\/tictacproyectos\/wp-json\/wp\/v2\/users\/5300"}],"replies":[{"embeddable":true,"href":"https:\/\/blogsaverroes.juntadeandalucia.es\/tictacproyectos\/wp-json\/wp\/v2\/comments?post=1177"}],"version-history":[{"count":2,"href":"https:\/\/blogsaverroes.juntadeandalucia.es\/tictacproyectos\/wp-json\/wp\/v2\/posts\/1177\/revisions"}],"predecessor-version":[{"id":1261,"href":"https:\/\/blogsaverroes.juntadeandalucia.es\/tictacproyectos\/wp-json\/wp\/v2\/posts\/1177\/revisions\/1261"}],"wp:featuredmedia":[{"embeddable":true,"href":"https:\/\/blogsaverroes.juntadeandalucia.es\/tictacproyectos\/wp-json\/wp\/v2\/media\/1176"}],"wp:attachment":[{"href":"https:\/\/blogsaverroes.juntadeandalucia.es\/tictacproyectos\/wp-json\/wp\/v2\/media?parent=1177"}],"wp:term":[{"taxonomy":"category","embeddable":true,"href":"https:\/\/blogsaverroes.juntadeandalucia.es\/tictacproyectos\/wp-json\/wp\/v2\/categories?post=1177"},{"taxonomy":"post_tag","embeddable":true,"href":"https:\/\/blogsaverroes.juntadeandalucia.es\/tictacproyectos\/wp-json\/wp\/v2\/tags?post=1177"}],"curies":[{"name":"wp","href":"https:\/\/api.w.org\/{rel}","templated":true}]}}