{"id":10024,"date":"2024-12-05T11:58:08","date_gmt":"2024-12-05T11:58:08","guid":{"rendered":"https:\/\/blogsaverroes.juntadeandalucia.es\/tomasapinilla\/?p=10024"},"modified":"2025-03-08T07:52:59","modified_gmt":"2025-03-08T07:52:59","slug":"dia-de-las-personas-con-diversidad-funcional-2024","status":"publish","type":"post","link":"https:\/\/blogsaverroes.juntadeandalucia.es\/tomasapinilla\/dia-de-las-personas-con-diversidad-funcional-2024\/","title":{"rendered":"D\u00cdA DE LAS PERSONAS CON DIVERSIDAD FUNCIONAL 24\/25"},"content":{"rendered":"<p>El <strong>3 de diciembre<\/strong> conmemoramos el <strong>D\u00eda de las Personas con Diversidad Funcional<\/strong>. Durante toda la semana en el CEIP Tomasa Pinilla realizamos diversas actividades dentro de nuestro ABP \u201cUn proyecto de \u00d3scar\u201d.<\/p>\n<p>&nbsp;<\/p>\n<p>En el \u00e1rea de lengua hemos trabajado <strong>cortos y pel\u00edculas<\/strong> que visibilizan la <strong>diversidad<\/strong> y fomentan la <strong>inclusi\u00f3n<\/strong>.<\/p>\n<p><a href=\"https:\/\/blogsaverroes.juntadeandalucia.es\/tomasapinilla\/files\/2024\/12\/WhatsApp-Image-2024-12-05-at-12.53.34.jpeg\"><img loading=\"lazy\" decoding=\"async\" class=\"alignnone size-medium wp-image-10025\" src=\"https:\/\/blogsaverroes.juntadeandalucia.es\/tomasapinilla\/files\/2024\/12\/WhatsApp-Image-2024-12-05-at-12.53.34-210x300.jpeg\" alt=\"\" width=\"210\" height=\"300\" srcset=\"https:\/\/blogsaverroes.juntadeandalucia.es\/tomasapinilla\/files\/2024\/12\/WhatsApp-Image-2024-12-05-at-12.53.34-210x300.jpeg 210w, https:\/\/blogsaverroes.juntadeandalucia.es\/tomasapinilla\/files\/2024\/12\/WhatsApp-Image-2024-12-05-at-12.53.34.jpeg 420w\" sizes=\"(max-width: 210px) 100vw, 210px\" \/><\/a> <a href=\"https:\/\/blogsaverroes.juntadeandalucia.es\/tomasapinilla\/files\/2024\/12\/WhatsApp-Image-2024-12-05-at-12.53.35-1.jpeg\"><img loading=\"lazy\" decoding=\"async\" class=\"alignnone size-medium wp-image-10026\" src=\"https:\/\/blogsaverroes.juntadeandalucia.es\/tomasapinilla\/files\/2024\/12\/WhatsApp-Image-2024-12-05-at-12.53.35-1-210x300.jpeg\" alt=\"\" width=\"210\" height=\"300\" srcset=\"https:\/\/blogsaverroes.juntadeandalucia.es\/tomasapinilla\/files\/2024\/12\/WhatsApp-Image-2024-12-05-at-12.53.35-1-210x300.jpeg 210w, https:\/\/blogsaverroes.juntadeandalucia.es\/tomasapinilla\/files\/2024\/12\/WhatsApp-Image-2024-12-05-at-12.53.35-1-717x1024.jpeg 717w, https:\/\/blogsaverroes.juntadeandalucia.es\/tomasapinilla\/files\/2024\/12\/WhatsApp-Image-2024-12-05-at-12.53.35-1.jpeg 756w\" sizes=\"(max-width: 210px) 100vw, 210px\" \/><\/a> <a href=\"https:\/\/blogsaverroes.juntadeandalucia.es\/tomasapinilla\/files\/2024\/12\/WhatsApp-Image-2024-12-05-at-12.53.35.jpeg\"><img loading=\"lazy\" decoding=\"async\" class=\"alignnone wp-image-10027\" src=\"https:\/\/blogsaverroes.juntadeandalucia.es\/tomasapinilla\/files\/2024\/12\/WhatsApp-Image-2024-12-05-at-12.53.35.jpeg\" alt=\"\" width=\"207\" height=\"299\"><\/a><\/p>\n<p>Adem\u00e1s, en el \u00e1rea de Educaci\u00f3n F\u00edsica hacemos juegos adaptados y <strong>juegos deportivos inclusivos<\/strong> para que el alumnado coopere y se divierta con actividades l\u00fadico-deportivas <strong>adaptadas a cada discapacidad<\/strong>.<\/p>\n<p><a href=\"https:\/\/blogsaverroes.juntadeandalucia.es\/tomasapinilla\/files\/2024\/12\/WhatsApp-Image-2024-12-05-at-08.55.10-3.jpeg\"><img loading=\"lazy\" decoding=\"async\" class=\"alignnone size-medium wp-image-10029\" src=\"https:\/\/blogsaverroes.juntadeandalucia.es\/tomasapinilla\/files\/2024\/12\/WhatsApp-Image-2024-12-05-at-08.55.10-3-300x226.jpeg\" alt=\"\" width=\"300\" height=\"226\" srcset=\"https:\/\/blogsaverroes.juntadeandalucia.es\/tomasapinilla\/files\/2024\/12\/WhatsApp-Image-2024-12-05-at-08.55.10-3-300x226.jpeg 300w, https:\/\/blogsaverroes.juntadeandalucia.es\/tomasapinilla\/files\/2024\/12\/WhatsApp-Image-2024-12-05-at-08.55.10-3-1024x771.jpeg 1024w, https:\/\/blogsaverroes.juntadeandalucia.es\/tomasapinilla\/files\/2024\/12\/WhatsApp-Image-2024-12-05-at-08.55.10-3-768x578.jpeg 768w, https:\/\/blogsaverroes.juntadeandalucia.es\/tomasapinilla\/files\/2024\/12\/WhatsApp-Image-2024-12-05-at-08.55.10-3-1536x1157.jpeg 1536w, https:\/\/blogsaverroes.juntadeandalucia.es\/tomasapinilla\/files\/2024\/12\/WhatsApp-Image-2024-12-05-at-08.55.10-3.jpeg 1600w\" sizes=\"(max-width: 300px) 100vw, 300px\" \/><\/a> <a href=\"https:\/\/blogsaverroes.juntadeandalucia.es\/tomasapinilla\/files\/2024\/12\/WhatsApp-Image-2024-12-05-at-08.55.10-2.jpeg\"><img loading=\"lazy\" decoding=\"async\" class=\"alignnone size-medium wp-image-10030\" src=\"https:\/\/blogsaverroes.juntadeandalucia.es\/tomasapinilla\/files\/2024\/12\/WhatsApp-Image-2024-12-05-at-08.55.10-2-300x226.jpeg\" alt=\"\" width=\"300\" height=\"226\" srcset=\"https:\/\/blogsaverroes.juntadeandalucia.es\/tomasapinilla\/files\/2024\/12\/WhatsApp-Image-2024-12-05-at-08.55.10-2-300x226.jpeg 300w, https:\/\/blogsaverroes.juntadeandalucia.es\/tomasapinilla\/files\/2024\/12\/WhatsApp-Image-2024-12-05-at-08.55.10-2-1024x771.jpeg 1024w, https:\/\/blogsaverroes.juntadeandalucia.es\/tomasapinilla\/files\/2024\/12\/WhatsApp-Image-2024-12-05-at-08.55.10-2-768x578.jpeg 768w, https:\/\/blogsaverroes.juntadeandalucia.es\/tomasapinilla\/files\/2024\/12\/WhatsApp-Image-2024-12-05-at-08.55.10-2-1536x1157.jpeg 1536w, https:\/\/blogsaverroes.juntadeandalucia.es\/tomasapinilla\/files\/2024\/12\/WhatsApp-Image-2024-12-05-at-08.55.10-2.jpeg 1600w\" sizes=\"(max-width: 300px) 100vw, 300px\" \/><\/a> <a href=\"https:\/\/blogsaverroes.juntadeandalucia.es\/tomasapinilla\/files\/2024\/12\/WhatsApp-Image-2024-12-05-at-08.55.10-1.jpeg\"><img loading=\"lazy\" decoding=\"async\" class=\"alignnone size-medium wp-image-10031\" src=\"https:\/\/blogsaverroes.juntadeandalucia.es\/tomasapinilla\/files\/2024\/12\/WhatsApp-Image-2024-12-05-at-08.55.10-1-300x226.jpeg\" alt=\"\" width=\"300\" height=\"226\" srcset=\"https:\/\/blogsaverroes.juntadeandalucia.es\/tomasapinilla\/files\/2024\/12\/WhatsApp-Image-2024-12-05-at-08.55.10-1-300x226.jpeg 300w, https:\/\/blogsaverroes.juntadeandalucia.es\/tomasapinilla\/files\/2024\/12\/WhatsApp-Image-2024-12-05-at-08.55.10-1-1024x771.jpeg 1024w, https:\/\/blogsaverroes.juntadeandalucia.es\/tomasapinilla\/files\/2024\/12\/WhatsApp-Image-2024-12-05-at-08.55.10-1-768x578.jpeg 768w, https:\/\/blogsaverroes.juntadeandalucia.es\/tomasapinilla\/files\/2024\/12\/WhatsApp-Image-2024-12-05-at-08.55.10-1-1536x1157.jpeg 1536w, https:\/\/blogsaverroes.juntadeandalucia.es\/tomasapinilla\/files\/2024\/12\/WhatsApp-Image-2024-12-05-at-08.55.10-1.jpeg 1600w\" sizes=\"(max-width: 300px) 100vw, 300px\" \/><\/a> <a href=\"https:\/\/blogsaverroes.juntadeandalucia.es\/tomasapinilla\/files\/2024\/12\/WhatsApp-Image-2024-12-05-at-08.55.12.jpeg\"><img loading=\"lazy\" decoding=\"async\" class=\"alignnone size-medium wp-image-10032\" src=\"https:\/\/blogsaverroes.juntadeandalucia.es\/tomasapinilla\/files\/2024\/12\/WhatsApp-Image-2024-12-05-at-08.55.12-300x226.jpeg\" alt=\"\" width=\"300\" height=\"226\" srcset=\"https:\/\/blogsaverroes.juntadeandalucia.es\/tomasapinilla\/files\/2024\/12\/WhatsApp-Image-2024-12-05-at-08.55.12-300x226.jpeg 300w, https:\/\/blogsaverroes.juntadeandalucia.es\/tomasapinilla\/files\/2024\/12\/WhatsApp-Image-2024-12-05-at-08.55.12-1024x771.jpeg 1024w, https:\/\/blogsaverroes.juntadeandalucia.es\/tomasapinilla\/files\/2024\/12\/WhatsApp-Image-2024-12-05-at-08.55.12-768x578.jpeg 768w, https:\/\/blogsaverroes.juntadeandalucia.es\/tomasapinilla\/files\/2024\/12\/WhatsApp-Image-2024-12-05-at-08.55.12-1536x1157.jpeg 1536w, https:\/\/blogsaverroes.juntadeandalucia.es\/tomasapinilla\/files\/2024\/12\/WhatsApp-Image-2024-12-05-at-08.55.12.jpeg 1600w\" sizes=\"(max-width: 300px) 100vw, 300px\" \/><\/a> <a href=\"https:\/\/blogsaverroes.juntadeandalucia.es\/tomasapinilla\/files\/2024\/12\/WhatsApp-Image-2024-12-05-at-08.55.11-2.jpeg\"><img loading=\"lazy\" decoding=\"async\" class=\"alignnone size-medium wp-image-10033\" src=\"https:\/\/blogsaverroes.juntadeandalucia.es\/tomasapinilla\/files\/2024\/12\/WhatsApp-Image-2024-12-05-at-08.55.11-2-300x226.jpeg\" alt=\"\" width=\"300\" height=\"226\" srcset=\"https:\/\/blogsaverroes.juntadeandalucia.es\/tomasapinilla\/files\/2024\/12\/WhatsApp-Image-2024-12-05-at-08.55.11-2-300x226.jpeg 300w, https:\/\/blogsaverroes.juntadeandalucia.es\/tomasapinilla\/files\/2024\/12\/WhatsApp-Image-2024-12-05-at-08.55.11-2-1024x771.jpeg 1024w, https:\/\/blogsaverroes.juntadeandalucia.es\/tomasapinilla\/files\/2024\/12\/WhatsApp-Image-2024-12-05-at-08.55.11-2-768x578.jpeg 768w, https:\/\/blogsaverroes.juntadeandalucia.es\/tomasapinilla\/files\/2024\/12\/WhatsApp-Image-2024-12-05-at-08.55.11-2-1536x1157.jpeg 1536w, https:\/\/blogsaverroes.juntadeandalucia.es\/tomasapinilla\/files\/2024\/12\/WhatsApp-Image-2024-12-05-at-08.55.11-2.jpeg 1600w\" sizes=\"(max-width: 300px) 100vw, 300px\" \/><\/a> <a href=\"https:\/\/blogsaverroes.juntadeandalucia.es\/tomasapinilla\/files\/2024\/12\/WhatsApp-Image-2024-12-05-at-08.55.11-1.jpeg\"><img loading=\"lazy\" decoding=\"async\" class=\"alignnone size-medium wp-image-10034\" src=\"https:\/\/blogsaverroes.juntadeandalucia.es\/tomasapinilla\/files\/2024\/12\/WhatsApp-Image-2024-12-05-at-08.55.11-1-300x226.jpeg\" alt=\"\" width=\"300\" height=\"226\" srcset=\"https:\/\/blogsaverroes.juntadeandalucia.es\/tomasapinilla\/files\/2024\/12\/WhatsApp-Image-2024-12-05-at-08.55.11-1-300x226.jpeg 300w, https:\/\/blogsaverroes.juntadeandalucia.es\/tomasapinilla\/files\/2024\/12\/WhatsApp-Image-2024-12-05-at-08.55.11-1-1024x771.jpeg 1024w, https:\/\/blogsaverroes.juntadeandalucia.es\/tomasapinilla\/files\/2024\/12\/WhatsApp-Image-2024-12-05-at-08.55.11-1-768x578.jpeg 768w, https:\/\/blogsaverroes.juntadeandalucia.es\/tomasapinilla\/files\/2024\/12\/WhatsApp-Image-2024-12-05-at-08.55.11-1-1536x1157.jpeg 1536w, https:\/\/blogsaverroes.juntadeandalucia.es\/tomasapinilla\/files\/2024\/12\/WhatsApp-Image-2024-12-05-at-08.55.11-1.jpeg 1600w\" sizes=\"(max-width: 300px) 100vw, 300px\" \/><\/a> <a href=\"https:\/\/blogsaverroes.juntadeandalucia.es\/tomasapinilla\/files\/2024\/12\/WhatsApp-Image-2024-12-05-at-08.55.11.jpeg\"><img loading=\"lazy\" decoding=\"async\" class=\"alignnone size-medium wp-image-10035\" src=\"https:\/\/blogsaverroes.juntadeandalucia.es\/tomasapinilla\/files\/2024\/12\/WhatsApp-Image-2024-12-05-at-08.55.11-300x226.jpeg\" alt=\"\" width=\"300\" height=\"226\" srcset=\"https:\/\/blogsaverroes.juntadeandalucia.es\/tomasapinilla\/files\/2024\/12\/WhatsApp-Image-2024-12-05-at-08.55.11-300x226.jpeg 300w, https:\/\/blogsaverroes.juntadeandalucia.es\/tomasapinilla\/files\/2024\/12\/WhatsApp-Image-2024-12-05-at-08.55.11-1024x771.jpeg 1024w, https:\/\/blogsaverroes.juntadeandalucia.es\/tomasapinilla\/files\/2024\/12\/WhatsApp-Image-2024-12-05-at-08.55.11-768x578.jpeg 768w, https:\/\/blogsaverroes.juntadeandalucia.es\/tomasapinilla\/files\/2024\/12\/WhatsApp-Image-2024-12-05-at-08.55.11-1536x1157.jpeg 1536w, https:\/\/blogsaverroes.juntadeandalucia.es\/tomasapinilla\/files\/2024\/12\/WhatsApp-Image-2024-12-05-at-08.55.11.jpeg 1600w\" sizes=\"(max-width: 300px) 100vw, 300px\" \/><\/a> <a href=\"https:\/\/blogsaverroes.juntadeandalucia.es\/tomasapinilla\/files\/2024\/12\/WhatsApp-Image-2024-12-05-at-08.55.10.jpeg\"><img loading=\"lazy\" decoding=\"async\" class=\"alignnone size-medium wp-image-10036\" src=\"https:\/\/blogsaverroes.juntadeandalucia.es\/tomasapinilla\/files\/2024\/12\/WhatsApp-Image-2024-12-05-at-08.55.10-300x226.jpeg\" alt=\"\" width=\"300\" height=\"226\" srcset=\"https:\/\/blogsaverroes.juntadeandalucia.es\/tomasapinilla\/files\/2024\/12\/WhatsApp-Image-2024-12-05-at-08.55.10-300x226.jpeg 300w, https:\/\/blogsaverroes.juntadeandalucia.es\/tomasapinilla\/files\/2024\/12\/WhatsApp-Image-2024-12-05-at-08.55.10-1024x771.jpeg 1024w, https:\/\/blogsaverroes.juntadeandalucia.es\/tomasapinilla\/files\/2024\/12\/WhatsApp-Image-2024-12-05-at-08.55.10-768x578.jpeg 768w, https:\/\/blogsaverroes.juntadeandalucia.es\/tomasapinilla\/files\/2024\/12\/WhatsApp-Image-2024-12-05-at-08.55.10-1536x1157.jpeg 1536w, https:\/\/blogsaverroes.juntadeandalucia.es\/tomasapinilla\/files\/2024\/12\/WhatsApp-Image-2024-12-05-at-08.55.10.jpeg 1600w\" sizes=\"(max-width: 300px) 100vw, 300px\" \/>&nbsp;<\/a><a href=\"https:\/\/blogsaverroes.juntadeandalucia.es\/tomasapinilla\/files\/2024\/12\/WhatsApp-Image-2024-12-05-at-13.53.47-1.jpeg\"><img loading=\"lazy\" decoding=\"async\" class=\"alignnone size-medium wp-image-10075\" src=\"https:\/\/blogsaverroes.juntadeandalucia.es\/tomasapinilla\/files\/2024\/12\/WhatsApp-Image-2024-12-05-at-13.53.47-1-300x226.jpeg\" alt=\"\" width=\"300\" height=\"226\" srcset=\"https:\/\/blogsaverroes.juntadeandalucia.es\/tomasapinilla\/files\/2024\/12\/WhatsApp-Image-2024-12-05-at-13.53.47-1-300x226.jpeg 300w, https:\/\/blogsaverroes.juntadeandalucia.es\/tomasapinilla\/files\/2024\/12\/WhatsApp-Image-2024-12-05-at-13.53.47-1-1024x771.jpeg 1024w, https:\/\/blogsaverroes.juntadeandalucia.es\/tomasapinilla\/files\/2024\/12\/WhatsApp-Image-2024-12-05-at-13.53.47-1-768x578.jpeg 768w, https:\/\/blogsaverroes.juntadeandalucia.es\/tomasapinilla\/files\/2024\/12\/WhatsApp-Image-2024-12-05-at-13.53.47-1-1536x1156.jpeg 1536w, https:\/\/blogsaverroes.juntadeandalucia.es\/tomasapinilla\/files\/2024\/12\/WhatsApp-Image-2024-12-05-at-13.53.47-1.jpeg 1600w\" sizes=\"(max-width: 300px) 100vw, 300px\" \/><\/a><a href=\"https:\/\/blogsaverroes.juntadeandalucia.es\/tomasapinilla\/files\/2024\/12\/WhatsApp-Image-2024-12-05-at-13.53.46.jpeg\"><img loading=\"lazy\" decoding=\"async\" class=\"alignnone size-medium wp-image-10077\" src=\"https:\/\/blogsaverroes.juntadeandalucia.es\/tomasapinilla\/files\/2024\/12\/WhatsApp-Image-2024-12-05-at-13.53.46-300x226.jpeg\" alt=\"\" width=\"300\" height=\"226\" srcset=\"https:\/\/blogsaverroes.juntadeandalucia.es\/tomasapinilla\/files\/2024\/12\/WhatsApp-Image-2024-12-05-at-13.53.46-300x226.jpeg 300w, https:\/\/blogsaverroes.juntadeandalucia.es\/tomasapinilla\/files\/2024\/12\/WhatsApp-Image-2024-12-05-at-13.53.46-1024x771.jpeg 1024w, https:\/\/blogsaverroes.juntadeandalucia.es\/tomasapinilla\/files\/2024\/12\/WhatsApp-Image-2024-12-05-at-13.53.46-768x578.jpeg 768w, https:\/\/blogsaverroes.juntadeandalucia.es\/tomasapinilla\/files\/2024\/12\/WhatsApp-Image-2024-12-05-at-13.53.46-1536x1156.jpeg 1536w, https:\/\/blogsaverroes.juntadeandalucia.es\/tomasapinilla\/files\/2024\/12\/WhatsApp-Image-2024-12-05-at-13.53.46.jpeg 1600w\" sizes=\"(max-width: 300px) 100vw, 300px\" \/><\/a><\/p>\n<p>&nbsp;<\/p>\n<p>&nbsp;<\/p>\n<p><a href=\"https:\/\/blogsaverroes.juntadeandalucia.es\/tomasapinilla\/files\/2024\/12\/ba05cbf5-1def-4d80-bbe8-2c474712a648.jpg\"><img loading=\"lazy\" decoding=\"async\" class=\"alignnone wp-image-10028 size-full\" src=\"https:\/\/blogsaverroes.juntadeandalucia.es\/tomasapinilla\/files\/2024\/12\/ba05cbf5-1def-4d80-bbe8-2c474712a648.jpg\" alt=\"\" width=\"750\" height=\"888\" srcset=\"https:\/\/blogsaverroes.juntadeandalucia.es\/tomasapinilla\/files\/2024\/12\/ba05cbf5-1def-4d80-bbe8-2c474712a648.jpg 750w, https:\/\/blogsaverroes.juntadeandalucia.es\/tomasapinilla\/files\/2024\/12\/ba05cbf5-1def-4d80-bbe8-2c474712a648-253x300.jpg 253w\" sizes=\"(max-width: 750px) 100vw, 750px\" \/><\/a><\/p>\n","protected":false},"excerpt":{"rendered":"<p>El 3 de diciembre conmemoramos el D\u00eda de las Personas con Diversidad Funcional. Durante toda la semana en el CEIP Tomasa Pinilla realizamos diversas actividades dentro de nuestro ABP \u201cUn&#46;&#46;&#46;<\/p>\n","protected":false},"author":20221,"featured_media":10028,"comment_status":"closed","ping_status":"open","sticky":false,"template":"","format":"standard","meta":{"_exactmetrics_skip_tracking":false,"_exactmetrics_sitenote_active":false,"_exactmetrics_sitenote_note":"","_exactmetrics_sitenote_category":0,"ngg_post_thumbnail":0,"footnotes":""},"categories":[1961565,1510046,1961561],"tags":[],"aioseo_notices":[],"post_mailing_queue_ids":[],"_links":{"self":[{"href":"https:\/\/blogsaverroes.juntadeandalucia.es\/tomasapinilla\/wp-json\/wp\/v2\/posts\/10024"}],"collection":[{"href":"https:\/\/blogsaverroes.juntadeandalucia.es\/tomasapinilla\/wp-json\/wp\/v2\/posts"}],"about":[{"href":"https:\/\/blogsaverroes.juntadeandalucia.es\/tomasapinilla\/wp-json\/wp\/v2\/types\/post"}],"author":[{"embeddable":true,"href":"https:\/\/blogsaverroes.juntadeandalucia.es\/tomasapinilla\/wp-json\/wp\/v2\/users\/20221"}],"replies":[{"embeddable":true,"href":"https:\/\/blogsaverroes.juntadeandalucia.es\/tomasapinilla\/wp-json\/wp\/v2\/comments?post=10024"}],"version-history":[{"count":3,"href":"https:\/\/blogsaverroes.juntadeandalucia.es\/tomasapinilla\/wp-json\/wp\/v2\/posts\/10024\/revisions"}],"predecessor-version":[{"id":10608,"href":"https:\/\/blogsaverroes.juntadeandalucia.es\/tomasapinilla\/wp-json\/wp\/v2\/posts\/10024\/revisions\/10608"}],"wp:featuredmedia":[{"embeddable":true,"href":"https:\/\/blogsaverroes.juntadeandalucia.es\/tomasapinilla\/wp-json\/wp\/v2\/media\/10028"}],"wp:attachment":[{"href":"https:\/\/blogsaverroes.juntadeandalucia.es\/tomasapinilla\/wp-json\/wp\/v2\/media?parent=10024"}],"wp:term":[{"taxonomy":"category","embeddable":true,"href":"https:\/\/blogsaverroes.juntadeandalucia.es\/tomasapinilla\/wp-json\/wp\/v2\/categories?post=10024"},{"taxonomy":"post_tag","embeddable":true,"href":"https:\/\/blogsaverroes.juntadeandalucia.es\/tomasapinilla\/wp-json\/wp\/v2\/tags?post=10024"}],"curies":[{"name":"wp","href":"https:\/\/api.w.org\/{rel}","templated":true}]}}