{"id":10127,"date":"2024-12-15T18:38:14","date_gmt":"2024-12-15T18:38:14","guid":{"rendered":"https:\/\/blogsaverroes.juntadeandalucia.es\/tomasapinilla\/?p=10127"},"modified":"2025-03-08T07:50:18","modified_gmt":"2025-03-08T07:50:18","slug":"querido-alcalde","status":"publish","type":"post","link":"https:\/\/blogsaverroes.juntadeandalucia.es\/tomasapinilla\/querido-alcalde\/","title":{"rendered":"QUERIDO ALCALDE&#8230; 2\u00ba"},"content":{"rendered":"<p>En el CEIP Tomasa Pinilla aprovechamos cualquier situaci\u00f3n para convertirla en una Situaci\u00f3n de Aprendizaje con la que nuestro alumnado adquiera aprendizajes significativos que recordar\u00e1n toda su vida.<\/p>\n<p>El curso pasado fuimos finalistas en los Premios Vida Sana de la Fundaci\u00f3n Caser (m\u00e1s informaci\u00f3n en el siguiente enlace <a href=\"https:\/\/www.fundacioncaser.org\/actividades\/premios-vida-sana\">https:\/\/www.fundacioncaser.org\/actividades\/premios-vida-sana<\/a>). Con el premio compramos una estructura para nuestro patio. Comunicamos al Ayuntamiento de Jerez que necesit\u00e1bamos ayuda con la instalaci\u00f3n y realizamos los tr\u00e1mites oportunos.&nbsp;<\/p>\n<p>Hemos esperado pacientemente, pero los meses pasan y no obtenemos una respuesta. Los ni\u00f1os y ni\u00f1as del colegio ten\u00edamos muchas ganas de utilizar este nuevo juguete y est\u00e1bamos cansados de esperar a que se solucionara.<\/p>\n<p>Por eso hemos decidido escribir una carta al alcalde de Guadalcac\u00edn Salvador Ruiz, en nombre de todos los ni\u00f1os y ni\u00f1as del colegio, pidiendo ayuda. As\u00ed convertimos esta situaci\u00f3n en una verdadera oportunidad para el aprendizaje donde trabajamos competencias relacionadas con las \u00e1reas de Lengua y Educaci\u00f3n Art\u00edstica:<\/p>\n<p>&nbsp;<\/p>\n<p>PENSAMOS EN NUESTRO PROBLEMA Y PREPARAMOS EL BORRADOR DE NUESTRA CARTA<\/p>\n<p><a href=\"https:\/\/blogsaverroes.juntadeandalucia.es\/tomasapinilla\/files\/2024\/12\/IMG_0416.jpg\"><img loading=\"lazy\" decoding=\"async\" class=\"alignnone wp-image-10129 size-large\" src=\"https:\/\/blogsaverroes.juntadeandalucia.es\/tomasapinilla\/files\/2024\/12\/IMG_0416-768x1024.jpg\" alt=\"\" width=\"768\" height=\"1024\" srcset=\"https:\/\/blogsaverroes.juntadeandalucia.es\/tomasapinilla\/files\/2024\/12\/IMG_0416-768x1024.jpg 768w, https:\/\/blogsaverroes.juntadeandalucia.es\/tomasapinilla\/files\/2024\/12\/IMG_0416-225x300.jpg 225w, https:\/\/blogsaverroes.juntadeandalucia.es\/tomasapinilla\/files\/2024\/12\/IMG_0416-1152x1536.jpg 1152w, https:\/\/blogsaverroes.juntadeandalucia.es\/tomasapinilla\/files\/2024\/12\/IMG_0416-1536x2048.jpg 1536w, https:\/\/blogsaverroes.juntadeandalucia.es\/tomasapinilla\/files\/2024\/12\/IMG_0416.jpg 1200w\" sizes=\"(max-width: 768px) 100vw, 768px\" \/><\/a> <a href=\"https:\/\/blogsaverroes.juntadeandalucia.es\/tomasapinilla\/files\/2024\/12\/IMG_0417-rotated.jpg\"><img loading=\"lazy\" decoding=\"async\" class=\"alignnone wp-image-10130 size-large\" src=\"https:\/\/blogsaverroes.juntadeandalucia.es\/tomasapinilla\/files\/2024\/12\/IMG_0417-768x1024.jpg\" alt=\"\" width=\"768\" height=\"1024\" srcset=\"https:\/\/blogsaverroes.juntadeandalucia.es\/tomasapinilla\/files\/2024\/12\/IMG_0417-768x1024.jpg 768w, https:\/\/blogsaverroes.juntadeandalucia.es\/tomasapinilla\/files\/2024\/12\/IMG_0417-225x300.jpg 225w, https:\/\/blogsaverroes.juntadeandalucia.es\/tomasapinilla\/files\/2024\/12\/IMG_0417-1152x1536.jpg 1152w, https:\/\/blogsaverroes.juntadeandalucia.es\/tomasapinilla\/files\/2024\/12\/IMG_0417-1536x2048.jpg 1536w, https:\/\/blogsaverroes.juntadeandalucia.es\/tomasapinilla\/files\/2024\/12\/IMG_0417-rotated.jpg 1200w\" sizes=\"(max-width: 768px) 100vw, 768px\" \/><\/a> <a href=\"https:\/\/blogsaverroes.juntadeandalucia.es\/tomasapinilla\/files\/2024\/12\/IMG_0418-rotated.jpg\"><img loading=\"lazy\" decoding=\"async\" class=\"alignnone wp-image-10131 size-large\" src=\"https:\/\/blogsaverroes.juntadeandalucia.es\/tomasapinilla\/files\/2024\/12\/IMG_0418-768x1024.jpg\" alt=\"\" width=\"768\" height=\"1024\" srcset=\"https:\/\/blogsaverroes.juntadeandalucia.es\/tomasapinilla\/files\/2024\/12\/IMG_0418-768x1024.jpg 768w, https:\/\/blogsaverroes.juntadeandalucia.es\/tomasapinilla\/files\/2024\/12\/IMG_0418-225x300.jpg 225w, https:\/\/blogsaverroes.juntadeandalucia.es\/tomasapinilla\/files\/2024\/12\/IMG_0418-1152x1536.jpg 1152w, https:\/\/blogsaverroes.juntadeandalucia.es\/tomasapinilla\/files\/2024\/12\/IMG_0418-1536x2048.jpg 1536w, https:\/\/blogsaverroes.juntadeandalucia.es\/tomasapinilla\/files\/2024\/12\/IMG_0418-rotated.jpg 1200w\" sizes=\"(max-width: 768px) 100vw, 768px\" \/><\/a> <a href=\"https:\/\/blogsaverroes.juntadeandalucia.es\/tomasapinilla\/files\/2024\/12\/IMG_0419-rotated.jpg\"><img loading=\"lazy\" decoding=\"async\" class=\"alignnone wp-image-10132 size-large\" src=\"https:\/\/blogsaverroes.juntadeandalucia.es\/tomasapinilla\/files\/2024\/12\/IMG_0419-768x1024.jpg\" alt=\"\" width=\"768\" height=\"1024\" srcset=\"https:\/\/blogsaverroes.juntadeandalucia.es\/tomasapinilla\/files\/2024\/12\/IMG_0419-768x1024.jpg 768w, https:\/\/blogsaverroes.juntadeandalucia.es\/tomasapinilla\/files\/2024\/12\/IMG_0419-225x300.jpg 225w, https:\/\/blogsaverroes.juntadeandalucia.es\/tomasapinilla\/files\/2024\/12\/IMG_0419-1152x1536.jpg 1152w, https:\/\/blogsaverroes.juntadeandalucia.es\/tomasapinilla\/files\/2024\/12\/IMG_0419-1536x2048.jpg 1536w, https:\/\/blogsaverroes.juntadeandalucia.es\/tomasapinilla\/files\/2024\/12\/IMG_0419-rotated.jpg 1200w\" sizes=\"(max-width: 768px) 100vw, 768px\" \/><\/a> <a href=\"https:\/\/blogsaverroes.juntadeandalucia.es\/tomasapinilla\/files\/2024\/12\/IMG_0420-rotated.jpg\"><img loading=\"lazy\" decoding=\"async\" class=\"alignnone wp-image-10133 size-large\" src=\"https:\/\/blogsaverroes.juntadeandalucia.es\/tomasapinilla\/files\/2024\/12\/IMG_0420-768x1024.jpg\" alt=\"\" width=\"768\" height=\"1024\" srcset=\"https:\/\/blogsaverroes.juntadeandalucia.es\/tomasapinilla\/files\/2024\/12\/IMG_0420-768x1024.jpg 768w, https:\/\/blogsaverroes.juntadeandalucia.es\/tomasapinilla\/files\/2024\/12\/IMG_0420-225x300.jpg 225w, https:\/\/blogsaverroes.juntadeandalucia.es\/tomasapinilla\/files\/2024\/12\/IMG_0420-1152x1536.jpg 1152w, https:\/\/blogsaverroes.juntadeandalucia.es\/tomasapinilla\/files\/2024\/12\/IMG_0420-1536x2048.jpg 1536w, https:\/\/blogsaverroes.juntadeandalucia.es\/tomasapinilla\/files\/2024\/12\/IMG_0420-rotated.jpg 1200w\" sizes=\"(max-width: 768px) 100vw, 768px\" \/><\/a> <a href=\"https:\/\/blogsaverroes.juntadeandalucia.es\/tomasapinilla\/files\/2024\/12\/IMG_0421-rotated.jpg\"><img loading=\"lazy\" decoding=\"async\" class=\"alignnone wp-image-10134 size-large\" src=\"https:\/\/blogsaverroes.juntadeandalucia.es\/tomasapinilla\/files\/2024\/12\/IMG_0421-768x1024.jpg\" alt=\"\" width=\"768\" height=\"1024\" srcset=\"https:\/\/blogsaverroes.juntadeandalucia.es\/tomasapinilla\/files\/2024\/12\/IMG_0421-768x1024.jpg 768w, https:\/\/blogsaverroes.juntadeandalucia.es\/tomasapinilla\/files\/2024\/12\/IMG_0421-225x300.jpg 225w, https:\/\/blogsaverroes.juntadeandalucia.es\/tomasapinilla\/files\/2024\/12\/IMG_0421-1152x1536.jpg 1152w, https:\/\/blogsaverroes.juntadeandalucia.es\/tomasapinilla\/files\/2024\/12\/IMG_0421-1536x2048.jpg 1536w, https:\/\/blogsaverroes.juntadeandalucia.es\/tomasapinilla\/files\/2024\/12\/IMG_0421-rotated.jpg 1200w\" sizes=\"(max-width: 768px) 100vw, 768px\" \/><\/a> <a href=\"https:\/\/blogsaverroes.juntadeandalucia.es\/tomasapinilla\/files\/2024\/12\/IMG_0427.jpg\"><img loading=\"lazy\" decoding=\"async\" class=\"alignnone wp-image-10135 size-large\" src=\"https:\/\/blogsaverroes.juntadeandalucia.es\/tomasapinilla\/files\/2024\/12\/IMG_0427-716x1024.jpg\" alt=\"\" width=\"716\" height=\"1024\" srcset=\"https:\/\/blogsaverroes.juntadeandalucia.es\/tomasapinilla\/files\/2024\/12\/IMG_0427-716x1024.jpg 716w, https:\/\/blogsaverroes.juntadeandalucia.es\/tomasapinilla\/files\/2024\/12\/IMG_0427-210x300.jpg 210w, https:\/\/blogsaverroes.juntadeandalucia.es\/tomasapinilla\/files\/2024\/12\/IMG_0427-768x1098.jpg 768w, https:\/\/blogsaverroes.juntadeandalucia.es\/tomasapinilla\/files\/2024\/12\/IMG_0427-1074x1536.jpg 1074w, https:\/\/blogsaverroes.juntadeandalucia.es\/tomasapinilla\/files\/2024\/12\/IMG_0427-1432x2048.jpg 1432w, https:\/\/blogsaverroes.juntadeandalucia.es\/tomasapinilla\/files\/2024\/12\/IMG_0427.jpg 1119w\" sizes=\"(max-width: 716px) 100vw, 716px\" \/><\/a><\/p>\n<p>&nbsp;<\/p>\n<p>ESCRIBIMOS LOS DATOS EN EL SOBRE:<\/p>\n<p><a href=\"https:\/\/blogsaverroes.juntadeandalucia.es\/tomasapinilla\/files\/2024\/12\/IMG_0430-rotated.jpg\"><img loading=\"lazy\" decoding=\"async\" class=\"alignnone wp-image-10136 size-large\" src=\"https:\/\/blogsaverroes.juntadeandalucia.es\/tomasapinilla\/files\/2024\/12\/IMG_0430-768x1024.jpg\" alt=\"\" width=\"768\" height=\"1024\" srcset=\"https:\/\/blogsaverroes.juntadeandalucia.es\/tomasapinilla\/files\/2024\/12\/IMG_0430-768x1024.jpg 768w, https:\/\/blogsaverroes.juntadeandalucia.es\/tomasapinilla\/files\/2024\/12\/IMG_0430-225x300.jpg 225w, https:\/\/blogsaverroes.juntadeandalucia.es\/tomasapinilla\/files\/2024\/12\/IMG_0430-1152x1536.jpg 1152w, https:\/\/blogsaverroes.juntadeandalucia.es\/tomasapinilla\/files\/2024\/12\/IMG_0430-1536x2048.jpg 1536w, https:\/\/blogsaverroes.juntadeandalucia.es\/tomasapinilla\/files\/2024\/12\/IMG_0430-rotated.jpg 1200w\" sizes=\"(max-width: 768px) 100vw, 768px\" \/><\/a><\/p>\n<p>&nbsp;<\/p>\n<p>REDACTAMOS LA CARTA EN LIMPIO \u00a1Y A BOL\u00cdGRAFO!<\/p>\n<p><a href=\"https:\/\/blogsaverroes.juntadeandalucia.es\/tomasapinilla\/files\/2024\/12\/IMG_0431-rotated.jpg\"><img loading=\"lazy\" decoding=\"async\" class=\"alignnone wp-image-10137 size-large\" src=\"https:\/\/blogsaverroes.juntadeandalucia.es\/tomasapinilla\/files\/2024\/12\/IMG_0431-768x1024.jpg\" alt=\"\" width=\"768\" height=\"1024\" srcset=\"https:\/\/blogsaverroes.juntadeandalucia.es\/tomasapinilla\/files\/2024\/12\/IMG_0431-768x1024.jpg 768w, https:\/\/blogsaverroes.juntadeandalucia.es\/tomasapinilla\/files\/2024\/12\/IMG_0431-225x300.jpg 225w, https:\/\/blogsaverroes.juntadeandalucia.es\/tomasapinilla\/files\/2024\/12\/IMG_0431-1152x1536.jpg 1152w, https:\/\/blogsaverroes.juntadeandalucia.es\/tomasapinilla\/files\/2024\/12\/IMG_0431-1536x2048.jpg 1536w, https:\/\/blogsaverroes.juntadeandalucia.es\/tomasapinilla\/files\/2024\/12\/IMG_0431-rotated.jpg 1200w\" sizes=\"(max-width: 768px) 100vw, 768px\" \/><\/a><\/p>\n<p>&nbsp;<\/p>\n<p>HACEMOS ALGUNOS DIBUJOS PARA ACOMPA\u00d1AR NUESTRA CARTA:<\/p>\n<p><a href=\"https:\/\/blogsaverroes.juntadeandalucia.es\/tomasapinilla\/files\/2024\/12\/IMG_0432.jpg\"><img loading=\"lazy\" decoding=\"async\" class=\"alignnone wp-image-10138 size-large\" src=\"https:\/\/blogsaverroes.juntadeandalucia.es\/tomasapinilla\/files\/2024\/12\/IMG_0432-1024x768.jpg\" alt=\"\" width=\"1024\" height=\"768\" srcset=\"https:\/\/blogsaverroes.juntadeandalucia.es\/tomasapinilla\/files\/2024\/12\/IMG_0432-1024x768.jpg 1024w, https:\/\/blogsaverroes.juntadeandalucia.es\/tomasapinilla\/files\/2024\/12\/IMG_0432-300x225.jpg 300w, https:\/\/blogsaverroes.juntadeandalucia.es\/tomasapinilla\/files\/2024\/12\/IMG_0432-768x576.jpg 768w, https:\/\/blogsaverroes.juntadeandalucia.es\/tomasapinilla\/files\/2024\/12\/IMG_0432-1536x1152.jpg 1536w, https:\/\/blogsaverroes.juntadeandalucia.es\/tomasapinilla\/files\/2024\/12\/IMG_0432-2048x1536.jpg 2048w, https:\/\/blogsaverroes.juntadeandalucia.es\/tomasapinilla\/files\/2024\/12\/IMG_0432.jpg 1600w\" sizes=\"(max-width: 1024px) 100vw, 1024px\" \/><\/a><\/p>\n<p>&nbsp;<\/p>\n<p>\u00a1NUESTRA CARTA ESTABA COMPLETA!<\/p>\n<p><a href=\"https:\/\/blogsaverroes.juntadeandalucia.es\/tomasapinilla\/files\/2024\/12\/IMG_0484.jpg\"><img loading=\"lazy\" decoding=\"async\" class=\"alignnone wp-image-10139 size-large\" src=\"https:\/\/blogsaverroes.juntadeandalucia.es\/tomasapinilla\/files\/2024\/12\/IMG_0484-1024x768.jpg\" alt=\"\" width=\"1024\" height=\"768\" srcset=\"https:\/\/blogsaverroes.juntadeandalucia.es\/tomasapinilla\/files\/2024\/12\/IMG_0484-1024x768.jpg 1024w, https:\/\/blogsaverroes.juntadeandalucia.es\/tomasapinilla\/files\/2024\/12\/IMG_0484-300x225.jpg 300w, https:\/\/blogsaverroes.juntadeandalucia.es\/tomasapinilla\/files\/2024\/12\/IMG_0484-768x576.jpg 768w, https:\/\/blogsaverroes.juntadeandalucia.es\/tomasapinilla\/files\/2024\/12\/IMG_0484-1536x1152.jpg 1536w, https:\/\/blogsaverroes.juntadeandalucia.es\/tomasapinilla\/files\/2024\/12\/IMG_0484-2048x1536.jpg 2048w, https:\/\/blogsaverroes.juntadeandalucia.es\/tomasapinilla\/files\/2024\/12\/IMG_0484.jpg 1600w\" sizes=\"(max-width: 1024px) 100vw, 1024px\" \/><\/a><\/p>\n<p>&nbsp;<\/p>\n<p>LLEVAMOS NUESTRA CARTA AL AYUNTAMIENTO DE GUADALCAC\u00cdN<\/p>\n<p><a href=\"https:\/\/blogsaverroes.juntadeandalucia.es\/tomasapinilla\/files\/2024\/12\/IMG_0493-rotated.jpg\"><img loading=\"lazy\" decoding=\"async\" class=\"alignnone wp-image-10140 size-large\" src=\"https:\/\/blogsaverroes.juntadeandalucia.es\/tomasapinilla\/files\/2024\/12\/IMG_0493-768x1024.jpg\" alt=\"\" width=\"768\" height=\"1024\" srcset=\"https:\/\/blogsaverroes.juntadeandalucia.es\/tomasapinilla\/files\/2024\/12\/IMG_0493-768x1024.jpg 768w, https:\/\/blogsaverroes.juntadeandalucia.es\/tomasapinilla\/files\/2024\/12\/IMG_0493-225x300.jpg 225w, https:\/\/blogsaverroes.juntadeandalucia.es\/tomasapinilla\/files\/2024\/12\/IMG_0493-1152x1536.jpg 1152w, https:\/\/blogsaverroes.juntadeandalucia.es\/tomasapinilla\/files\/2024\/12\/IMG_0493-1536x2048.jpg 1536w, https:\/\/blogsaverroes.juntadeandalucia.es\/tomasapinilla\/files\/2024\/12\/IMG_0493-rotated.jpg 1200w\" sizes=\"(max-width: 768px) 100vw, 768px\" \/><\/a> <a href=\"https:\/\/blogsaverroes.juntadeandalucia.es\/tomasapinilla\/files\/2024\/12\/IMG_0495-1.jpg\"><img loading=\"lazy\" decoding=\"async\" class=\"alignnone wp-image-10141 size-large\" src=\"https:\/\/blogsaverroes.juntadeandalucia.es\/tomasapinilla\/files\/2024\/12\/IMG_0495-1-1024x795.jpg\" alt=\"\" width=\"1024\" height=\"795\" srcset=\"https:\/\/blogsaverroes.juntadeandalucia.es\/tomasapinilla\/files\/2024\/12\/IMG_0495-1-1024x795.jpg 1024w, https:\/\/blogsaverroes.juntadeandalucia.es\/tomasapinilla\/files\/2024\/12\/IMG_0495-1-300x233.jpg 300w, https:\/\/blogsaverroes.juntadeandalucia.es\/tomasapinilla\/files\/2024\/12\/IMG_0495-1-768x596.jpg 768w, https:\/\/blogsaverroes.juntadeandalucia.es\/tomasapinilla\/files\/2024\/12\/IMG_0495-1-1536x1192.jpg 1536w, https:\/\/blogsaverroes.juntadeandalucia.es\/tomasapinilla\/files\/2024\/12\/IMG_0495-1-2048x1590.jpg 2048w, https:\/\/blogsaverroes.juntadeandalucia.es\/tomasapinilla\/files\/2024\/12\/IMG_0495-1.jpg 1600w\" sizes=\"(max-width: 1024px) 100vw, 1024px\" \/><\/a><\/p>\n<p>&nbsp;<\/p>\n<p>Nuestra sorpresa fue que el Alcalde en persona nos recibi\u00f3, ley\u00f3 nuestra carta y se interes\u00f3 por nuestra petici\u00f3n. Adem\u00e1s, se ha comprometido a instalar la estructura en nuestro patio. <span class=\"Apple-converted-space\">&nbsp;<\/span><\/p>\n<p><strong>\u00a1Gracias al Ayuntamiento de Guadalcac\u00edn y especialmente a nuestro Alcalde Salvador, por haber recibido a los ni\u00f1os y ni\u00f1as del Tomasa Pinilla, escuchar nuestra petici\u00f3n y comprometerse a ayudarnos!<\/strong><\/p>\n<p>&nbsp;<\/p>\n<p>&nbsp;<\/p>\n<p>M\u00e1s informaci\u00f3n sobre nuestra participaci\u00f3n en los Premios Vida Sana 2024:<\/p>\n<p><a href=\"https:\/\/blogsaverroes.juntadeandalucia.es\/tomasapinilla\/premiosvidasana\/\">https:\/\/blogsaverroes.juntadeandalucia.es\/tomasapinilla\/premiosvidasana\/<\/a><\/p>\n","protected":false},"excerpt":{"rendered":"<p>En el CEIP Tomasa Pinilla aprovechamos cualquier situaci\u00f3n para convertirla en una Situaci\u00f3n de Aprendizaje con la que nuestro alumnado adquiera aprendizajes significativos que recordar\u00e1n toda su vida. El curso&#46;&#46;&#46;<\/p>\n","protected":false},"author":20221,"featured_media":10140,"comment_status":"closed","ping_status":"open","sticky":false,"template":"","format":"standard","meta":{"_exactmetrics_skip_tracking":false,"_exactmetrics_sitenote_active":false,"_exactmetrics_sitenote_note":"","_exactmetrics_sitenote_category":0,"ngg_post_thumbnail":0,"footnotes":""},"categories":[1961557,1509633],"tags":[],"aioseo_notices":[],"post_mailing_queue_ids":[],"_links":{"self":[{"href":"https:\/\/blogsaverroes.juntadeandalucia.es\/tomasapinilla\/wp-json\/wp\/v2\/posts\/10127"}],"collection":[{"href":"https:\/\/blogsaverroes.juntadeandalucia.es\/tomasapinilla\/wp-json\/wp\/v2\/posts"}],"about":[{"href":"https:\/\/blogsaverroes.juntadeandalucia.es\/tomasapinilla\/wp-json\/wp\/v2\/types\/post"}],"author":[{"embeddable":true,"href":"https:\/\/blogsaverroes.juntadeandalucia.es\/tomasapinilla\/wp-json\/wp\/v2\/users\/20221"}],"replies":[{"embeddable":true,"href":"https:\/\/blogsaverroes.juntadeandalucia.es\/tomasapinilla\/wp-json\/wp\/v2\/comments?post=10127"}],"version-history":[{"count":6,"href":"https:\/\/blogsaverroes.juntadeandalucia.es\/tomasapinilla\/wp-json\/wp\/v2\/posts\/10127\/revisions"}],"predecessor-version":[{"id":10603,"href":"https:\/\/blogsaverroes.juntadeandalucia.es\/tomasapinilla\/wp-json\/wp\/v2\/posts\/10127\/revisions\/10603"}],"wp:featuredmedia":[{"embeddable":true,"href":"https:\/\/blogsaverroes.juntadeandalucia.es\/tomasapinilla\/wp-json\/wp\/v2\/media\/10140"}],"wp:attachment":[{"href":"https:\/\/blogsaverroes.juntadeandalucia.es\/tomasapinilla\/wp-json\/wp\/v2\/media?parent=10127"}],"wp:term":[{"taxonomy":"category","embeddable":true,"href":"https:\/\/blogsaverroes.juntadeandalucia.es\/tomasapinilla\/wp-json\/wp\/v2\/categories?post=10127"},{"taxonomy":"post_tag","embeddable":true,"href":"https:\/\/blogsaverroes.juntadeandalucia.es\/tomasapinilla\/wp-json\/wp\/v2\/tags?post=10127"}],"curies":[{"name":"wp","href":"https:\/\/api.w.org\/{rel}","templated":true}]}}