{"id":10355,"date":"2025-02-06T12:25:52","date_gmt":"2025-02-06T12:25:52","guid":{"rendered":"https:\/\/blogsaverroes.juntadeandalucia.es\/tomasapinilla\/?p=10355"},"modified":"2025-03-08T07:43:09","modified_gmt":"2025-03-08T07:43:09","slug":"programainvestigaydescubre-24-25","status":"publish","type":"post","link":"https:\/\/blogsaverroes.juntadeandalucia.es\/tomasapinilla\/programainvestigaydescubre-24-25\/","title":{"rendered":"PROGRAMA INVESTIGA Y DESCUBRE 24-25"},"content":{"rendered":"<p>El alumnado de 2\u00ba y 3\u00ba ciclo del CEIP Tomasa Pinilla se beneficia del Programa \u201cInvestiga y Descubre\u201d de la Junta de Andaluc\u00eda.<\/p>\n<p>El <strong>Programa \u201cInvestiga y Descubre\u201d <\/strong>consiste en la realizaci\u00f3n, <strong>en horario no lectivo<\/strong>, de proyectos para la <strong>estimulaci\u00f3n del aprendizaje y de la iniciativa<\/strong> en el alumnado que destaca por su inter\u00e9s, motivaci\u00f3n y capacidad hacia la realizaci\u00f3n de actividades que supongan una profundizaci\u00f3n con respecto al curr\u00edculo ordinario, en los centros docentes p\u00fablicos dependientes de la Consejer\u00eda de Desarrollo Educativo y Formaci\u00f3n Profesional de la Junta de Andaluc\u00eda.<\/p>\n<p><strong>El CEIP Tomasa Pinilla realizar\u00e1 <u>talleres gratuitos<\/u> para el alumnado de 3\u00ba, 4\u00ba, 5\u00ba y 6\u00ba sobre <u>dise\u00f1o creativo y el uso de las herramientas digitales<\/u>. En estos talleres realizar\u00e1n actividades de ampliaci\u00f3n relacionadas con los proyectos del centro.<\/strong><\/p>\n<p>El inicio de los talleres es el lunes 10 de febrero y se desarrollar\u00e1n hasta mediados de mayo aproximadamente. El horario de los talleres es el siguiente:<\/p>\n<table>\n<tbody>\n<tr>\n<td width=\"532\">Alumnado de 3\u00ba:&nbsp;&nbsp; LUNES de 17 a 18h<\/td>\n<\/tr>\n<tr>\n<td width=\"532\">Alumnado de 4\u00ba:&nbsp;&nbsp; LUNES de 18h a 19h<\/td>\n<\/tr>\n<tr>\n<td width=\"532\">Alumnado de 5\u00ba:&nbsp;&nbsp; MI\u00c9RCOLES de 17 a 18h<\/td>\n<\/tr>\n<tr>\n<td width=\"532\">Alumnado de 6\u00ba:&nbsp;&nbsp; MI\u00c9RCOLES de 18h a 19h<\/td>\n<\/tr>\n<\/tbody>\n<\/table>\n<p>&nbsp;<\/p>\n<p><a href=\"https:\/\/blogsaverroes.juntadeandalucia.es\/tomasapinilla\/files\/2025\/02\/ACTIVIDADES.jpg\"><img loading=\"lazy\" decoding=\"async\" class=\"alignnone wp-image-10356 size-full\" src=\"https:\/\/blogsaverroes.juntadeandalucia.es\/tomasapinilla\/files\/2025\/02\/ACTIVIDADES.jpg\" alt=\"\" width=\"1333\" height=\"2000\" srcset=\"https:\/\/blogsaverroes.juntadeandalucia.es\/tomasapinilla\/files\/2025\/02\/ACTIVIDADES.jpg 1066w, https:\/\/blogsaverroes.juntadeandalucia.es\/tomasapinilla\/files\/2025\/02\/ACTIVIDADES-200x300.jpg 200w, https:\/\/blogsaverroes.juntadeandalucia.es\/tomasapinilla\/files\/2025\/02\/ACTIVIDADES-682x1024.jpg 682w, https:\/\/blogsaverroes.juntadeandalucia.es\/tomasapinilla\/files\/2025\/02\/ACTIVIDADES-768x1152.jpg 768w, https:\/\/blogsaverroes.juntadeandalucia.es\/tomasapinilla\/files\/2025\/02\/ACTIVIDADES-1024x1536.jpg 1024w\" sizes=\"(max-width: 1333px) 100vw, 1333px\" \/><\/a><\/p>\n","protected":false},"excerpt":{"rendered":"<p>El alumnado de 2\u00ba y 3\u00ba ciclo del CEIP Tomasa Pinilla se beneficia del Programa \u201cInvestiga y Descubre\u201d de la Junta de Andaluc\u00eda. El Programa \u201cInvestiga y Descubre\u201d consiste en&#46;&#46;&#46;<\/p>\n","protected":false},"author":20221,"featured_media":10356,"comment_status":"closed","ping_status":"open","sticky":false,"template":"","format":"standard","meta":{"_exactmetrics_skip_tracking":false,"_exactmetrics_sitenote_active":false,"_exactmetrics_sitenote_note":"","_exactmetrics_sitenote_category":0,"ngg_post_thumbnail":0,"footnotes":""},"categories":[19],"tags":[],"aioseo_notices":[],"post_mailing_queue_ids":[],"_links":{"self":[{"href":"https:\/\/blogsaverroes.juntadeandalucia.es\/tomasapinilla\/wp-json\/wp\/v2\/posts\/10355"}],"collection":[{"href":"https:\/\/blogsaverroes.juntadeandalucia.es\/tomasapinilla\/wp-json\/wp\/v2\/posts"}],"about":[{"href":"https:\/\/blogsaverroes.juntadeandalucia.es\/tomasapinilla\/wp-json\/wp\/v2\/types\/post"}],"author":[{"embeddable":true,"href":"https:\/\/blogsaverroes.juntadeandalucia.es\/tomasapinilla\/wp-json\/wp\/v2\/users\/20221"}],"replies":[{"embeddable":true,"href":"https:\/\/blogsaverroes.juntadeandalucia.es\/tomasapinilla\/wp-json\/wp\/v2\/comments?post=10355"}],"version-history":[{"count":3,"href":"https:\/\/blogsaverroes.juntadeandalucia.es\/tomasapinilla\/wp-json\/wp\/v2\/posts\/10355\/revisions"}],"predecessor-version":[{"id":10584,"href":"https:\/\/blogsaverroes.juntadeandalucia.es\/tomasapinilla\/wp-json\/wp\/v2\/posts\/10355\/revisions\/10584"}],"wp:featuredmedia":[{"embeddable":true,"href":"https:\/\/blogsaverroes.juntadeandalucia.es\/tomasapinilla\/wp-json\/wp\/v2\/media\/10356"}],"wp:attachment":[{"href":"https:\/\/blogsaverroes.juntadeandalucia.es\/tomasapinilla\/wp-json\/wp\/v2\/media?parent=10355"}],"wp:term":[{"taxonomy":"category","embeddable":true,"href":"https:\/\/blogsaverroes.juntadeandalucia.es\/tomasapinilla\/wp-json\/wp\/v2\/categories?post=10355"},{"taxonomy":"post_tag","embeddable":true,"href":"https:\/\/blogsaverroes.juntadeandalucia.es\/tomasapinilla\/wp-json\/wp\/v2\/tags?post=10355"}],"curies":[{"name":"wp","href":"https:\/\/api.w.org\/{rel}","templated":true}]}}