{"id":10464,"date":"2025-02-21T12:16:52","date_gmt":"2025-02-21T12:16:52","guid":{"rendered":"https:\/\/blogsaverroes.juntadeandalucia.es\/tomasapinilla\/?p=10464"},"modified":"2025-03-08T07:44:40","modified_gmt":"2025-03-08T07:44:40","slug":"aula-matinal-admisiones","status":"publish","type":"post","link":"https:\/\/blogsaverroes.juntadeandalucia.es\/tomasapinilla\/aula-matinal-admisiones\/","title":{"rendered":"AULA MATINAL Y ADMISIONES CURSO 25\/26"},"content":{"rendered":"<div class=\"\" data-block=\"true\" data-editor=\"6drsn\" data-offset-key=\"afqqi-0-0\">\n<div data-offset-key=\"afqqi-0-0\"><strong>AULA MATINAL BONIFICADA<\/strong><\/div>\n<div data-offset-key=\"afqqi-0-0\">&nbsp;<\/div>\n<div class=\"_1mf _1mj\" data-offset-key=\"afqqi-0-0\"><span data-offset-key=\"afqqi-0-0\">El pr\u00f3ximo curso escolar 2025\/26 contaremos con el <strong>servicio de Aula Matinal bonificada por la Junta de Andaluc\u00eda<\/strong>. <\/span>Las solicitudes se realizar\u00e1n m\u00e1s adelante durante el periodo de <strong>matriculaci\u00f3n<\/strong> <strong>junto con nuestros servicios del Plan de Familia<\/strong> (Actividades Extraescolares, Comedor y Aula matinal).<\/div>\n<\/div>\n<div data-offset-key=\"4b02o-0-0\">&nbsp;<\/div>\n<div data-offset-key=\"4b02o-0-0\">&nbsp;<\/div>\n<div data-offset-key=\"4b02o-0-0\">&nbsp;<\/div>\n<div class=\"_1mf _1mj\" data-offset-key=\"4b02o-0-0\"><span data-offset-key=\"4b02o-0-0\"><strong>ESCOLARIZACI\u00d3N Y PERIODO DE ADMISI\u00d3N&nbsp;<\/strong><\/span><\/div>\n<div data-offset-key=\"4b02o-0-0\">&nbsp;<\/div>\n<div data-offset-key=\"4b02o-0-0\">&nbsp;<\/div>\n<div class=\"\" data-block=\"true\" data-editor=\"6drsn\" data-offset-key=\"bdd9a-0-0\">\n<div class=\"_1mf _1mj\" data-offset-key=\"bdd9a-0-0\"><span data-offset-key=\"bdd9a-0-0\">Se inicia el PERIODO DE ADMISI\u00d3N para el<strong> alumnado de 3 a\u00f1os y nueva incorporaci\u00f3n. <\/strong><\/span><\/div>\n<\/div>\n<div class=\"\" data-block=\"true\" data-editor=\"6drsn\" data-offset-key=\"f5nv7-0-0\">\n<div class=\"_1mf _1mj\" data-offset-key=\"f5nv7-0-0\"><span data-offset-key=\"f5nv7-0-0\">&nbsp;<\/span><\/div>\n<\/div>\n<div class=\"\" data-block=\"true\" data-editor=\"6drsn\" data-offset-key=\"c2f23-0-0\">\n<div class=\"_1mf _1mj\" data-offset-key=\"c2f23-0-0\"><span data-offset-key=\"c2f23-0-0\">Plazo: <strong>del 01\/03\/2025 hasta 01\/04\/2025 (ambos inclusive).<\/strong><\/span><\/div>\n<\/div>\n<div class=\"\" data-block=\"true\" data-editor=\"6drsn\" data-offset-key=\"c2ie1-0-0\">\n<div class=\"_1mf _1mj\" data-offset-key=\"c2ie1-0-0\"><span data-offset-key=\"c2ie1-0-0\">&nbsp;<\/span><\/div>\n<\/div>\n<div class=\"\" data-block=\"true\" data-editor=\"6drsn\" data-offset-key=\"e2s21-0-0\">\n<div class=\"_1mf _1mj\" data-offset-key=\"e2s21-0-0\"><span data-offset-key=\"e2s21-0-0\">Entrega y recogida de solicitudes: <\/span><\/div>\n<\/div>\n<div class=\"\" data-block=\"true\" data-editor=\"6drsn\" data-offset-key=\"9p9g6-0-0\">\n<div class=\"_1mf _1mj\" data-offset-key=\"9p9g6-0-0\"><strong>&#8211; En la secretar\u00eda del CEIP Tomasa Pinilla todos los d\u00edas de 13:00 a 13:30h.<\/strong><\/div>\n<\/div>\n<div class=\"\" data-block=\"true\" data-editor=\"6drsn\" data-offset-key=\"arib7-0-0\">\n<div class=\"_1mf _1mj\" data-offset-key=\"arib7-0-0\"><span data-offset-key=\"arib7-0-0\">&#8211; Solicitud telem\u00e1tica a trav\u00e9s de la Secretar\u00eda Virtual de la Junta de Andaluc\u00eda:<a href=\"https:\/\/www.juntadeandalucia.es\/educacion\/secretariavirtual\/\"> https:\/\/www.juntadeandalucia.es\/educacion\/secretariavirtual\/<\/a><\/span><\/div>\n<\/div>\n<div class=\"\" data-block=\"true\" data-editor=\"6drsn\" data-offset-key=\"1vab8-0-0\">\n<div class=\"_1mf _1mj\" data-offset-key=\"1vab8-0-0\"><span data-offset-key=\"1vab8-0-0\">&nbsp;<\/span><\/div>\n<\/div>\n<div class=\"\" data-block=\"true\" data-editor=\"6drsn\" data-offset-key=\"4qs2-0-0\">\n<div class=\"_1mf _1mj\" data-offset-key=\"4qs2-0-0\"><span data-offset-key=\"4qs2-0-0\">Consulta de informaci\u00f3n en el tabl\u00f3n del centro, en nuestro blog y en el Portal de Escolarizaci\u00f3n de la Web de la Consejer\u00eda de Desarrollo Educativo y Formaci\u00f3n profesional.<\/span><\/div>\n<\/div>\n<div class=\"\" data-block=\"true\" data-editor=\"6drsn\" data-offset-key=\"9kutd-0-0\">&nbsp;<\/div>\n","protected":false},"excerpt":{"rendered":"<p>AULA MATINAL BONIFICADA &nbsp; El pr\u00f3ximo curso escolar 2025\/26 contaremos con el servicio de Aula Matinal bonificada por la Junta de Andaluc\u00eda. Las solicitudes se realizar\u00e1n m\u00e1s adelante durante el&#46;&#46;&#46;<\/p>\n","protected":false},"author":20221,"featured_media":10467,"comment_status":"closed","ping_status":"open","sticky":false,"template":"","format":"standard","meta":{"_exactmetrics_skip_tracking":false,"_exactmetrics_sitenote_active":false,"_exactmetrics_sitenote_note":"","_exactmetrics_sitenote_category":0,"ngg_post_thumbnail":0,"footnotes":""},"categories":[19],"tags":[],"aioseo_notices":[],"post_mailing_queue_ids":[],"_links":{"self":[{"href":"https:\/\/blogsaverroes.juntadeandalucia.es\/tomasapinilla\/wp-json\/wp\/v2\/posts\/10464"}],"collection":[{"href":"https:\/\/blogsaverroes.juntadeandalucia.es\/tomasapinilla\/wp-json\/wp\/v2\/posts"}],"about":[{"href":"https:\/\/blogsaverroes.juntadeandalucia.es\/tomasapinilla\/wp-json\/wp\/v2\/types\/post"}],"author":[{"embeddable":true,"href":"https:\/\/blogsaverroes.juntadeandalucia.es\/tomasapinilla\/wp-json\/wp\/v2\/users\/20221"}],"replies":[{"embeddable":true,"href":"https:\/\/blogsaverroes.juntadeandalucia.es\/tomasapinilla\/wp-json\/wp\/v2\/comments?post=10464"}],"version-history":[{"count":3,"href":"https:\/\/blogsaverroes.juntadeandalucia.es\/tomasapinilla\/wp-json\/wp\/v2\/posts\/10464\/revisions"}],"predecessor-version":[{"id":10588,"href":"https:\/\/blogsaverroes.juntadeandalucia.es\/tomasapinilla\/wp-json\/wp\/v2\/posts\/10464\/revisions\/10588"}],"wp:featuredmedia":[{"embeddable":true,"href":"https:\/\/blogsaverroes.juntadeandalucia.es\/tomasapinilla\/wp-json\/wp\/v2\/media\/10467"}],"wp:attachment":[{"href":"https:\/\/blogsaverroes.juntadeandalucia.es\/tomasapinilla\/wp-json\/wp\/v2\/media?parent=10464"}],"wp:term":[{"taxonomy":"category","embeddable":true,"href":"https:\/\/blogsaverroes.juntadeandalucia.es\/tomasapinilla\/wp-json\/wp\/v2\/categories?post=10464"},{"taxonomy":"post_tag","embeddable":true,"href":"https:\/\/blogsaverroes.juntadeandalucia.es\/tomasapinilla\/wp-json\/wp\/v2\/tags?post=10464"}],"curies":[{"name":"wp","href":"https:\/\/api.w.org\/{rel}","templated":true}]}}