{"id":12172,"date":"2025-11-17T12:42:44","date_gmt":"2025-11-17T12:42:44","guid":{"rendered":"https:\/\/blogsaverroes.juntadeandalucia.es\/tomasapinilla\/?p=12172"},"modified":"2025-11-17T12:43:02","modified_gmt":"2025-11-17T12:43:02","slug":"12172-2","status":"publish","type":"post","link":"https:\/\/blogsaverroes.juntadeandalucia.es\/tomasapinilla\/12172-2\/","title":{"rendered":"GUIA PARA LAS FAMILIAS SOBRE VIOLENCIA SEXUAL"},"content":{"rendered":"<p>La enfermera de referencia del CEIP Tomasa Pinilla, facilita una <strong>Gu\u00eda para las familias sobre violencia sexual contra los ni\u00f1os, ni\u00f1as y adolescentes.<\/strong><\/p>\n<p><a href=\"https:\/\/blogsaverroes.juntadeandalucia.es\/tomasapinilla\/files\/2025\/11\/Captura-de-pantalla-35.png\"><img loading=\"lazy\" decoding=\"async\" class=\"size-medium wp-image-12175 aligncenter\" src=\"https:\/\/blogsaverroes.juntadeandalucia.es\/tomasapinilla\/files\/2025\/11\/Captura-de-pantalla-35-267x300.png\" alt=\"\" width=\"267\" height=\"300\" srcset=\"https:\/\/blogsaverroes.juntadeandalucia.es\/tomasapinilla\/files\/2025\/11\/Captura-de-pantalla-35-267x300.png 267w, https:\/\/blogsaverroes.juntadeandalucia.es\/tomasapinilla\/files\/2025\/11\/Captura-de-pantalla-35.png 685w\" sizes=\"(max-width: 267px) 100vw, 267px\" \/><\/a><\/p>\n<blockquote><p><em>La Fundaci\u00f3n M\u00e1rgenes y V\u00ednculos es una organizaci\u00f3n social sin <\/em><em>\u00e1nimo de lucro que trabaja en la protecci\u00f3n de los derechos de <\/em><em>los ni\u00f1os, ni\u00f1as y adolescentes, especialmente de quienes viven <\/em><em>situaciones de abandono o maltrato, para que puedan ejercer su <\/em><em>derecho a crecer en un entorno que les proporcione seguridad y <\/em><em>afecto.<\/em><\/p>\n<p><em>Esta entidad tiene una experiencia de m\u00e1s de 20 a\u00f1os de trabajo <\/em><em>con una importante implantaci\u00f3n a nivel nacional. <\/em><\/p>\n<p><em>La presente gu\u00eda es fruto del trabajo las\/os profesionales del <\/em><em>programa de Educaci\u00f3n afectivo sexual y prevenci\u00f3n de la <\/em><em>violencia sexual con ni\u00f1os, ni\u00f1as y adolescentes, subvencionado <\/em><em>por el Gobierno de Canarias. Este programa tiene por objetivos la <\/em><em>prevenci\u00f3n de la violencia sexual y la promoci\u00f3n de las relaciones <\/em><em>igualitarias entre chicas y chicos, as\u00ed como el asesoramiento <\/em><em>te\u00f3rico pr\u00e1ctico de las familias y de los profesionales que trabajan <\/em><em>de manera directa e indirecta con los ni\u00f1os, ni\u00f1as y adolescentes.<\/em><\/p><\/blockquote>\n<p><a href=\"https:\/\/blogsaverroes.juntadeandalucia.es\/tomasapinilla\/files\/2025\/11\/GUIA-LA-VIOLENCIA-SEXUAL-CONTRA-NIN@S-Y-ADOLESCENTES.pdf\">GUIA LA VIOLENCIA SEXUAL CONTRA NI\u00d1@S Y ADOLESCENTES<\/a><\/p>\n<p><a href=\"https:\/\/blogsaverroes.juntadeandalucia.es\/tomasapinilla\/files\/2025\/11\/unnamed.png\"><img loading=\"lazy\" decoding=\"async\" class=\"alignnone wp-image-12173 size-full\" src=\"https:\/\/blogsaverroes.juntadeandalucia.es\/tomasapinilla\/files\/2025\/11\/unnamed.png\" alt=\"\" width=\"529\" height=\"77\" srcset=\"https:\/\/blogsaverroes.juntadeandalucia.es\/tomasapinilla\/files\/2025\/11\/unnamed.png 529w, https:\/\/blogsaverroes.juntadeandalucia.es\/tomasapinilla\/files\/2025\/11\/unnamed-300x44.png 300w, https:\/\/blogsaverroes.juntadeandalucia.es\/tomasapinilla\/files\/2025\/11\/unnamed-520x77.png 520w\" sizes=\"(max-width: 529px) 100vw, 529px\" \/><\/a><\/p>\n","protected":false},"excerpt":{"rendered":"<p>La enfermera de referencia del CEIP Tomasa Pinilla, facilita una Gu\u00eda para las familias sobre violencia sexual contra los ni\u00f1os, ni\u00f1as y adolescentes. La Fundaci\u00f3n M\u00e1rgenes y V\u00ednculos es una&#46;&#46;&#46;<\/p>\n","protected":false},"author":20221,"featured_media":12175,"comment_status":"closed","ping_status":"open","sticky":false,"template":"","format":"standard","meta":{"_exactmetrics_skip_tracking":false,"_exactmetrics_sitenote_active":false,"_exactmetrics_sitenote_note":"","_exactmetrics_sitenote_category":0,"ngg_post_thumbnail":0,"footnotes":""},"categories":[19],"tags":[],"aioseo_notices":[],"post_mailing_queue_ids":[],"_links":{"self":[{"href":"https:\/\/blogsaverroes.juntadeandalucia.es\/tomasapinilla\/wp-json\/wp\/v2\/posts\/12172"}],"collection":[{"href":"https:\/\/blogsaverroes.juntadeandalucia.es\/tomasapinilla\/wp-json\/wp\/v2\/posts"}],"about":[{"href":"https:\/\/blogsaverroes.juntadeandalucia.es\/tomasapinilla\/wp-json\/wp\/v2\/types\/post"}],"author":[{"embeddable":true,"href":"https:\/\/blogsaverroes.juntadeandalucia.es\/tomasapinilla\/wp-json\/wp\/v2\/users\/20221"}],"replies":[{"embeddable":true,"href":"https:\/\/blogsaverroes.juntadeandalucia.es\/tomasapinilla\/wp-json\/wp\/v2\/comments?post=12172"}],"version-history":[{"count":2,"href":"https:\/\/blogsaverroes.juntadeandalucia.es\/tomasapinilla\/wp-json\/wp\/v2\/posts\/12172\/revisions"}],"predecessor-version":[{"id":12177,"href":"https:\/\/blogsaverroes.juntadeandalucia.es\/tomasapinilla\/wp-json\/wp\/v2\/posts\/12172\/revisions\/12177"}],"wp:featuredmedia":[{"embeddable":true,"href":"https:\/\/blogsaverroes.juntadeandalucia.es\/tomasapinilla\/wp-json\/wp\/v2\/media\/12175"}],"wp:attachment":[{"href":"https:\/\/blogsaverroes.juntadeandalucia.es\/tomasapinilla\/wp-json\/wp\/v2\/media?parent=12172"}],"wp:term":[{"taxonomy":"category","embeddable":true,"href":"https:\/\/blogsaverroes.juntadeandalucia.es\/tomasapinilla\/wp-json\/wp\/v2\/categories?post=12172"},{"taxonomy":"post_tag","embeddable":true,"href":"https:\/\/blogsaverroes.juntadeandalucia.es\/tomasapinilla\/wp-json\/wp\/v2\/tags?post=12172"}],"curies":[{"name":"wp","href":"https:\/\/api.w.org\/{rel}","templated":true}]}}