{"id":12334,"date":"2025-12-17T12:28:53","date_gmt":"2025-12-17T12:28:53","guid":{"rendered":"https:\/\/blogsaverroes.juntadeandalucia.es\/tomasapinilla\/?p=12334"},"modified":"2025-12-17T12:43:49","modified_gmt":"2025-12-17T12:43:49","slug":"navidad-2025","status":"publish","type":"post","link":"https:\/\/blogsaverroes.juntadeandalucia.es\/tomasapinilla\/navidad-2025\/","title":{"rendered":"NAVIDAD 2025"},"content":{"rendered":"<p>En el CEIP Tomasa Pinilla celebramos un <strong>fin de trimestre<\/strong> con actividades navide\u00f1as planeadas con mucho cari\u00f1o e ilusi\u00f3n para hacer disfrutar a nuestros peques y sus familias. <strong>Compartimos una recopilaci\u00f3n de estas actividades.<\/strong><\/p>\n<blockquote><p><em>Gracias al AMPA Azul y Blanca, al Ayuntamiento de Guadalcac\u00edn y al IES La Campi\u00f1a por su colaboraci\u00f3n y organizaci\u00f3n.&nbsp;<\/em><\/p><\/blockquote>\n<p><a href=\"https:\/\/blogsaverroes.juntadeandalucia.es\/tomasapinilla\/files\/2025\/11\/CARTEL-Navidad-2025.jpg\"><img loading=\"lazy\" decoding=\"async\" class=\"alignnone wp-image-12232 size-large\" src=\"https:\/\/blogsaverroes.juntadeandalucia.es\/tomasapinilla\/files\/2025\/11\/CARTEL-Navidad-2025-1024x724.jpg\" alt=\"\" width=\"1024\" height=\"724\" srcset=\"https:\/\/blogsaverroes.juntadeandalucia.es\/tomasapinilla\/files\/2025\/11\/CARTEL-Navidad-2025-1024x724.jpg 1024w, https:\/\/blogsaverroes.juntadeandalucia.es\/tomasapinilla\/files\/2025\/11\/CARTEL-Navidad-2025-300x212.jpg 300w, https:\/\/blogsaverroes.juntadeandalucia.es\/tomasapinilla\/files\/2025\/11\/CARTEL-Navidad-2025-768x543.jpg 768w, https:\/\/blogsaverroes.juntadeandalucia.es\/tomasapinilla\/files\/2025\/11\/CARTEL-Navidad-2025-1536x1086.jpg 1536w, https:\/\/blogsaverroes.juntadeandalucia.es\/tomasapinilla\/files\/2025\/11\/CARTEL-Navidad-2025.jpg 1600w\" sizes=\"(max-width: 1024px) 100vw, 1024px\" \/><\/a><\/p>\n<p>BEL\u00c9N VIVIENTE DEL CENTRO DE MAYORES DE GUADALCAC\u00cdN<\/p>\nngg_shortcode_0_placeholder<div style=\"width: 848px;\" class=\"wp-video\"><!--[if lt IE 9]><script>document.createElement('video');<\/script><![endif]-->\n<video class=\"wp-video-shortcode\" id=\"video-12334-1\" width=\"848\" height=\"478\" preload=\"metadata\" controls=\"controls\"><source type=\"video\/mp4\" src=\"https:\/\/blogsaverroes.juntadeandalucia.es\/tomasapinilla\/files\/2025\/12\/VIDEO-2025-12-14-20-54-53.mp4?_=1\" \/><a href=\"https:\/\/blogsaverroes.juntadeandalucia.es\/tomasapinilla\/files\/2025\/12\/VIDEO-2025-12-14-20-54-53.mp4\">https:\/\/blogsaverroes.juntadeandalucia.es\/tomasapinilla\/files\/2025\/12\/VIDEO-2025-12-14-20-54-53.mp4<\/a><\/video><\/div>\n<p>&nbsp;<\/p>\n<p>PAJE REAL DE LA HERMANDAD DE GUADALCAC\u00cdN<\/p>\nngg_shortcode_1_placeholder\n<p>ESPECT\u00c1CULO DE MAGIA EN EL TEATRO<\/p>\n<p><a href=\"https:\/\/blogsaverroes.juntadeandalucia.es\/tomasapinilla\/files\/2025\/12\/PHOTO-2025-12-14-20-54-51.jpg\"><img loading=\"lazy\" decoding=\"async\" class=\"alignnone size-medium wp-image-12382\" src=\"https:\/\/blogsaverroes.juntadeandalucia.es\/tomasapinilla\/files\/2025\/12\/PHOTO-2025-12-14-20-54-51-300x169.jpg\" alt=\"\" width=\"300\" height=\"169\" srcset=\"https:\/\/blogsaverroes.juntadeandalucia.es\/tomasapinilla\/files\/2025\/12\/PHOTO-2025-12-14-20-54-51-300x169.jpg 300w, https:\/\/blogsaverroes.juntadeandalucia.es\/tomasapinilla\/files\/2025\/12\/PHOTO-2025-12-14-20-54-51-1024x576.jpg 1024w, https:\/\/blogsaverroes.juntadeandalucia.es\/tomasapinilla\/files\/2025\/12\/PHOTO-2025-12-14-20-54-51-768x432.jpg 768w, https:\/\/blogsaverroes.juntadeandalucia.es\/tomasapinilla\/files\/2025\/12\/PHOTO-2025-12-14-20-54-51-1536x864.jpg 1536w, https:\/\/blogsaverroes.juntadeandalucia.es\/tomasapinilla\/files\/2025\/12\/PHOTO-2025-12-14-20-54-51.jpg 1600w\" sizes=\"(max-width: 300px) 100vw, 300px\" \/><\/a> <a href=\"https:\/\/blogsaverroes.juntadeandalucia.es\/tomasapinilla\/files\/2025\/12\/PHOTO-2025-12-14-20-54-52-3.jpg\"><img loading=\"lazy\" decoding=\"async\" class=\"alignnone size-medium wp-image-12383\" src=\"https:\/\/blogsaverroes.juntadeandalucia.es\/tomasapinilla\/files\/2025\/12\/PHOTO-2025-12-14-20-54-52-3-300x169.jpg\" alt=\"\" width=\"300\" height=\"169\" srcset=\"https:\/\/blogsaverroes.juntadeandalucia.es\/tomasapinilla\/files\/2025\/12\/PHOTO-2025-12-14-20-54-52-3-300x169.jpg 300w, https:\/\/blogsaverroes.juntadeandalucia.es\/tomasapinilla\/files\/2025\/12\/PHOTO-2025-12-14-20-54-52-3-1024x576.jpg 1024w, https:\/\/blogsaverroes.juntadeandalucia.es\/tomasapinilla\/files\/2025\/12\/PHOTO-2025-12-14-20-54-52-3-768x432.jpg 768w, https:\/\/blogsaverroes.juntadeandalucia.es\/tomasapinilla\/files\/2025\/12\/PHOTO-2025-12-14-20-54-52-3-1536x864.jpg 1536w, https:\/\/blogsaverroes.juntadeandalucia.es\/tomasapinilla\/files\/2025\/12\/PHOTO-2025-12-14-20-54-52-3.jpg 1600w\" sizes=\"(max-width: 300px) 100vw, 300px\" \/><\/a> <a href=\"https:\/\/blogsaverroes.juntadeandalucia.es\/tomasapinilla\/files\/2025\/12\/PHOTO-2025-12-14-20-54-52-4.jpg\"><img loading=\"lazy\" decoding=\"async\" class=\"alignnone size-medium wp-image-12384\" src=\"https:\/\/blogsaverroes.juntadeandalucia.es\/tomasapinilla\/files\/2025\/12\/PHOTO-2025-12-14-20-54-52-4-300x169.jpg\" alt=\"\" width=\"300\" height=\"169\" srcset=\"https:\/\/blogsaverroes.juntadeandalucia.es\/tomasapinilla\/files\/2025\/12\/PHOTO-2025-12-14-20-54-52-4-300x169.jpg 300w, https:\/\/blogsaverroes.juntadeandalucia.es\/tomasapinilla\/files\/2025\/12\/PHOTO-2025-12-14-20-54-52-4-1024x576.jpg 1024w, https:\/\/blogsaverroes.juntadeandalucia.es\/tomasapinilla\/files\/2025\/12\/PHOTO-2025-12-14-20-54-52-4-768x432.jpg 768w, https:\/\/blogsaverroes.juntadeandalucia.es\/tomasapinilla\/files\/2025\/12\/PHOTO-2025-12-14-20-54-52-4-1536x864.jpg 1536w, https:\/\/blogsaverroes.juntadeandalucia.es\/tomasapinilla\/files\/2025\/12\/PHOTO-2025-12-14-20-54-52-4.jpg 1600w\" sizes=\"(max-width: 300px) 100vw, 300px\" \/><\/a> <a href=\"https:\/\/blogsaverroes.juntadeandalucia.es\/tomasapinilla\/files\/2025\/12\/PHOTO-2025-12-14-20-54-52.jpg\"><img loading=\"lazy\" decoding=\"async\" class=\"alignnone size-medium wp-image-12385\" src=\"https:\/\/blogsaverroes.juntadeandalucia.es\/tomasapinilla\/files\/2025\/12\/PHOTO-2025-12-14-20-54-52-300x169.jpg\" alt=\"\" width=\"300\" height=\"169\" srcset=\"https:\/\/blogsaverroes.juntadeandalucia.es\/tomasapinilla\/files\/2025\/12\/PHOTO-2025-12-14-20-54-52-300x169.jpg 300w, https:\/\/blogsaverroes.juntadeandalucia.es\/tomasapinilla\/files\/2025\/12\/PHOTO-2025-12-14-20-54-52-1024x576.jpg 1024w, https:\/\/blogsaverroes.juntadeandalucia.es\/tomasapinilla\/files\/2025\/12\/PHOTO-2025-12-14-20-54-52-768x432.jpg 768w, https:\/\/blogsaverroes.juntadeandalucia.es\/tomasapinilla\/files\/2025\/12\/PHOTO-2025-12-14-20-54-52-1536x864.jpg 1536w, https:\/\/blogsaverroes.juntadeandalucia.es\/tomasapinilla\/files\/2025\/12\/PHOTO-2025-12-14-20-54-52.jpg 1600w\" sizes=\"(max-width: 300px) 100vw, 300px\" \/><\/a><\/p>\n<div style=\"width: 848px;\" class=\"wp-video\"><video class=\"wp-video-shortcode\" id=\"video-12334-2\" width=\"848\" height=\"478\" preload=\"metadata\" controls=\"controls\"><source type=\"video\/mp4\" src=\"https:\/\/blogsaverroes.juntadeandalucia.es\/tomasapinilla\/files\/2025\/12\/VIDEO-2025-12-14-20-54-51.mp4?_=2\" \/><a href=\"https:\/\/blogsaverroes.juntadeandalucia.es\/tomasapinilla\/files\/2025\/12\/VIDEO-2025-12-14-20-54-51.mp4\">https:\/\/blogsaverroes.juntadeandalucia.es\/tomasapinilla\/files\/2025\/12\/VIDEO-2025-12-14-20-54-51.mp4<\/a><\/video><\/div>\n<p>&nbsp;<\/p>\n<p>DESAYUNO CHURROS CON CHOCOLATE<\/p>\n<p><a href=\"https:\/\/blogsaverroes.juntadeandalucia.es\/tomasapinilla\/files\/2025\/12\/PHOTO-2025-12-16-15-19-25-2.jpg\"><img loading=\"lazy\" decoding=\"async\" class=\"alignnone size-medium wp-image-12404\" src=\"https:\/\/blogsaverroes.juntadeandalucia.es\/tomasapinilla\/files\/2025\/12\/PHOTO-2025-12-16-15-19-25-2-300x225.jpg\" alt=\"\" width=\"300\" height=\"225\" srcset=\"https:\/\/blogsaverroes.juntadeandalucia.es\/tomasapinilla\/files\/2025\/12\/PHOTO-2025-12-16-15-19-25-2-300x225.jpg 300w, https:\/\/blogsaverroes.juntadeandalucia.es\/tomasapinilla\/files\/2025\/12\/PHOTO-2025-12-16-15-19-25-2-1024x768.jpg 1024w, https:\/\/blogsaverroes.juntadeandalucia.es\/tomasapinilla\/files\/2025\/12\/PHOTO-2025-12-16-15-19-25-2-768x576.jpg 768w, https:\/\/blogsaverroes.juntadeandalucia.es\/tomasapinilla\/files\/2025\/12\/PHOTO-2025-12-16-15-19-25-2-1536x1152.jpg 1536w, https:\/\/blogsaverroes.juntadeandalucia.es\/tomasapinilla\/files\/2025\/12\/PHOTO-2025-12-16-15-19-25-2.jpg 1600w\" sizes=\"(max-width: 300px) 100vw, 300px\" \/><\/a>&nbsp;<\/p>\n<p><a href=\"https:\/\/blogsaverroes.juntadeandalucia.es\/tomasapinilla\/files\/2025\/12\/PHOTO-2025-12-17-13-21-56.jpg\"><img loading=\"lazy\" decoding=\"async\" class=\"alignnone size-medium wp-image-12391\" src=\"https:\/\/blogsaverroes.juntadeandalucia.es\/tomasapinilla\/files\/2025\/12\/PHOTO-2025-12-17-13-21-56-300x225.jpg\" alt=\"\" width=\"300\" height=\"225\" srcset=\"https:\/\/blogsaverroes.juntadeandalucia.es\/tomasapinilla\/files\/2025\/12\/PHOTO-2025-12-17-13-21-56-300x225.jpg 300w, https:\/\/blogsaverroes.juntadeandalucia.es\/tomasapinilla\/files\/2025\/12\/PHOTO-2025-12-17-13-21-56-1024x768.jpg 1024w, https:\/\/blogsaverroes.juntadeandalucia.es\/tomasapinilla\/files\/2025\/12\/PHOTO-2025-12-17-13-21-56-768x576.jpg 768w, https:\/\/blogsaverroes.juntadeandalucia.es\/tomasapinilla\/files\/2025\/12\/PHOTO-2025-12-17-13-21-56-1536x1152.jpg 1536w, https:\/\/blogsaverroes.juntadeandalucia.es\/tomasapinilla\/files\/2025\/12\/PHOTO-2025-12-17-13-21-56.jpg 1600w\" sizes=\"(max-width: 300px) 100vw, 300px\" \/><\/a><a href=\"https:\/\/blogsaverroes.juntadeandalucia.es\/tomasapinilla\/files\/2025\/12\/PHOTO-2025-12-17-11-56-08.jpg\"><img loading=\"lazy\" decoding=\"async\" class=\"alignnone size-medium wp-image-12388\" src=\"https:\/\/blogsaverroes.juntadeandalucia.es\/tomasapinilla\/files\/2025\/12\/PHOTO-2025-12-17-11-56-08-300x169.jpg\" alt=\"\" width=\"300\" height=\"169\" srcset=\"https:\/\/blogsaverroes.juntadeandalucia.es\/tomasapinilla\/files\/2025\/12\/PHOTO-2025-12-17-11-56-08-300x169.jpg 300w, https:\/\/blogsaverroes.juntadeandalucia.es\/tomasapinilla\/files\/2025\/12\/PHOTO-2025-12-17-11-56-08-1024x576.jpg 1024w, https:\/\/blogsaverroes.juntadeandalucia.es\/tomasapinilla\/files\/2025\/12\/PHOTO-2025-12-17-11-56-08-768x432.jpg 768w, https:\/\/blogsaverroes.juntadeandalucia.es\/tomasapinilla\/files\/2025\/12\/PHOTO-2025-12-17-11-56-08-1536x864.jpg 1536w, https:\/\/blogsaverroes.juntadeandalucia.es\/tomasapinilla\/files\/2025\/12\/PHOTO-2025-12-17-11-56-08.jpg 1600w\" sizes=\"(max-width: 300px) 100vw, 300px\" \/><\/a> <a href=\"https:\/\/blogsaverroes.juntadeandalucia.es\/tomasapinilla\/files\/2025\/12\/PHOTO-2025-12-17-11-56-09-2.jpg\"><img loading=\"lazy\" decoding=\"async\" class=\"alignnone size-medium wp-image-12389\" src=\"https:\/\/blogsaverroes.juntadeandalucia.es\/tomasapinilla\/files\/2025\/12\/PHOTO-2025-12-17-11-56-09-2-300x169.jpg\" alt=\"\" width=\"300\" height=\"169\" srcset=\"https:\/\/blogsaverroes.juntadeandalucia.es\/tomasapinilla\/files\/2025\/12\/PHOTO-2025-12-17-11-56-09-2-300x169.jpg 300w, https:\/\/blogsaverroes.juntadeandalucia.es\/tomasapinilla\/files\/2025\/12\/PHOTO-2025-12-17-11-56-09-2-1024x576.jpg 1024w, https:\/\/blogsaverroes.juntadeandalucia.es\/tomasapinilla\/files\/2025\/12\/PHOTO-2025-12-17-11-56-09-2-768x432.jpg 768w, https:\/\/blogsaverroes.juntadeandalucia.es\/tomasapinilla\/files\/2025\/12\/PHOTO-2025-12-17-11-56-09-2-1536x864.jpg 1536w, https:\/\/blogsaverroes.juntadeandalucia.es\/tomasapinilla\/files\/2025\/12\/PHOTO-2025-12-17-11-56-09-2.jpg 1600w\" sizes=\"(max-width: 300px) 100vw, 300px\" \/><\/a> <a href=\"https:\/\/blogsaverroes.juntadeandalucia.es\/tomasapinilla\/files\/2025\/12\/PHOTO-2025-12-17-11-56-09-4.jpg\"><img loading=\"lazy\" decoding=\"async\" class=\"alignnone size-medium wp-image-12390\" src=\"https:\/\/blogsaverroes.juntadeandalucia.es\/tomasapinilla\/files\/2025\/12\/PHOTO-2025-12-17-11-56-09-4-300x169.jpg\" alt=\"\" width=\"300\" height=\"169\" srcset=\"https:\/\/blogsaverroes.juntadeandalucia.es\/tomasapinilla\/files\/2025\/12\/PHOTO-2025-12-17-11-56-09-4-300x169.jpg 300w, https:\/\/blogsaverroes.juntadeandalucia.es\/tomasapinilla\/files\/2025\/12\/PHOTO-2025-12-17-11-56-09-4-1024x576.jpg 1024w, https:\/\/blogsaverroes.juntadeandalucia.es\/tomasapinilla\/files\/2025\/12\/PHOTO-2025-12-17-11-56-09-4-768x432.jpg 768w, https:\/\/blogsaverroes.juntadeandalucia.es\/tomasapinilla\/files\/2025\/12\/PHOTO-2025-12-17-11-56-09-4-1536x864.jpg 1536w, https:\/\/blogsaverroes.juntadeandalucia.es\/tomasapinilla\/files\/2025\/12\/PHOTO-2025-12-17-11-56-09-4.jpg 1600w\" sizes=\"(max-width: 300px) 100vw, 300px\" \/><\/a><\/p>\n<p>&nbsp;<\/p>\n<p>VISITA DEL PAJE REAL DEL AMPA EN EL COLEGIO<\/p>\n<p><a href=\"https:\/\/blogsaverroes.juntadeandalucia.es\/tomasapinilla\/files\/2025\/12\/PHOTO-2025-12-16-15-19-25.jpg\"><img loading=\"lazy\" decoding=\"async\" class=\"alignnone size-medium wp-image-12405\" src=\"https:\/\/blogsaverroes.juntadeandalucia.es\/tomasapinilla\/files\/2025\/12\/PHOTO-2025-12-16-15-19-25-225x300.jpg\" alt=\"\" width=\"225\" height=\"300\" srcset=\"https:\/\/blogsaverroes.juntadeandalucia.es\/tomasapinilla\/files\/2025\/12\/PHOTO-2025-12-16-15-19-25-225x300.jpg 225w, https:\/\/blogsaverroes.juntadeandalucia.es\/tomasapinilla\/files\/2025\/12\/PHOTO-2025-12-16-15-19-25-768x1024.jpg 768w, https:\/\/blogsaverroes.juntadeandalucia.es\/tomasapinilla\/files\/2025\/12\/PHOTO-2025-12-16-15-19-25-1152x1536.jpg 1152w, https:\/\/blogsaverroes.juntadeandalucia.es\/tomasapinilla\/files\/2025\/12\/PHOTO-2025-12-16-15-19-25.jpg 1200w\" sizes=\"(max-width: 225px) 100vw, 225px\" \/><\/a><\/p>\nngg_shortcode_2_placeholder\n","protected":false},"excerpt":{"rendered":"<p>En el CEIP Tomasa Pinilla celebramos un fin de trimestre con actividades navide\u00f1as planeadas con mucho cari\u00f1o e ilusi\u00f3n para hacer disfrutar a nuestros peques y sus familias. Compartimos una&#46;&#46;&#46;<\/p>\n","protected":false},"author":20221,"featured_media":12350,"comment_status":"closed","ping_status":"open","sticky":false,"template":"","format":"standard","meta":{"_exactmetrics_skip_tracking":false,"_exactmetrics_sitenote_active":false,"_exactmetrics_sitenote_note":"","_exactmetrics_sitenote_category":0,"ngg_post_thumbnail":0,"footnotes":""},"categories":[1961557,1961561],"tags":[],"aioseo_notices":[],"post_mailing_queue_ids":[],"_links":{"self":[{"href":"https:\/\/blogsaverroes.juntadeandalucia.es\/tomasapinilla\/wp-json\/wp\/v2\/posts\/12334"}],"collection":[{"href":"https:\/\/blogsaverroes.juntadeandalucia.es\/tomasapinilla\/wp-json\/wp\/v2\/posts"}],"about":[{"href":"https:\/\/blogsaverroes.juntadeandalucia.es\/tomasapinilla\/wp-json\/wp\/v2\/types\/post"}],"author":[{"embeddable":true,"href":"https:\/\/blogsaverroes.juntadeandalucia.es\/tomasapinilla\/wp-json\/wp\/v2\/users\/20221"}],"replies":[{"embeddable":true,"href":"https:\/\/blogsaverroes.juntadeandalucia.es\/tomasapinilla\/wp-json\/wp\/v2\/comments?post=12334"}],"version-history":[{"count":3,"href":"https:\/\/blogsaverroes.juntadeandalucia.es\/tomasapinilla\/wp-json\/wp\/v2\/posts\/12334\/revisions"}],"predecessor-version":[{"id":12406,"href":"https:\/\/blogsaverroes.juntadeandalucia.es\/tomasapinilla\/wp-json\/wp\/v2\/posts\/12334\/revisions\/12406"}],"wp:featuredmedia":[{"embeddable":true,"href":"https:\/\/blogsaverroes.juntadeandalucia.es\/tomasapinilla\/wp-json\/wp\/v2\/media\/12350"}],"wp:attachment":[{"href":"https:\/\/blogsaverroes.juntadeandalucia.es\/tomasapinilla\/wp-json\/wp\/v2\/media?parent=12334"}],"wp:term":[{"taxonomy":"category","embeddable":true,"href":"https:\/\/blogsaverroes.juntadeandalucia.es\/tomasapinilla\/wp-json\/wp\/v2\/categories?post=12334"},{"taxonomy":"post_tag","embeddable":true,"href":"https:\/\/blogsaverroes.juntadeandalucia.es\/tomasapinilla\/wp-json\/wp\/v2\/tags?post=12334"}],"curies":[{"name":"wp","href":"https:\/\/api.w.org\/{rel}","templated":true}]}}