{"id":2905,"date":"2018-12-14T08:40:52","date_gmt":"2018-12-14T08:40:52","guid":{"rendered":"https:\/\/blogsaverroes.juntadeandalucia.es\/tomasapinilla\/?p=2905"},"modified":"2018-12-14T08:40:52","modified_gmt":"2018-12-14T08:40:52","slug":"recogida-de-alimentos-solidaria","status":"publish","type":"post","link":"https:\/\/blogsaverroes.juntadeandalucia.es\/tomasapinilla\/recogida-de-alimentos-solidaria\/","title":{"rendered":"RECOGIDA DE ALIMENTOS SOLIDARIA"},"content":{"rendered":"<p>Informaros que hemos realizado una <strong><u>CAMPA\u00d1A DE RECOGIDA DE ALIMENTOS<\/u><\/strong> para C\u00c1RITAS, organizada por las Hermandades de la Entrega y de la Piedad. Se ha contado con la participaci\u00f3n dos responsables de las hermandades anteriormente se\u00f1aladas y durante el recreo 3 m\u00fasicos han amenizado el mismo tocando m\u00fasica navide\u00f1a. Adem\u00e1s el alumnado de sexto de primaria ha conocido de primera mano como se realiza esta labor.<\/p>\n<p>\u00a1Felicitar a las familias y a los colaboradores ya que ha sido un rotundo \u00e9xito!<\/p>\n<p><a href=\"https:\/\/blogsaverroes.juntadeandalucia.es\/tomasapinilla\/files\/2018\/12\/3e57d2e8-78a0-45e6-b1b8-5ce3870eae3e.jpg\"><img loading=\"lazy\" decoding=\"async\" class=\"alignnone size-medium wp-image-2906\" src=\"https:\/\/blogsaverroes.juntadeandalucia.es\/tomasapinilla\/files\/2018\/12\/3e57d2e8-78a0-45e6-b1b8-5ce3870eae3e-300x225.jpg\" alt=\"\" width=\"300\" height=\"225\" srcset=\"https:\/\/blogsaverroes.juntadeandalucia.es\/tomasapinilla\/files\/2018\/12\/3e57d2e8-78a0-45e6-b1b8-5ce3870eae3e-300x225.jpg 300w, https:\/\/blogsaverroes.juntadeandalucia.es\/tomasapinilla\/files\/2018\/12\/3e57d2e8-78a0-45e6-b1b8-5ce3870eae3e-768x576.jpg 768w, https:\/\/blogsaverroes.juntadeandalucia.es\/tomasapinilla\/files\/2018\/12\/3e57d2e8-78a0-45e6-b1b8-5ce3870eae3e-1024x768.jpg 1024w, https:\/\/blogsaverroes.juntadeandalucia.es\/tomasapinilla\/files\/2018\/12\/3e57d2e8-78a0-45e6-b1b8-5ce3870eae3e-24x18.jpg 24w, https:\/\/blogsaverroes.juntadeandalucia.es\/tomasapinilla\/files\/2018\/12\/3e57d2e8-78a0-45e6-b1b8-5ce3870eae3e-36x27.jpg 36w, https:\/\/blogsaverroes.juntadeandalucia.es\/tomasapinilla\/files\/2018\/12\/3e57d2e8-78a0-45e6-b1b8-5ce3870eae3e-48x36.jpg 48w, https:\/\/blogsaverroes.juntadeandalucia.es\/tomasapinilla\/files\/2018\/12\/3e57d2e8-78a0-45e6-b1b8-5ce3870eae3e.jpg 1600w\" sizes=\"(max-width: 300px) 100vw, 300px\" \/><\/a> <a href=\"https:\/\/blogsaverroes.juntadeandalucia.es\/tomasapinilla\/files\/2018\/12\/70de5ecc-8256-4c20-a777-c90818cb3678.jpg\"><img loading=\"lazy\" decoding=\"async\" class=\"alignnone size-medium wp-image-2908\" src=\"https:\/\/blogsaverroes.juntadeandalucia.es\/tomasapinilla\/files\/2018\/12\/70de5ecc-8256-4c20-a777-c90818cb3678-225x300.jpg\" alt=\"\" width=\"225\" height=\"300\" srcset=\"https:\/\/blogsaverroes.juntadeandalucia.es\/tomasapinilla\/files\/2018\/12\/70de5ecc-8256-4c20-a777-c90818cb3678-225x300.jpg 225w, https:\/\/blogsaverroes.juntadeandalucia.es\/tomasapinilla\/files\/2018\/12\/70de5ecc-8256-4c20-a777-c90818cb3678-768x1024.jpg 768w, https:\/\/blogsaverroes.juntadeandalucia.es\/tomasapinilla\/files\/2018\/12\/70de5ecc-8256-4c20-a777-c90818cb3678-18x24.jpg 18w, https:\/\/blogsaverroes.juntadeandalucia.es\/tomasapinilla\/files\/2018\/12\/70de5ecc-8256-4c20-a777-c90818cb3678-27x36.jpg 27w, https:\/\/blogsaverroes.juntadeandalucia.es\/tomasapinilla\/files\/2018\/12\/70de5ecc-8256-4c20-a777-c90818cb3678-36x48.jpg 36w, https:\/\/blogsaverroes.juntadeandalucia.es\/tomasapinilla\/files\/2018\/12\/70de5ecc-8256-4c20-a777-c90818cb3678.jpg 1200w\" sizes=\"(max-width: 225px) 100vw, 225px\" \/><\/a><a href=\"https:\/\/blogsaverroes.juntadeandalucia.es\/tomasapinilla\/files\/2018\/12\/20181213_112024.jpg\"><img loading=\"lazy\" decoding=\"async\" class=\"alignnone size-medium wp-image-2909\" src=\"https:\/\/blogsaverroes.juntadeandalucia.es\/tomasapinilla\/files\/2018\/12\/20181213_112024-300x225.jpg\" alt=\"\" width=\"300\" height=\"225\" srcset=\"https:\/\/blogsaverroes.juntadeandalucia.es\/tomasapinilla\/files\/2018\/12\/20181213_112024-300x225.jpg 300w, https:\/\/blogsaverroes.juntadeandalucia.es\/tomasapinilla\/files\/2018\/12\/20181213_112024-768x576.jpg 768w, https:\/\/blogsaverroes.juntadeandalucia.es\/tomasapinilla\/files\/2018\/12\/20181213_112024-1024x768.jpg 1024w, https:\/\/blogsaverroes.juntadeandalucia.es\/tomasapinilla\/files\/2018\/12\/20181213_112024-24x18.jpg 24w, https:\/\/blogsaverroes.juntadeandalucia.es\/tomasapinilla\/files\/2018\/12\/20181213_112024-36x27.jpg 36w, https:\/\/blogsaverroes.juntadeandalucia.es\/tomasapinilla\/files\/2018\/12\/20181213_112024-48x36.jpg 48w, https:\/\/blogsaverroes.juntadeandalucia.es\/tomasapinilla\/files\/2018\/12\/20181213_112024.jpg 1600w\" sizes=\"(max-width: 300px) 100vw, 300px\" \/><\/a><\/p>\n<p>&nbsp;<\/p>\n","protected":false},"excerpt":{"rendered":"<p>Informaros que hemos realizado una CAMPA\u00d1A DE RECOGIDA DE ALIMENTOS para C\u00c1RITAS, organizada por las Hermandades de la Entrega y de la Piedad. Se ha contado con la participaci\u00f3n dos&#46;&#46;&#46;<\/p>\n","protected":false},"author":6145,"featured_media":2910,"comment_status":"open","ping_status":"open","sticky":false,"template":"","format":"standard","meta":{"_exactmetrics_skip_tracking":false,"_exactmetrics_sitenote_active":false,"_exactmetrics_sitenote_note":"","_exactmetrics_sitenote_category":0,"ngg_post_thumbnail":0,"footnotes":""},"categories":[19],"tags":[],"aioseo_notices":[],"post_mailing_queue_ids":[],"_links":{"self":[{"href":"https:\/\/blogsaverroes.juntadeandalucia.es\/tomasapinilla\/wp-json\/wp\/v2\/posts\/2905"}],"collection":[{"href":"https:\/\/blogsaverroes.juntadeandalucia.es\/tomasapinilla\/wp-json\/wp\/v2\/posts"}],"about":[{"href":"https:\/\/blogsaverroes.juntadeandalucia.es\/tomasapinilla\/wp-json\/wp\/v2\/types\/post"}],"author":[{"embeddable":true,"href":"https:\/\/blogsaverroes.juntadeandalucia.es\/tomasapinilla\/wp-json\/wp\/v2\/users\/6145"}],"replies":[{"embeddable":true,"href":"https:\/\/blogsaverroes.juntadeandalucia.es\/tomasapinilla\/wp-json\/wp\/v2\/comments?post=2905"}],"version-history":[{"count":1,"href":"https:\/\/blogsaverroes.juntadeandalucia.es\/tomasapinilla\/wp-json\/wp\/v2\/posts\/2905\/revisions"}],"predecessor-version":[{"id":2911,"href":"https:\/\/blogsaverroes.juntadeandalucia.es\/tomasapinilla\/wp-json\/wp\/v2\/posts\/2905\/revisions\/2911"}],"wp:featuredmedia":[{"embeddable":true,"href":"https:\/\/blogsaverroes.juntadeandalucia.es\/tomasapinilla\/wp-json\/wp\/v2\/media\/2910"}],"wp:attachment":[{"href":"https:\/\/blogsaverroes.juntadeandalucia.es\/tomasapinilla\/wp-json\/wp\/v2\/media?parent=2905"}],"wp:term":[{"taxonomy":"category","embeddable":true,"href":"https:\/\/blogsaverroes.juntadeandalucia.es\/tomasapinilla\/wp-json\/wp\/v2\/categories?post=2905"},{"taxonomy":"post_tag","embeddable":true,"href":"https:\/\/blogsaverroes.juntadeandalucia.es\/tomasapinilla\/wp-json\/wp\/v2\/tags?post=2905"}],"curies":[{"name":"wp","href":"https:\/\/api.w.org\/{rel}","templated":true}]}}